{"id":534,"date":"2015-10-02T20:56:58","date_gmt":"2015-10-02T18:56:58","guid":{"rendered":"https:\/\/mbsniezna.rzeszow.pl\/?p=534"},"modified":"2015-10-02T20:56:58","modified_gmt":"2015-10-02T18:56:58","slug":"dzien-papieski-w-rzeszowie","status":"publish","type":"post","link":"https:\/\/mbsniezna.rzeszow.pl\/index.php\/2015\/10\/02\/dzien-papieski-w-rzeszowie\/","title":{"rendered":"Dzie\u0144 Papieski w Rzeszowie"},"content":{"rendered":"<p><strong>V Dzie\u0144 Papieski -\u201d Jan Pawe\u0142 II \u2013 Patron Rodziny\u201d<\/strong><br \/>\n<strong>11 pa\u017adziernika 2015<\/strong><br \/>\n<strong>Park Papieski<\/strong><br \/>\n<strong>\u00a0<\/strong><\/p>\n<p>\u2022 15.00 \u2013 uroczysta Msza \u015awi\u0119ta w Katedrze z modlitw\u0105 o b\u0142ogos\u0142awie\u0144stwo w nowym roku akademickim z udzia\u0142em ch\u00f3ru Uniwersytetu Rzeszowskiego oraz ch\u00f3ru Politechniki Rzeszowskiej<br \/>\n\u2022 16.30 \u2013 uroczyste otwarcie i po\u015bwi\u0119cenie Parku Papieskiego \u2013 scena<br \/>\n\u2022 17.00 \u2013 wyst\u0119p ch\u00f3ru Katedralny wraz z udzia\u0142em aktor\u00f3w Teatru Maska<br \/>\n\u2022 List do Papie\u017ca Franciszka<br \/>\n\u2022 18.00 \u2013 koncert rodziny Pospieszalskich<br \/>\n\u2022 Apel Jasnog\u00f3rski<\/p>\n","protected":false},"excerpt":{"rendered":"<p>&#8230;<\/p>\n","protected":false},"author":1,"featured_media":535,"comment_status":"closed","ping_status":"open","sticky":false,"template":"","format":"standard","meta":{"ngg_post_thumbnail":0,"footnotes":""},"categories":[13],"tags":[],"class_list":["post-534","post","type-post","status-publish","format-standard","has-post-thumbnail","hentry","category-newsy"],"_links":{"self":[{"href":"https:\/\/mbsniezna.rzeszow.pl\/index.php\/wp-json\/wp\/v2\/posts\/534","targetHints":{"allow":["GET"]}}],"collection":[{"href":"https:\/\/mbsniezna.rzeszow.pl\/index.php\/wp-json\/wp\/v2\/posts"}],"about":[{"href":"https:\/\/mbsniezna.rzeszow.pl\/index.php\/wp-json\/wp\/v2\/types\/post"}],"author":[{"embeddable":true,"href":"https:\/\/mbsniezna.rzeszow.pl\/index.php\/wp-json\/wp\/v2\/users\/1"}],"replies":[{"embeddable":true,"href":"https:\/\/mbsniezna.rzeszow.pl\/index.php\/wp-json\/wp\/v2\/comments?post=534"}],"version-history":[{"count":1,"href":"https:\/\/mbsniezna.rzeszow.pl\/index.php\/wp-json\/wp\/v2\/posts\/534\/revisions"}],"predecessor-version":[{"id":536,"href":"https:\/\/mbsniezna.rzeszow.pl\/index.php\/wp-json\/wp\/v2\/posts\/534\/revisions\/536"}],"wp:featuredmedia":[{"embeddable":true,"href":"https:\/\/mbsniezna.rzeszow.pl\/index.php\/wp-json\/wp\/v2\/media\/535"}],"wp:attachment":[{"href":"https:\/\/mbsniezna.rzeszow.pl\/index.php\/wp-json\/wp\/v2\/media?parent=534"}],"wp:term":[{"taxonomy":"category","embeddable":true,"href":"https:\/\/mbsniezna.rzeszow.pl\/index.php\/wp-json\/wp\/v2\/categories?post=534"},{"taxonomy":"post_tag","embeddable":true,"href":"https:\/\/mbsniezna.rzeszow.pl\/index.php\/wp-json\/wp\/v2\/tags?post=534"}],"curies":[{"name":"wp","href":"https:\/\/api.w.org\/{rel}","templated":true}]}}