{"id":5346,"date":"2018-04-28T23:21:17","date_gmt":"2018-04-28T21:21:17","guid":{"rendered":"https:\/\/mbsniezna.rzeszow.pl\/?p=5346"},"modified":"2018-04-28T23:21:17","modified_gmt":"2018-04-28T21:21:17","slug":"intencje-mszalne-30-04-2018-07-05-2018-r","status":"publish","type":"post","link":"https:\/\/mbsniezna.rzeszow.pl\/index.php\/2018\/04\/28\/intencje-mszalne-30-04-2018-07-05-2018-r\/","title":{"rendered":"Intencje mszalne 30.04.2018 \u2013 07.05.2018 r."},"content":{"rendered":"<p><strong>Poniedzia\u0142ek: 30.04<\/strong><\/p>\n<table width=\"0\">\n<tbody>\n<tr>\n<td width=\"76\"><strong>7.00<\/strong><\/td>\n<td width=\"624\">1.&nbsp;&nbsp;&nbsp;&nbsp;&nbsp; O bezpieczny pobyt i szcz\u0119\u015bliwy powr\u00f3t z Afganistanu dla Piotra<\/p>\n<p>2.&nbsp;&nbsp;&nbsp;&nbsp;&nbsp; + Stanis\u0142aw Ba\u0142a od siostrze\u0144ca Jana Jasi\u0144kiego z rodzin\u0105<\/td>\n<\/tr>\n<tr>\n<td width=\"76\"><strong>18.00<\/strong><\/td>\n<td width=\"624\">1.&nbsp;&nbsp;&nbsp;&nbsp;&nbsp; + Maksymilian Ciebiera (30) \u2013 zako\u0144czenie Mszy gregoria\u0144skich<\/p>\n<p>2.&nbsp;&nbsp;&nbsp;&nbsp;&nbsp; Dzi\u0119kczynna z pro\u015bb\u0105 o Bo\u017ce b\u0142ogos\u0142awie\u0144stwo dla Jadwigi i Artura w 30 rocznic\u0119 \u015blubu<\/p>\n<p><em>+ Krystyna Ruszel (30) \u2013 Tarnoszyn<\/em><\/td>\n<\/tr>\n<\/tbody>\n<\/table>\n<p><strong>Wtorek: 01.05<\/strong><\/p>\n<table width=\"0\">\n<tbody>\n<tr>\n<td width=\"76\"><strong>7.00<\/strong><\/td>\n<td width=\"624\">1.&nbsp;&nbsp;&nbsp;&nbsp;&nbsp; O Bo\u017ce b\u0142ogos\u0142awie\u0144stwo na czas matur dla And\u017celiki<\/td>\n<\/tr>\n<tr>\n<td width=\"76\"><strong>18.00<\/strong><\/td>\n<td width=\"624\">1.&nbsp;&nbsp;&nbsp;&nbsp;&nbsp; + Grzegorz Myrda (1) \u2013 rozpocz\u0119cie Mszy gregoria\u0144skich<\/p>\n<p>2.&nbsp;&nbsp;&nbsp;&nbsp;&nbsp; + Wac\u0142aw Michalicha w 10 r. \u015bmierci<\/p>\n<p>3.&nbsp;&nbsp;&nbsp;&nbsp;&nbsp; + Anna Dudek od s\u0105siad\u00f3w Natalii i Andrzeja<\/td>\n<\/tr>\n<\/tbody>\n<\/table>\n<p><strong>\u015aroda: 02.05<\/strong><\/p>\n<table width=\"0\">\n<tbody>\n<tr>\n<td width=\"76\"><strong>7.00<\/strong><\/td>\n<td width=\"624\">1.&nbsp;&nbsp;&nbsp;&nbsp;&nbsp; + Leopold Warzocha w 40 r. \u015bmierci<\/p>\n<p>2.&nbsp;&nbsp;&nbsp;&nbsp;&nbsp; + Pawe\u0142 Ferenc od rodziny Bomb\u00f3w<\/td>\n<\/tr>\n<tr>\n<td width=\"76\"><strong>18.00<\/strong><\/td>\n<td width=\"624\">1.&nbsp;&nbsp;&nbsp;&nbsp;&nbsp; + Grzegorz Myrda (2)<\/p>\n<p>2.&nbsp;&nbsp;&nbsp;&nbsp;&nbsp; O szcz\u0119\u015bliwe zdanie matury dla Sary<\/td>\n<\/tr>\n<\/tbody>\n<\/table>\n<p><strong>Czwartek: 03.05<\/strong><\/p>\n<table width=\"0\">\n<tbody>\n<tr>\n<td width=\"76\"><strong>7.00<\/strong><\/td>\n<td width=\"624\">1.&nbsp;&nbsp;&nbsp;&nbsp;&nbsp; Z r\u00f3\u017cy Zofii Pa\u0142ka<\/td>\n<\/tr>\n<tr>\n<td width=\"76\"><strong>9.00<\/strong><\/td>\n<td width=\"624\">1.&nbsp;&nbsp;&nbsp;&nbsp;&nbsp; Z r\u00f3\u017cy El\u017cbiety G\u0142odowskiej<\/p>\n<p>2.&nbsp;&nbsp;&nbsp;&nbsp;&nbsp; + Mieczys\u0142aw Basiura od Romana z rodzin\u0105<\/td>\n<\/tr>\n<tr>\n<td width=\"76\"><strong>10.30<\/strong><\/td>\n<td width=\"624\">1.&nbsp;&nbsp;&nbsp;&nbsp;&nbsp; + Maria Ziemierowicz w dniu \u015bmierci od Ryszarda Krociak z rodzin\u0105<\/td>\n<\/tr>\n<tr>\n<td width=\"76\"><strong>12.00<\/strong><\/td>\n<td width=\"624\">1.&nbsp;&nbsp;&nbsp;&nbsp;&nbsp; + Grzegorz Myrda (3)<\/td>\n<\/tr>\n<tr>\n<td width=\"76\"><strong>16.00<\/strong><\/td>\n<td width=\"624\">1.&nbsp;&nbsp;&nbsp;&nbsp;&nbsp; + Janina i Marian Kotula<\/td>\n<\/tr>\n<tr>\n<td width=\"76\"><strong>18.00<\/strong><\/td>\n<td width=\"624\">O Bo\u017ce b\u0142ogos\u0142awie\u0144stwo i opiek\u0119 Matki Bo\u017cej dla Micha\u0142a na czas zdawania egzamin\u00f3w maturalnych<\/td>\n<\/tr>\n<\/tbody>\n<\/table>\n<p><strong>Pi\u0105tek: 04.05<\/strong><\/p>\n<table width=\"0\">\n<tbody>\n<tr>\n<td width=\"76\"><strong>7.00<\/strong><\/td>\n<td width=\"624\">1.&nbsp;&nbsp;&nbsp;&nbsp;&nbsp; + Tadeusz i Krystyna Kawalec<\/p>\n<p>2.&nbsp;&nbsp;&nbsp;&nbsp;&nbsp; + Grzegorz Myrda (4)<\/td>\n<\/tr>\n<tr>\n<td width=\"76\"><strong>18.00<\/strong><\/td>\n<td width=\"624\">Wynagradzaj\u0105ca Sercu Pana Jezusa od rodziny Pr\u0119dkich<\/td>\n<\/tr>\n<\/tbody>\n<\/table>\n<p><strong>Sobota: 06.05<\/strong><\/p>\n<table width=\"0\">\n<tbody>\n<tr>\n<td width=\"76\"><strong>7.00<\/strong><\/td>\n<td width=\"624\">1.&nbsp;&nbsp;&nbsp;&nbsp;&nbsp; + Grzegorz Myrda (5)<\/td>\n<\/tr>\n<tr>\n<td width=\"76\"><strong>18.00<\/strong><\/td>\n<td width=\"624\">1.&nbsp;&nbsp;&nbsp;&nbsp;&nbsp; + Stanis\u0142awa Borowiec w 4 r. \u015bmierci od Ewy z rodzin\u0105<\/p>\n<p>2.&nbsp;&nbsp;&nbsp;&nbsp;&nbsp; Dzi\u0119kczynno \u2013 b\u0142agalna w 14 r. \u015blubu Ewy i Ryszarda<\/td>\n<\/tr>\n<\/tbody>\n<\/table>\n<p><strong>NIEDZIELA: 07.05<\/strong><\/p>\n<table width=\"0\">\n<tbody>\n<tr>\n<td width=\"76\"><strong>7.00<\/strong><\/td>\n<td width=\"624\">1.&nbsp;&nbsp;&nbsp;&nbsp;&nbsp; Z r\u00f3\u017cy Marii Pa\u0142ka<\/p>\n<p>2.&nbsp;&nbsp;&nbsp;&nbsp;&nbsp; Z r\u00f3\u017cy Eugeniusza Nitka<\/td>\n<\/tr>\n<tr>\n<td width=\"76\"><strong>9.00<\/strong><\/td>\n<td width=\"624\">1.&nbsp;&nbsp;&nbsp;&nbsp;&nbsp; + Grzegorz Myrda (6)<\/p>\n<p>2.&nbsp;&nbsp;&nbsp;&nbsp;&nbsp; + Stanis\u0142aw Ba\u0142a od Sta\u017cak\u00f3w i Mendrak\u00f3w \u2013 zako\u0144czenie Mszy pogrzebowych<\/td>\n<\/tr>\n<tr>\n<td width=\"76\"><strong>10.30<\/strong><\/td>\n<td width=\"624\">+ Stanis\u0142aw i Anna Dudek<\/td>\n<\/tr>\n<tr>\n<td width=\"76\"><strong>12.00<\/strong><\/td>\n<td width=\"624\">1.&nbsp;&nbsp;&nbsp;&nbsp;&nbsp; W intencji Parafian<\/td>\n<\/tr>\n<tr>\n<td width=\"76\"><strong>16.00<\/strong><\/td>\n<td width=\"624\">1.&nbsp;&nbsp;&nbsp;&nbsp;&nbsp; + Wanda, Jan i Aleksander &nbsp;B\u0142o\u0144ski<\/td>\n<\/tr>\n<tr>\n<td width=\"76\"><strong>18.00<\/strong><\/td>\n<td width=\"624\">+ Zofia i Stanis\u0142aw Szczypek<\/td>\n<\/tr>\n<\/tbody>\n<\/table>\n<p><strong>&nbsp;<\/strong><\/p>\n","protected":false},"excerpt":{"rendered":"<p>&#8230;<\/p>\n","protected":false},"author":1,"featured_media":5337,"comment_status":"closed","ping_status":"open","sticky":false,"template":"","format":"standard","meta":{"ngg_post_thumbnail":0,"footnotes":""},"categories":[4],"tags":[],"class_list":["post-5346","post","type-post","status-publish","format-standard","has-post-thumbnail","hentry","category-intencje"],"_links":{"self":[{"href":"https:\/\/mbsniezna.rzeszow.pl\/index.php\/wp-json\/wp\/v2\/posts\/5346","targetHints":{"allow":["GET"]}}],"collection":[{"href":"https:\/\/mbsniezna.rzeszow.pl\/index.php\/wp-json\/wp\/v2\/posts"}],"about":[{"href":"https:\/\/mbsniezna.rzeszow.pl\/index.php\/wp-json\/wp\/v2\/types\/post"}],"author":[{"embeddable":true,"href":"https:\/\/mbsniezna.rzeszow.pl\/index.php\/wp-json\/wp\/v2\/users\/1"}],"replies":[{"embeddable":true,"href":"https:\/\/mbsniezna.rzeszow.pl\/index.php\/wp-json\/wp\/v2\/comments?post=5346"}],"version-history":[{"count":1,"href":"https:\/\/mbsniezna.rzeszow.pl\/index.php\/wp-json\/wp\/v2\/posts\/5346\/revisions"}],"predecessor-version":[{"id":5347,"href":"https:\/\/mbsniezna.rzeszow.pl\/index.php\/wp-json\/wp\/v2\/posts\/5346\/revisions\/5347"}],"wp:featuredmedia":[{"embeddable":true,"href":"https:\/\/mbsniezna.rzeszow.pl\/index.php\/wp-json\/wp\/v2\/media\/5337"}],"wp:attachment":[{"href":"https:\/\/mbsniezna.rzeszow.pl\/index.php\/wp-json\/wp\/v2\/media?parent=5346"}],"wp:term":[{"taxonomy":"category","embeddable":true,"href":"https:\/\/mbsniezna.rzeszow.pl\/index.php\/wp-json\/wp\/v2\/categories?post=5346"},{"taxonomy":"post_tag","embeddable":true,"href":"https:\/\/mbsniezna.rzeszow.pl\/index.php\/wp-json\/wp\/v2\/tags?post=5346"}],"curies":[{"name":"wp","href":"https:\/\/api.w.org\/{rel}","templated":true}]}}