{"id":5355,"date":"2018-05-12T22:18:32","date_gmt":"2018-05-12T20:18:32","guid":{"rendered":"https:\/\/mbsniezna.rzeszow.pl\/?p=5355"},"modified":"2018-05-12T22:18:32","modified_gmt":"2018-05-12T20:18:32","slug":"intencje-mszalne-14-05-2018-20-05-2018-r","status":"publish","type":"post","link":"https:\/\/mbsniezna.rzeszow.pl\/index.php\/2018\/05\/12\/intencje-mszalne-14-05-2018-20-05-2018-r\/","title":{"rendered":"Intencje mszalne 14.05.2018 \u2013 20.05.2018 r."},"content":{"rendered":"<p><strong>Poniedzia\u0142ek: 14.05<\/strong><\/p>\n<table width=\"0\">\n<tbody>\n<tr>\n<td width=\"76\"><strong>7.00<\/strong><\/td>\n<td width=\"624\">1.&nbsp;&nbsp;&nbsp;&nbsp;&nbsp; + Janina \u015al\u0105czka w 1 r. \u015bmierci<\/td>\n<\/tr>\n<tr>\n<td width=\"76\"><strong>18.00<\/strong><\/td>\n<td width=\"624\">1.&nbsp;&nbsp;&nbsp;&nbsp;&nbsp; + Grzegorz Myrda (14)<\/p>\n<p>2.&nbsp;&nbsp;&nbsp;&nbsp;&nbsp; + Stanis\u0142aw, Aniela, Jan Lisowicz<\/p>\n<p>3.&nbsp;&nbsp;&nbsp;&nbsp;&nbsp; + J\u00f3zef i Zofia Jopek<\/p>\n<p>4.&nbsp;&nbsp;&nbsp;&nbsp;&nbsp; Emil Borowiec od \u017cony Stanis\u0142awy<\/td>\n<\/tr>\n<\/tbody>\n<\/table>\n<p><strong>Wtorek: 15.05<\/strong><\/p>\n<table width=\"0\">\n<tbody>\n<tr>\n<td width=\"76\"><strong>7.00<\/strong><\/td>\n<td width=\"624\">1.&nbsp;&nbsp;&nbsp;&nbsp;&nbsp; + Ks. W\u0142adys\u0142aw, Piotr i Karolina Rybka<\/p>\n<p>2.&nbsp;&nbsp;&nbsp;&nbsp;&nbsp; + Pawe\u0142 Ferenc od Bo\u017ceny Wisz z rodzin\u0105<\/td>\n<\/tr>\n<tr>\n<td width=\"76\"><strong>18.00<\/strong><\/td>\n<td width=\"624\">1.&nbsp;&nbsp;&nbsp;&nbsp;&nbsp; + Grzegorz Myrda (15)<\/p>\n<p>2.&nbsp;&nbsp;&nbsp;&nbsp;&nbsp; + Zofia Grzebyk i + Zofia Ko\u0142wa<\/p>\n<p>3.&nbsp;&nbsp;&nbsp;&nbsp;&nbsp; + Zofia Bana\u015b od syna z \u017con\u0105<\/td>\n<\/tr>\n<\/tbody>\n<\/table>\n<p><strong>\u015aroda:16.05<\/strong><\/p>\n<table width=\"0\">\n<tbody>\n<tr>\n<td width=\"76\"><strong>7.00<\/strong><\/td>\n<td width=\"624\">1.&nbsp;&nbsp;&nbsp;&nbsp;&nbsp; + Micha\u0142 i Maria Lasota<\/p>\n<p>2.&nbsp;&nbsp;&nbsp;&nbsp;&nbsp; + Grzegorz Myrda (16)<\/td>\n<\/tr>\n<tr>\n<td width=\"76\"><strong>18.00<\/strong><\/td>\n<td width=\"624\">1.&nbsp;&nbsp;&nbsp;&nbsp;&nbsp; O zdrowie dla Bernadetty Homik<\/p>\n<p>2.&nbsp;&nbsp;&nbsp;&nbsp;&nbsp; O szcz\u0119\u015bliw\u0105 operacj\u0119 i powr\u00f3t do zdrowia<\/p>\n<p>3.&nbsp;&nbsp;&nbsp;&nbsp;&nbsp; + Janina Pr\u0119dka od syna Bogdana z \u017con\u0105<\/td>\n<\/tr>\n<\/tbody>\n<\/table>\n<p><strong>Czwartek: 17.05<\/strong><\/p>\n<table width=\"0\">\n<tbody>\n<tr>\n<td width=\"76\"><strong>7.00<\/strong><\/td>\n<td width=\"624\">1.&nbsp;&nbsp;&nbsp;&nbsp;&nbsp; + Emilia, Piotr i Maria Mikrut<\/p>\n<p>2.&nbsp;&nbsp;&nbsp;&nbsp;&nbsp; + Grzegorz Myrda (17)<\/td>\n<\/tr>\n<tr>\n<td width=\"76\"><strong>18.00<\/strong><\/td>\n<td width=\"624\">1.&nbsp;&nbsp;&nbsp;&nbsp;&nbsp; + Stanis\u0142aw Drupka w 12 r. \u015bmierci<\/p>\n<p>2.&nbsp;&nbsp;&nbsp;&nbsp;&nbsp; + Antoni Ku\u015bnierz w 20 r. \u015bmierci<\/p>\n<p>3.&nbsp;&nbsp;&nbsp;&nbsp;&nbsp; + Eugeniusz Pa\u0142ka od c\u00f3rki<\/td>\n<\/tr>\n<\/tbody>\n<\/table>\n<p><strong>Pi\u0105tek: 18.05<\/strong><\/p>\n<table width=\"0\">\n<tbody>\n<tr>\n<td width=\"76\"><strong>7.00<\/strong><\/td>\n<td width=\"624\">1.&nbsp;&nbsp;&nbsp;&nbsp;&nbsp; + Maria Lubas i + Krystyna Trojanowska<\/td>\n<\/tr>\n<tr>\n<td width=\"76\"><strong>18.00<\/strong><\/td>\n<td width=\"624\">1.&nbsp;&nbsp;&nbsp;&nbsp;&nbsp; + Grzegorz Myrda (18)<\/p>\n<p>2.&nbsp;&nbsp;&nbsp;&nbsp;&nbsp; + Augustyn, Aniela, Tadeusz Kalita<\/p>\n<p>3.&nbsp;&nbsp;&nbsp;&nbsp;&nbsp; + Anna Dudek od Alicji z rodzin\u0105<\/p>\n<p>4.&nbsp;&nbsp;&nbsp;&nbsp;&nbsp; + Mieczys\u0142aw Basiura od Parafialnego Zespo\u0142u Caritas<\/td>\n<\/tr>\n<\/tbody>\n<\/table>\n<p><strong>Sobota: 19.05<\/strong><\/p>\n<table width=\"0\">\n<tbody>\n<tr>\n<td width=\"76\"><strong>7.00<\/strong><\/td>\n<td width=\"624\">1.&nbsp;&nbsp;&nbsp;&nbsp;&nbsp; + Stanis\u0142aw, Wiktoria Zych oraz zmarli z rodziny<\/td>\n<\/tr>\n<tr>\n<td width=\"76\"><strong>18.00<\/strong><\/td>\n<td width=\"624\">1.&nbsp;&nbsp;&nbsp;&nbsp;&nbsp; + Grzegorz Myrda (19)<\/p>\n<p>2.&nbsp;&nbsp;&nbsp;&nbsp;&nbsp; + Emil G\u0142odowski w 2 r. \u015bmierci<\/p>\n<p>3.&nbsp;&nbsp;&nbsp;&nbsp;&nbsp; W intencji Liliany w 3 urodziny od dziadk\u00f3w<\/p>\n<p>4.&nbsp;&nbsp;&nbsp;&nbsp;&nbsp; + Julia Szczoczarz od Jolanty Nowakowskiej z m\u0119\u017cem zako\u0144czenie Mszy pogrzebowych<\/td>\n<\/tr>\n<\/tbody>\n<\/table>\n<p><strong>NIEDZIELA: 20.05<\/strong><\/p>\n<table width=\"0\">\n<tbody>\n<tr>\n<td width=\"76\"><strong>7.00<\/strong><\/td>\n<td width=\"624\">1.&nbsp;&nbsp;&nbsp;&nbsp;&nbsp; W intencji parafian<\/td>\n<\/tr>\n<tr>\n<td width=\"76\"><strong>9.00<\/strong><\/td>\n<td width=\"624\">1.&nbsp;&nbsp;&nbsp;&nbsp;&nbsp; O Bo\u017ce b\u0142ogos\u0142awie\u0144stwo dla Dawida w 18 urodziny<\/td>\n<\/tr>\n<tr>\n<td width=\"76\"><strong>10.30<\/strong><\/td>\n<td width=\"624\">1.&nbsp;&nbsp;&nbsp;&nbsp;&nbsp; + Bronis\u0142aw Pa\u0142ka oraz zmarli z rodziny Pa\u0142k\u00f3w<\/td>\n<\/tr>\n<tr>\n<td width=\"76\"><strong>12.00<\/strong><\/td>\n<td width=\"624\">1.&nbsp;&nbsp;&nbsp;&nbsp;&nbsp; I Komunia \u015awi\u0119ta<\/td>\n<\/tr>\n<tr>\n<td width=\"76\"><strong>16.00<\/strong><\/td>\n<td width=\"624\">1.&nbsp;&nbsp;&nbsp;&nbsp;&nbsp; + Grzegorz Myrda (20)<\/td>\n<\/tr>\n<tr>\n<td width=\"76\"><strong>18.00<\/strong><\/td>\n<td width=\"624\">1.&nbsp;&nbsp;&nbsp;&nbsp;&nbsp; + Antoni Kawa oraz + Micha\u0142 Gawe\u0142<\/td>\n<\/tr>\n<\/tbody>\n<\/table>\n","protected":false},"excerpt":{"rendered":"<p>&#8230;<\/p>\n","protected":false},"author":1,"featured_media":5337,"comment_status":"closed","ping_status":"open","sticky":false,"template":"","format":"standard","meta":{"ngg_post_thumbnail":0,"footnotes":""},"categories":[4],"tags":[],"class_list":["post-5355","post","type-post","status-publish","format-standard","has-post-thumbnail","hentry","category-intencje"],"_links":{"self":[{"href":"https:\/\/mbsniezna.rzeszow.pl\/index.php\/wp-json\/wp\/v2\/posts\/5355","targetHints":{"allow":["GET"]}}],"collection":[{"href":"https:\/\/mbsniezna.rzeszow.pl\/index.php\/wp-json\/wp\/v2\/posts"}],"about":[{"href":"https:\/\/mbsniezna.rzeszow.pl\/index.php\/wp-json\/wp\/v2\/types\/post"}],"author":[{"embeddable":true,"href":"https:\/\/mbsniezna.rzeszow.pl\/index.php\/wp-json\/wp\/v2\/users\/1"}],"replies":[{"embeddable":true,"href":"https:\/\/mbsniezna.rzeszow.pl\/index.php\/wp-json\/wp\/v2\/comments?post=5355"}],"version-history":[{"count":1,"href":"https:\/\/mbsniezna.rzeszow.pl\/index.php\/wp-json\/wp\/v2\/posts\/5355\/revisions"}],"predecessor-version":[{"id":5356,"href":"https:\/\/mbsniezna.rzeszow.pl\/index.php\/wp-json\/wp\/v2\/posts\/5355\/revisions\/5356"}],"wp:featuredmedia":[{"embeddable":true,"href":"https:\/\/mbsniezna.rzeszow.pl\/index.php\/wp-json\/wp\/v2\/media\/5337"}],"wp:attachment":[{"href":"https:\/\/mbsniezna.rzeszow.pl\/index.php\/wp-json\/wp\/v2\/media?parent=5355"}],"wp:term":[{"taxonomy":"category","embeddable":true,"href":"https:\/\/mbsniezna.rzeszow.pl\/index.php\/wp-json\/wp\/v2\/categories?post=5355"},{"taxonomy":"post_tag","embeddable":true,"href":"https:\/\/mbsniezna.rzeszow.pl\/index.php\/wp-json\/wp\/v2\/tags?post=5355"}],"curies":[{"name":"wp","href":"https:\/\/api.w.org\/{rel}","templated":true}]}}