{"id":5357,"date":"2018-05-12T22:19:45","date_gmt":"2018-05-12T20:19:45","guid":{"rendered":"https:\/\/mbsniezna.rzeszow.pl\/?p=5357"},"modified":"2018-05-12T22:20:39","modified_gmt":"2018-05-12T20:20:39","slug":"ogloszenia-wniebowstapienie-panskie-13-05-2018-r","status":"publish","type":"post","link":"https:\/\/mbsniezna.rzeszow.pl\/index.php\/2018\/05\/12\/ogloszenia-wniebowstapienie-panskie-13-05-2018-r\/","title":{"rendered":"Og\u0142oszenia &#8211; Wniebowst\u0105pienie Pa\u0144skie, 13.05.2018 r."},"content":{"rendered":"<p>OG\u0141OSZENIA DUSZPASTERSKIE \u2013 WNIEBOWST\u0104PIENIE PA\u0143SKIE<br \/>\n13 MAJA 2018 R.<\/p>\n<p>1.\tDzisiaj uroczysto\u015b\u0107  Wniebowst\u0105pienia Pa\u0144skiego. Na Mszy \u015bw. o 12.00 rocznica I Komunii dzieci klas IV. Nabo\u017ce\u0144stwo majowe o 15.30.<\/p>\n<p>2.\tZapraszamy na nabo\u017ce\u0144stwa majowe. Litani\u0119 Loreta\u0144sk\u0105 \u015bpiewamy po Mszy wieczornej. Trwa Nowenna przed uroczysto\u015bci\u0105 Zes\u0142ania Ducha \u015awi\u0119tego.<\/p>\n<p>3.\tWe wtorek o 19.00 spotkanie kandydat\u00f3w do bierzmowania z II klasy gimnazjum.<\/p>\n<p>4.\tW \u015brod\u0119 \u015bwi\u0119to  \u015bw. Andrzeja Boboli, po Mszy nabo\u017ce\u0144stwo przy relikwiach \u015bw. Jana Paw\u0142a II, prosimy o sk\u0142adanie pr\u00f3\u015bb i podzi\u0119kowa\u0144.<\/p>\n<p>5.\tWe \u015brod\u0119 i w pi\u0105tek o 19.00 pr\u00f3by dzieci komunijnych.<\/p>\n<p>6.\tW czwartek od adoracja od 17.15 i mo\u017cliwo\u015b\u0107 spowiedzi.<\/p>\n<p>7.\tW sobot\u0119 od 9.00 do 10.00 I spowied\u017a dzieci komunijnych oraz ich rodzic\u00f3w, rodzic\u00f3w chrzestnych, rodze\u0144stwa i dziadk\u00f3w.<\/p>\n<p>8.\tW przysz\u0142\u0105 niedziel\u0119  na Mszy \u015bw. o 12.00  I Komunia dzieci z klas III, starajmy si\u0119 przychodzi\u0107 na inne Msze \u015bw. R\u00f3\u017caniec r\u00f3\u017ca Zofii Kap\u0142on.<\/p>\n<p>9.\tTrwaj\u0105 prace na cmentarzu przy uk\u0142adaniu kostki na alejkach. Ich koszt  znacznie przekroczy sum\u0119 100 tysi\u0119cy z\u0142. Dlatego w przysz\u0142\u0105 niedziel\u0119 prosimy wszystkich o znaczniejsz\u0105  sk\u0142adk\u0119 inwestycyjn\u0105 na ten cel.<\/p>\n<p>10.\tZapowiedzi: K. Kalandyk \u2013 D. D\u0105browa, M. Baran \u2013 N. Stoch\u0142a (zap. II).<\/p>\n<p>11.\tB\u00f3g zap\u0142a\u0107 za ofiary na sprz\u0105tanie ko\u015bcio\u0142a, w tym tygodniu z ul. Jana Paw\u0142a II prosimy rodziny: Krystyny G\u0142adka, Moniki Czeka\u0144skiej, Ewy Dryla, Magdaleny Pyszczuk, Reginy Dr\u0105\u017cek, Aliny Dryja, Ma\u0142gorzaty Kyc, Teresy Pa\u015bko, Alfredy Pa\u0142ka, Justyny Kowalczyk.<\/p>\n<p>12.\tProcesja Bo\u017cego Cia\u0142a b\u0119dzie na ul. Budziwojskiej. O pomoc w przygotowaniu o\u0142tarzy prosimy mieszka\u0144c\u00f3w ul. Jana Paw\u0142a II: o\u0142tarz I u rodziny Wilga, numery  Jana Paw\u0142a II od 207 do 217 L \u2013 rodziny: Marii Brodowicz, Danuty Wr\u00f3bel, El\u017cbiety Nalepa, Magdaleny Cupry\u015b, Agnieszki Buka\u0142a, Anny Czekaj, Doroty Rojek, Karoliny Stanoch, Agnieszki Mazurek, Weroniki Cyganik, Sylwii Nowak; o\u0142tarz II u rodziny Ocieczek, numery Jana Paw\u0142a II numery od 219 do 253 \u2013 rodziny: Doroty Chmiel, Dariusza Dziubek, Alicji Ceglarz, Barbary Puszkarewicz, Zenony Rut, Ma\u0142gorzaty Potyra\u0144skiej, Agaty Litwin, Joanny Surowiec, El\u017cbiety Rzymek, Janiny G\u0142odowskiej; o\u0142tarz III u rodziny Cag, numery Jana Paw\u0142a II od 255 do 287 \u2013 rodziny: Andrzeja Warzocha, Lidii Warzocha, Agaty Petryniak, Antoniego Tondera, Anny Marciniak, Edyty Wilk, El\u017cbiety Guzik, Reginy Nowak, Urszuli Pasierb, Marzeny Pasierb, Wies\u0142awa Pasierb; o\u0142tarz IV na placu ko\u015bcielnym, Jana Paw\u0142a II numery od 289 do 317 oraz 340 i 336, rodziny \u2013 Katarzyny Sitarz, Lucyny \u0106wi\u0105ka\u0142a, Joanny Warzocha, Doroty Starzak, Marka Mita\u0142, Renaty Stoch\u0142a, Ma\u0142gorzaty Fornal, Marii W\u00f3jcik, Zofii Podg\u00f3rskiej, Beaty Szredzkiej. Rodziny od o\u0142tarzy maja zaliczona kolejk\u0119 do sprz\u0105tania ko\u015bcio\u0142a. Prosimy o ofiary po 50 z\u0142 na kwiaty do o\u0142tarzy i zakup innych rzeczy. Szczeg\u00f3\u0142y odno\u015bnie budowania o\u0142tarzy podamy za tydzie\u0144.<\/p>\n<p>13.\tW poniedzia\u0142ek o 17.00 w bibliotece osiedlowej wyk\u0142ad pt. \u201eKobieta XIX w. Obyczajowo\u015b\u0107 i literatura\u201d.<\/p>\n<p>14.\tNa stoliczku za \u0142awkami s\u0105 wy\u0142o\u017cone ulotki odno\u015bnie Bud\u017cetu Obywatelskiego dla Osiedla Budziw\u00f3j. Zapoznajmy si\u0119 z nimi, a co najwa\u017cniejsze we\u017amy udzia\u0142 w g\u0142osowaniu. Aby pieni\u0105dze przysz\u0142y na nasze osiedle trzeba naszej aktywno\u015bci, a nasza bierno\u015b\u0107 sprawi, \u017ce pieni\u0105dze p\u00f3jd\u0105 na inne osiedla. Taka jest zasada funkcjonowania Bud\u017cetu Obywatelskiego.<\/p>\n","protected":false},"excerpt":{"rendered":"<p>&#8230;<\/p>\n","protected":false},"author":1,"featured_media":4336,"comment_status":"closed","ping_status":"open","sticky":false,"template":"","format":"standard","meta":{"ngg_post_thumbnail":0,"footnotes":""},"categories":[14],"tags":[],"class_list":["post-5357","post","type-post","status-publish","format-standard","has-post-thumbnail","hentry","category-ogloszenia_duszp"],"_links":{"self":[{"href":"https:\/\/mbsniezna.rzeszow.pl\/index.php\/wp-json\/wp\/v2\/posts\/5357","targetHints":{"allow":["GET"]}}],"collection":[{"href":"https:\/\/mbsniezna.rzeszow.pl\/index.php\/wp-json\/wp\/v2\/posts"}],"about":[{"href":"https:\/\/mbsniezna.rzeszow.pl\/index.php\/wp-json\/wp\/v2\/types\/post"}],"author":[{"embeddable":true,"href":"https:\/\/mbsniezna.rzeszow.pl\/index.php\/wp-json\/wp\/v2\/users\/1"}],"replies":[{"embeddable":true,"href":"https:\/\/mbsniezna.rzeszow.pl\/index.php\/wp-json\/wp\/v2\/comments?post=5357"}],"version-history":[{"count":2,"href":"https:\/\/mbsniezna.rzeszow.pl\/index.php\/wp-json\/wp\/v2\/posts\/5357\/revisions"}],"predecessor-version":[{"id":5359,"href":"https:\/\/mbsniezna.rzeszow.pl\/index.php\/wp-json\/wp\/v2\/posts\/5357\/revisions\/5359"}],"wp:featuredmedia":[{"embeddable":true,"href":"https:\/\/mbsniezna.rzeszow.pl\/index.php\/wp-json\/wp\/v2\/media\/4336"}],"wp:attachment":[{"href":"https:\/\/mbsniezna.rzeszow.pl\/index.php\/wp-json\/wp\/v2\/media?parent=5357"}],"wp:term":[{"taxonomy":"category","embeddable":true,"href":"https:\/\/mbsniezna.rzeszow.pl\/index.php\/wp-json\/wp\/v2\/categories?post=5357"},{"taxonomy":"post_tag","embeddable":true,"href":"https:\/\/mbsniezna.rzeszow.pl\/index.php\/wp-json\/wp\/v2\/tags?post=5357"}],"curies":[{"name":"wp","href":"https:\/\/api.w.org\/{rel}","templated":true}]}}