{"id":5371,"date":"2018-06-30T22:58:31","date_gmt":"2018-06-30T20:58:31","guid":{"rendered":"https:\/\/mbsniezna.rzeszow.pl\/?p=5371"},"modified":"2018-06-30T22:58:31","modified_gmt":"2018-06-30T20:58:31","slug":"intencje-mszalne-25-06-2018-01-07-2018-r","status":"publish","type":"post","link":"https:\/\/mbsniezna.rzeszow.pl\/index.php\/2018\/06\/30\/intencje-mszalne-25-06-2018-01-07-2018-r\/","title":{"rendered":"Intencje mszalne 25.06.2018 \u2013 01.07.2018 r."},"content":{"rendered":"<p>&nbsp;<\/p>\n<p><strong>Poniedzia\u0142ek: 25.06<\/strong><\/p>\n<table width=\"0\">\n<tbody>\n<tr>\n<td width=\"76\"><strong>7.00<\/strong><\/td>\n<td width=\"624\">1.&nbsp;&nbsp;&nbsp;&nbsp;&nbsp; + Helena Pa\u015bkiewicz (25)<\/td>\n<\/tr>\n<tr>\n<td width=\"76\"><strong>18.00<\/strong><\/td>\n<td width=\"624\">\n<ol>\n<li>O Bo\u017ce b\u0142ogos\u0142awie\u0144stwo w 30 lecie \u015blubu Zofii i Ryszarda<\/li>\n<li>Dzi\u0119kczynna&nbsp; w 30 lecie \u015blubu Zofii i Ryszarda z pro\u015bb\u0105 o dalsz\u0105 opiek\u0119<\/li>\n<\/ol>\n<p><em>+ Zofia Bana\u015b od rodziny Chmaj\u00f3w z Trzciany &#8211; Tarnoszyn<\/em><\/td>\n<\/tr>\n<\/tbody>\n<\/table>\n<p>&nbsp;<\/p>\n<p><strong>&nbsp;<\/strong><\/p>\n<p><strong>Wtorek: 26.06<\/strong><\/p>\n<table width=\"0\">\n<tbody>\n<tr>\n<td width=\"76\"><strong>7.00<\/strong><\/td>\n<td width=\"624\">1.&nbsp;&nbsp;&nbsp;&nbsp;&nbsp; + Helena Pa\u015bkiewicz (26)<\/p>\n<p>2.&nbsp;&nbsp;&nbsp;&nbsp;&nbsp; + Pawe\u0142 Ferenc od rodziny Bieleni\u00f3w<\/td>\n<\/tr>\n<tr>\n<td width=\"76\"><strong>18.00<\/strong><\/td>\n<td width=\"624\">\n<ol>\n<li>Dzi\u0119kczynna z pro\u015bb\u0105 o Bo\u017ce b\u0142ogos\u0142awie\u0144stwo dla Andrzeja i Katarzyny w 25 lecie ma\u0142\u017ce\u0144stwa oraz w intencji Gabrieli w 24 urodziny<\/li>\n<\/ol>\n<p><em>+ Zofia Bana\u015b od Janiny B\u0105k z Trzciany &#8211; Tarnoszyn<\/em><\/td>\n<\/tr>\n<\/tbody>\n<\/table>\n<p>&nbsp;<\/p>\n<p><strong>\u015aroda: 27.06<\/strong><\/p>\n<table width=\"0\">\n<tbody>\n<tr>\n<td width=\"76\"><strong>7.00<\/strong><\/td>\n<td width=\"624\">1.&nbsp;&nbsp;&nbsp;&nbsp;&nbsp; + Helena Pa\u015bkiewicz (27)<\/td>\n<\/tr>\n<tr>\n<td width=\"76\"><strong>18.00<\/strong><\/td>\n<td width=\"624\">\n<ol>\n<li>+ Eugeniusz Pa\u015bko<\/li>\n<li>O szcz\u0119\u015bliwe rozwi\u0105zanie dla Katarzyny z pro\u015bb\u0105 o Bo\u017ce b\u0142ogos\u0142awie\u0144stwo i potrzebne \u0142aski<\/li>\n<\/ol>\n<p><em>+ Zofia Bana\u015b od bratowej Anny z Mogielnicy \u2013 Tarnoszyn<\/em><\/td>\n<\/tr>\n<\/tbody>\n<\/table>\n<p>&nbsp;<\/p>\n<p><strong>Czwartek: 28.06<\/strong><\/p>\n<table width=\"0\">\n<tbody>\n<tr>\n<td width=\"76\"><strong>7.00<\/strong><\/td>\n<td width=\"624\">\n<ol>\n<li>+ Helena Pa\u015bkiewicz (28)<\/li>\n<li>+ Henryk Wojturski od chrze\u015bniaka Rafa\u0142a z rodzin\u0105<\/li>\n<\/ol>\n<\/td>\n<\/tr>\n<tr>\n<td width=\"76\"><strong>18.00<\/strong><\/td>\n<td width=\"624\">\n<ol>\n<li>+ Stanis\u0142awa (k) My\u015bliwy od Uli Niedzia\u0142ek z mam\u0105 i c\u00f3rk\u0105<\/li>\n<\/ol>\n<p><em>+ Zofia Bana\u015b od rodziny ze Zg\u0142obnia \u2013 Tarnoszyn<\/em><\/td>\n<\/tr>\n<\/tbody>\n<\/table>\n<p><strong>&nbsp;<\/strong><\/p>\n<p><strong>Pi\u0105tek: 29.06<\/strong><\/p>\n<table width=\"0\">\n<tbody>\n<tr>\n<td width=\"76\"><strong>7.00<\/strong><\/td>\n<td width=\"624\">1.&nbsp;&nbsp;&nbsp;&nbsp;&nbsp; + Helena Pa\u015bkiewicz (29)<\/td>\n<\/tr>\n<tr>\n<td width=\"76\"><strong>9.00<\/strong><\/td>\n<td width=\"624\">1.&nbsp;&nbsp;&nbsp;&nbsp;&nbsp; + Wiktoria i J\u00f3zef Bomba<\/td>\n<\/tr>\n<tr>\n<td width=\"76\"><strong>18.00<\/strong><\/td>\n<td width=\"624\">1.&nbsp;&nbsp;&nbsp;&nbsp;&nbsp; + Stanis\u0142aw Glac<\/p>\n<p><em>+ Zofia Bana\u015b od rodziny Pelczar z Mielca \u2013 Tarnoszyn<\/em><\/td>\n<\/tr>\n<\/tbody>\n<\/table>\n<p><strong>&nbsp;<\/strong><\/p>\n<p><strong>Sobota: 30.06<\/strong><\/p>\n<table width=\"0\">\n<tbody>\n<tr>\n<td width=\"76\"><strong>7.00<\/strong><\/td>\n<td width=\"624\">1.&nbsp;&nbsp;&nbsp;&nbsp;&nbsp; + W\u0142adys\u0142aw Kozik w 6 r. \u015bmierci<\/td>\n<\/tr>\n<tr>\n<td width=\"76\"><strong>18.00<\/strong><\/td>\n<td width=\"624\">1.&nbsp;&nbsp;&nbsp;&nbsp;&nbsp; + Helena Pa\u015bkiewicz (30) \u2013 zako\u0144czenie Mszy gregoria\u0144skich<\/p>\n<p><em>+ Zofia Bana\u015b od Ryszarda Depy z rodzin\u0105 &#8211; Tarnoszyn<\/em><\/td>\n<\/tr>\n<\/tbody>\n<\/table>\n<p><strong>&nbsp;<\/strong><\/p>\n<p><strong>NIEDZIELA: 01.07<\/strong><\/p>\n<table width=\"0\">\n<tbody>\n<tr>\n<td width=\"76\"><strong>7.00<\/strong><\/td>\n<td width=\"624\">1.&nbsp;&nbsp;&nbsp;&nbsp;&nbsp; Za Parafian<\/td>\n<\/tr>\n<tr>\n<td width=\"76\"><strong>9.00<\/strong><\/td>\n<td width=\"624\">1.&nbsp;&nbsp;&nbsp;&nbsp;&nbsp; + Jan, Wanda i Aleksander B\u0142o\u0144ski<\/td>\n<\/tr>\n<tr>\n<td width=\"76\"><strong>10.30<\/strong><\/td>\n<td width=\"624\">1.&nbsp;&nbsp;&nbsp;&nbsp;&nbsp; + El\u017cbieta P\u0105czek (1) \u2013 rozpocz\u0119cie Mszy gregoria\u0144skich<\/td>\n<\/tr>\n<tr>\n<td width=\"76\"><strong>12.00<\/strong><\/td>\n<td width=\"624\">1.&nbsp;&nbsp;&nbsp;&nbsp;&nbsp; + Tadeusz, Wiktoria i J\u00f3zef S\u0142owik<\/td>\n<\/tr>\n<tr>\n<td width=\"76\"><strong>16.00<\/strong><\/td>\n<td width=\"624\">1.&nbsp;&nbsp;&nbsp;&nbsp;&nbsp; O zdrowie i Bo\u017ce b\u0142ogos\u0142awie\u0144stwo oraz potrzebne \u0142aski dla s. Lucyny<\/td>\n<\/tr>\n<tr>\n<td width=\"76\"><strong>18.00<\/strong><\/td>\n<td width=\"624\">1.&nbsp;&nbsp;&nbsp;&nbsp;&nbsp; + Roman w 28 r. \u015bmierci<\/p>\n<p><em>+ Zofia Najda od Zofii i Ma\u0142gorzaty Pa\u0142ka &#8211; Tarnoszyn<\/em><\/td>\n<\/tr>\n<\/tbody>\n<\/table>\n<p>Do u\u017cytku wewn\u0119trznego parafii<\/p>\n<p>&nbsp;<\/p>\n","protected":false},"excerpt":{"rendered":"<p>&#8230;<\/p>\n","protected":false},"author":1,"featured_media":5337,"comment_status":"closed","ping_status":"open","sticky":false,"template":"","format":"standard","meta":{"ngg_post_thumbnail":0,"footnotes":""},"categories":[4],"tags":[],"class_list":["post-5371","post","type-post","status-publish","format-standard","has-post-thumbnail","hentry","category-intencje"],"_links":{"self":[{"href":"https:\/\/mbsniezna.rzeszow.pl\/index.php\/wp-json\/wp\/v2\/posts\/5371","targetHints":{"allow":["GET"]}}],"collection":[{"href":"https:\/\/mbsniezna.rzeszow.pl\/index.php\/wp-json\/wp\/v2\/posts"}],"about":[{"href":"https:\/\/mbsniezna.rzeszow.pl\/index.php\/wp-json\/wp\/v2\/types\/post"}],"author":[{"embeddable":true,"href":"https:\/\/mbsniezna.rzeszow.pl\/index.php\/wp-json\/wp\/v2\/users\/1"}],"replies":[{"embeddable":true,"href":"https:\/\/mbsniezna.rzeszow.pl\/index.php\/wp-json\/wp\/v2\/comments?post=5371"}],"version-history":[{"count":1,"href":"https:\/\/mbsniezna.rzeszow.pl\/index.php\/wp-json\/wp\/v2\/posts\/5371\/revisions"}],"predecessor-version":[{"id":5372,"href":"https:\/\/mbsniezna.rzeszow.pl\/index.php\/wp-json\/wp\/v2\/posts\/5371\/revisions\/5372"}],"wp:featuredmedia":[{"embeddable":true,"href":"https:\/\/mbsniezna.rzeszow.pl\/index.php\/wp-json\/wp\/v2\/media\/5337"}],"wp:attachment":[{"href":"https:\/\/mbsniezna.rzeszow.pl\/index.php\/wp-json\/wp\/v2\/media?parent=5371"}],"wp:term":[{"taxonomy":"category","embeddable":true,"href":"https:\/\/mbsniezna.rzeszow.pl\/index.php\/wp-json\/wp\/v2\/categories?post=5371"},{"taxonomy":"post_tag","embeddable":true,"href":"https:\/\/mbsniezna.rzeszow.pl\/index.php\/wp-json\/wp\/v2\/tags?post=5371"}],"curies":[{"name":"wp","href":"https:\/\/api.w.org\/{rel}","templated":true}]}}