{"id":5373,"date":"2018-06-30T23:00:00","date_gmt":"2018-06-30T21:00:00","guid":{"rendered":"https:\/\/mbsniezna.rzeszow.pl\/?p=5373"},"modified":"2018-06-30T23:01:17","modified_gmt":"2018-06-30T21:01:17","slug":"5373","status":"publish","type":"post","link":"https:\/\/mbsniezna.rzeszow.pl\/index.php\/2018\/06\/30\/5373\/","title":{"rendered":"Og\u0142oszenia na Uroczysto\u015b\u0107 Narodzenia Jana Chrzciciela, 24.06.2018 r."},"content":{"rendered":"<p>OG\u0141OSZENIA  &#8211; NARODZENIE JANA CHRZCICIELA (XII NIEDZIELA)<br \/>\n24 CZERWCA 2018 R.<\/p>\n<p>1.\tDzisiaj o 15.30 nabo\u017ce\u0144stwo do Bo\u017cego Serca.<\/p>\n<p>2.\tW poniedzia\u0142ek o 14.00 pogrzeb \u015bp. Aleksandry Kubickiej z ul. Budziwojskiej.<\/p>\n<p>3.\tWe wtorek nabo\u017ce\u0144stwo do \u015bw. Antoniego.<\/p>\n<p>4.\tWe \u015brod\u0119 Nowenna do Matki Bo\u017cej.<\/p>\n<p>5.\tW czwartek adoracja od 17.15 i okazja do spowiedzi.<\/p>\n<p>6.\tW pi\u0105tek uroczysto\u015b\u0107 \u015bw. Aposto\u0142\u00f3w Piotra i Paw\u0142a. Msze \u015bw. b\u0119d\u0105 o 7.00, 9.00, 18.00. Sk\u0142adka na Stolice Apostolsk\u0105. Nie ma wstrzemi\u0119\u017aliwo\u015bci od pokarm\u00f3w mi\u0119snych.<\/p>\n<p>7.\tW pi\u0105tek o 5.30 wyjazd naszej parafialnej pielgrzymki do Ziemi \u015awi\u0119tej.<\/p>\n<p>8.\tW sobot\u0119 zako\u0144czenie nabo\u017ce\u0144stw czerwcowych.<\/p>\n<p>9.\tW niedziel\u0119 po prymarii zmiana tajemnic r\u00f3\u017ca\u0144cowych. Na ka\u017cdej Mszy \u015bw. aspersja i odnowienie przyrzecze\u0144 chrzcielnych.<\/p>\n<p>10.\tW przysz\u0142\u0105 niedziele o godz. 17.00 w naszym ko\u015bciele odb\u0119dzie si\u0119 koncert pie\u015bni ch\u00f3ralnej w wykonaniu ch\u00f3ru m\u0119skiego \u201eHarfa\u201d z Bielska-Bia\u0142ej i ch\u00f3ru \u017ce\u0144skiego \u201eFontes\u201d z naszej parafii. Serdecznie zapraszamy.<\/p>\n<p>11.\tZapowiedzi: Mariusz Bator \u2013 Justyna Pa\u015bko (zap. II).<\/p>\n<p>12.\tB\u00f3g zap\u0142a\u0107 za ofiary na sprz\u0105tanie, w tym tygodniu z ul. Jana Paw\u0142a II prosimy rodziny: Joanny Wo\u017aniak, Joanny Walczak, El\u017cbiety Muszy\u0144skiej, Patrycji Juraszczyk, Lidii Falgier, Pauliny Jachim, Klaudii Lata\u0142a,  Jolanta Mikitka, Paulina Gmiterek,  Natalia Nowak.<\/p>\n<p>13.\tB\u00f3g zap\u0142a\u0107 za przekazan\u0105 na misje makulatur\u0119. Kontener jest ju\u017c pe\u0142ny i jutro b\u0119dzie zabrany. Prosimy o gromadzenie makulatury, kontener zn\u00f3w b\u0119dzie podstawiony na pocz\u0105tku wrze\u015bnia.<\/p>\n<p>14.\tW katedrze i w ko\u015bciele \u015bw. Micha\u0142a mo\u017cna si\u0119 dzisiaj zapisywa\u0107 na Piesz\u0105 pielgrzymk\u0119 do Cz\u0119stochowy \u2013 Grupa \u015bw. Kazimierza. Zach\u0119camy do pielgrzymowania. Szczeg\u00f3\u0142y na stronie pielgrzymki http:\/\/www.pielgrzymka.rzeszow.pl\/sw-kazimierz.html<\/p>\n<p>15.\tNa stoliczku za \u0142awkami jest nowy numer darmowej gazety \u201eDobre nowiny\u201d \u2013 zapraszamy do lektury.<\/p>\n<p>Do u\u017cytku wewn\u0119trznego parafii<\/p>\n<p>OG\u0141OSZENIA DIECEZJALNE<\/p>\n<p>1. Katolickie Stowarzyszenie M\u0142odzie\u017cy zaprasza na turnusy wakacyjne dla wszystkich dzieci od 4 klasy szko\u0142y podstawowej. Turnusy odbywa\u0107 si\u0119 b\u0119d\u0105 w domach rekolekcyjnych w Lipinkach                 i Rzeszowie &#8211; Przybysz\u00f3wce. Koszt turnus\u00f3w to jedynie 440 z\u0142. Podczas oboz\u00f3w  wiele atrakcji, mi\u0119dzy innymi wycieczki krajoznawcze, zabawy z animatorami czasu wolnego, warsztaty, nauka \u015bpiewu oraz spotkania w grupach. Zapisy i szczeg\u00f3\u0142owe informacje na stronie www.ksm.rzeszow.pl Serdecznie zapraszamy.<\/p>\n<p>2. Opiekun ko\u015bcio\u0142a w Hucie Pola\u0144skiej, ks. Wies\u0142aw Matyskiewicz zaprasza na uroczysto\u015b\u0107 odpustow\u0105 ku czci \u015bw. Jana z Dukli 1 lipca (niedziela) o godz. 14:00. Sumie odpustowej przewodniczy\u0142 b\u0119dzie Ksi\u0105dz Biskup Kazimierz G\u00f3rny, kazanie wyg\u0142osi O. Rafa\u0142 Klimas,<br \/>\na uroczysto\u015b\u0107 u\u015bwietni Gminna Orkiestra D\u0119ta z Brzezin. Tradycyjnie, po uroczysto\u015bci opiekun ko\u015bcio\u0142a zaprasza czcicieli \u015bw. Jana z Dukli na spotkanie przy \u201eBetanii\u201d.<\/p>\n<p>3. Diecezjalne Studium Organistowskie w Rzeszowie og\u0142asza nab\u00f3r kandydat\u00f3w na rok szkolny 2018\/2019. Szczeg\u00f3\u0142owe informacje na temat wymaganych dokument\u00f3w, przyj\u0119cia, mo\u017cna uzyska\u0107 w Instytucie Teologiczno-Pastoralnym w Rzeszowie, ul. Witolda 11a od poniedzia\u0142ku do pi\u0105tku w godz. od 9.00 -13.00 tel. (17) 871-24-00 lub (17) 871-24-03. Informacje s\u0105 podane na stronie studium www.dsorzeszow.pl. Zg\u0142oszenia przyjmowane s\u0105 do 15 wrze\u015bnia bie\u017c\u0105cego roku w sekretariacie Instytutu. Rozmowa kwalifikacyjna odb\u0119dzie si\u0119 15 wrze\u015bnia              (w sobot\u0119) o godz. 9.00 w budynku Instytutu Teologiczno-Pastoralnego. Prosimy o umieszczenie plakatu w gablocie z og\u0142oszeniami. <\/p>\n<p>4. W dniu 7 lipca 2018 roku zapraszamy na XVIII Og\u00f3lnopolsk\u0105 Pielgrzymk\u0119 Pokutn\u0105 za Grzechy Przeciw \u017byciu do Tarnowca (szczeg\u00f3\u0142y na plakacie).<\/p>\n<p>5. Informujemy, \u017ce Do\u017cynki Diecezjalne odb\u0119d\u0105 si\u0119 w niedziel\u0119, 26 sierpnia br. w Rzeszowie przy katedrze, w Parku Papieskim. Pocz\u0105tek o godz. 11.00. Msza \u015bw. o godz. 12.00. Zach\u0119camy do przygotowania wie\u0144c\u00f3w i delegacji z parafii. Prosimy w tym czasie nie organizowa\u0107 innych do\u017cynek czy uroczysto\u015bci.<\/p>\n","protected":false},"excerpt":{"rendered":"<p>&#8230;<\/p>\n","protected":false},"author":1,"featured_media":4336,"comment_status":"closed","ping_status":"open","sticky":false,"template":"","format":"standard","meta":{"ngg_post_thumbnail":0,"footnotes":""},"categories":[14],"tags":[],"class_list":["post-5373","post","type-post","status-publish","format-standard","has-post-thumbnail","hentry","category-ogloszenia_duszp"],"_links":{"self":[{"href":"https:\/\/mbsniezna.rzeszow.pl\/index.php\/wp-json\/wp\/v2\/posts\/5373","targetHints":{"allow":["GET"]}}],"collection":[{"href":"https:\/\/mbsniezna.rzeszow.pl\/index.php\/wp-json\/wp\/v2\/posts"}],"about":[{"href":"https:\/\/mbsniezna.rzeszow.pl\/index.php\/wp-json\/wp\/v2\/types\/post"}],"author":[{"embeddable":true,"href":"https:\/\/mbsniezna.rzeszow.pl\/index.php\/wp-json\/wp\/v2\/users\/1"}],"replies":[{"embeddable":true,"href":"https:\/\/mbsniezna.rzeszow.pl\/index.php\/wp-json\/wp\/v2\/comments?post=5373"}],"version-history":[{"count":3,"href":"https:\/\/mbsniezna.rzeszow.pl\/index.php\/wp-json\/wp\/v2\/posts\/5373\/revisions"}],"predecessor-version":[{"id":5376,"href":"https:\/\/mbsniezna.rzeszow.pl\/index.php\/wp-json\/wp\/v2\/posts\/5373\/revisions\/5376"}],"wp:featuredmedia":[{"embeddable":true,"href":"https:\/\/mbsniezna.rzeszow.pl\/index.php\/wp-json\/wp\/v2\/media\/4336"}],"wp:attachment":[{"href":"https:\/\/mbsniezna.rzeszow.pl\/index.php\/wp-json\/wp\/v2\/media?parent=5373"}],"wp:term":[{"taxonomy":"category","embeddable":true,"href":"https:\/\/mbsniezna.rzeszow.pl\/index.php\/wp-json\/wp\/v2\/categories?post=5373"},{"taxonomy":"post_tag","embeddable":true,"href":"https:\/\/mbsniezna.rzeszow.pl\/index.php\/wp-json\/wp\/v2\/tags?post=5373"}],"curies":[{"name":"wp","href":"https:\/\/api.w.org\/{rel}","templated":true}]}}