{"id":5377,"date":"2018-06-30T23:03:06","date_gmt":"2018-06-30T21:03:06","guid":{"rendered":"https:\/\/mbsniezna.rzeszow.pl\/?p=5377"},"modified":"2018-06-30T23:03:06","modified_gmt":"2018-06-30T21:03:06","slug":"intencje-mszalne-02-07-2018-08-07-2018-r","status":"publish","type":"post","link":"https:\/\/mbsniezna.rzeszow.pl\/index.php\/2018\/06\/30\/intencje-mszalne-02-07-2018-08-07-2018-r\/","title":{"rendered":"Intencje mszalne 02.07.2018 \u2013 08.07.2018 r."},"content":{"rendered":"<p><strong>Poniedzia\u0142ek: 02.07<\/strong><\/p>\n<table width=\"0\">\n<tbody>\n<tr>\n<td width=\"76\"><strong>7.00<\/strong><\/td>\n<td width=\"624\">1.&nbsp;&nbsp;&nbsp;&nbsp;&nbsp; + Wies\u0142aw Materna<\/td>\n<\/tr>\n<tr>\n<td width=\"76\"><strong>18.00<\/strong><\/td>\n<td width=\"624\">\n<ol>\n<li>+ El\u017cbieta P\u0105czek (2)<\/li>\n<\/ol>\n<p><em>+ Zofia Najda od rodziny Ma\u0107kowicz\u00f3w \u2013 Tarnoszyn<\/em><\/td>\n<\/tr>\n<\/tbody>\n<\/table>\n<p>&nbsp;<\/p>\n<p><strong>&nbsp;<\/strong><\/p>\n<p><strong>Wtorek: 03.07<\/strong><\/p>\n<table width=\"0\">\n<tbody>\n<tr>\n<td width=\"76\"><strong>7.00<\/strong><\/td>\n<td width=\"624\">1.&nbsp;&nbsp;&nbsp;&nbsp;&nbsp; + J\u00f3zef Jamr\u00f3z w 16 r. \u015bmierci<\/td>\n<\/tr>\n<tr>\n<td width=\"76\"><strong>18.00<\/strong><\/td>\n<td width=\"624\">\n<ol>\n<li>+ El\u017cbieta P\u0105czek (3)<\/li>\n<\/ol>\n<p><em>+ Zofia Najda od Jana Krowiak \u2013 Tarnoszyn<\/em><\/td>\n<\/tr>\n<\/tbody>\n<\/table>\n<p>&nbsp;<\/p>\n<p><strong>\u015aroda: 04.07<\/strong><\/p>\n<table width=\"0\">\n<tbody>\n<tr>\n<td width=\"76\"><strong>7.00<\/strong><\/td>\n<td width=\"624\">1.&nbsp;&nbsp;&nbsp;&nbsp;&nbsp; + Ireneusz \u017babik w 3 r. \u015bmierci<\/td>\n<\/tr>\n<tr>\n<td width=\"76\"><strong>18.00<\/strong><\/td>\n<td width=\"624\">\n<ol>\n<li>+ El\u017cbieta P\u0105czek (4)<\/li>\n<li>+ Jadwiga Kempanowska \u2013 Bury w 15 r. \u015bmierci<\/li>\n<\/ol>\n<p><em>+ Zofia Najda od Antoniego Krowiak \u2013 Tarnoszyn<\/em><\/td>\n<\/tr>\n<\/tbody>\n<\/table>\n<p>&nbsp;<\/p>\n<p><strong>Czwartek: 05.07<\/strong><\/p>\n<table width=\"0\">\n<tbody>\n<tr>\n<td width=\"76\"><strong>7.00<\/strong><\/td>\n<td width=\"624\">\n<ol>\n<li>Dzi\u0119kczynna w 30 r. \u015blubu z pro\u015bb\u0105 o dalsze \u0142aski<\/li>\n<\/ol>\n<\/td>\n<\/tr>\n<tr>\n<td width=\"76\"><strong>18.00<\/strong><\/td>\n<td width=\"624\">\n<ol>\n<li>+ El\u017cbieta P\u0105czek (5)<\/li>\n<li>Dzi\u0119kczynna w 15 r. \u015blubu Katarzyny i Wac\u0142awa B\u0142o\u0144skich<\/li>\n<\/ol>\n<p><em>+ Zofia Najda od koleg\u00f3w z pracy Bogumi\u0142a \u2013 Tarnoszyn<\/em><\/td>\n<\/tr>\n<\/tbody>\n<\/table>\n<p><strong>&nbsp;<\/strong><\/p>\n<p><strong>Pi\u0105tek: 06.07<\/strong><\/p>\n<table width=\"0\">\n<tbody>\n<tr>\n<td width=\"76\"><strong>7.00<\/strong><\/td>\n<td width=\"624\">1.&nbsp;&nbsp;&nbsp;&nbsp;&nbsp; + Janina, Eugeniusz Kotula oraz + Danuta Hajnosz<\/td>\n<\/tr>\n<tr>\n<td width=\"76\"><strong>18.00<\/strong><\/td>\n<td width=\"624\">\n<ol>\n<li>+ El\u017cbieta P\u0105czek (6)<\/li>\n<\/ol>\n<p><em>+ Zofia Najda od rodziny Baran\u00f3w z dzie\u0107mi z Rzeszowa<\/em><\/td>\n<\/tr>\n<\/tbody>\n<\/table>\n<p><strong>&nbsp;<\/strong><\/p>\n<p><strong>Sobota: 07.07<\/strong><\/p>\n<table width=\"0\">\n<tbody>\n<tr>\n<td width=\"76\"><strong>7.00<\/strong><\/td>\n<td width=\"624\">1.&nbsp;&nbsp;&nbsp;&nbsp;&nbsp; Wynagradzaj\u0105ca Niepokalanemu Sercu Maryi z pro\u015bb\u0105 o dalsze \u0142aski<\/td>\n<\/tr>\n<tr>\n<td width=\"76\"><strong>18.00<\/strong><\/td>\n<td width=\"624\">\n<ol>\n<li>+ El\u017cbieta P\u0105czek (7)<\/li>\n<li>+ Marian Pa\u015bko w 2 r. \u015bmierci<\/li>\n<li>O szcz\u0119\u015bliwe rozwi\u0105zanie dla Jadwigi<\/li>\n<\/ol>\n<p><em>+ Zofia Najda od s\u0105siad\u00f3w z Herbowej \u2013 Tarnoszyn<\/em><\/td>\n<\/tr>\n<\/tbody>\n<\/table>\n<p><strong>&nbsp;<\/strong><\/p>\n<p><strong>NIEDZIELA: 08.07<\/strong><\/p>\n<table width=\"0\">\n<tbody>\n<tr>\n<td width=\"76\"><strong>7.00<\/strong><\/td>\n<td width=\"624\">1.&nbsp;&nbsp;&nbsp;&nbsp;&nbsp; + El\u017cbieta P\u0105czek (8)<\/td>\n<\/tr>\n<tr>\n<td width=\"76\"><strong>9.00<\/strong><\/td>\n<td width=\"624\">1.&nbsp;&nbsp;&nbsp;&nbsp;&nbsp; + Jan Lampart w 2 r. \u015bmierci<\/p>\n<p>2.&nbsp;&nbsp;&nbsp;&nbsp;&nbsp; W intencji Martyny w 18 urodziny<\/td>\n<\/tr>\n<tr>\n<td width=\"76\"><strong>10.30<\/strong><\/td>\n<td width=\"624\">1.&nbsp;&nbsp;&nbsp;&nbsp;&nbsp; + Emil Pr\u0119dki w 5 r. \u015bmierci<\/p>\n<p><em>+ Zofia Najda od s\u0105siad\u00f3w z ul. Lotosowej<\/em><\/td>\n<\/tr>\n<tr>\n<td width=\"76\"><strong>12.00<\/strong><\/td>\n<td width=\"624\">1.&nbsp;&nbsp;&nbsp;&nbsp;&nbsp; + Stanis\u0142aw i Stanis\u0142awa Konieczkowscy<\/td>\n<\/tr>\n<tr>\n<td width=\"76\"><strong>16.00<\/strong><\/td>\n<td width=\"624\">1.&nbsp;&nbsp;&nbsp;&nbsp;&nbsp; W intencji parafian<\/td>\n<\/tr>\n<tr>\n<td width=\"76\"><strong>18.00<\/strong><\/td>\n<td width=\"624\">\n<ol>\n<li>Dzi\u0119kczynna z pro\u015bb\u0105 o Bo\u017ce b\u0142ogos\u0142awie\u0144stwo dla Krzysztofa w 18 urodziny<\/li>\n<\/ol>\n<\/td>\n<\/tr>\n<\/tbody>\n<\/table>\n<p>Do u\u017cytku wewn\u0119trznego parafii!<\/p>\n","protected":false},"excerpt":{"rendered":"<p>&#8230;<\/p>\n","protected":false},"author":1,"featured_media":5311,"comment_status":"closed","ping_status":"open","sticky":false,"template":"","format":"standard","meta":{"ngg_post_thumbnail":0,"footnotes":""},"categories":[4],"tags":[],"class_list":["post-5377","post","type-post","status-publish","format-standard","has-post-thumbnail","hentry","category-intencje"],"_links":{"self":[{"href":"https:\/\/mbsniezna.rzeszow.pl\/index.php\/wp-json\/wp\/v2\/posts\/5377","targetHints":{"allow":["GET"]}}],"collection":[{"href":"https:\/\/mbsniezna.rzeszow.pl\/index.php\/wp-json\/wp\/v2\/posts"}],"about":[{"href":"https:\/\/mbsniezna.rzeszow.pl\/index.php\/wp-json\/wp\/v2\/types\/post"}],"author":[{"embeddable":true,"href":"https:\/\/mbsniezna.rzeszow.pl\/index.php\/wp-json\/wp\/v2\/users\/1"}],"replies":[{"embeddable":true,"href":"https:\/\/mbsniezna.rzeszow.pl\/index.php\/wp-json\/wp\/v2\/comments?post=5377"}],"version-history":[{"count":1,"href":"https:\/\/mbsniezna.rzeszow.pl\/index.php\/wp-json\/wp\/v2\/posts\/5377\/revisions"}],"predecessor-version":[{"id":5378,"href":"https:\/\/mbsniezna.rzeszow.pl\/index.php\/wp-json\/wp\/v2\/posts\/5377\/revisions\/5378"}],"wp:featuredmedia":[{"embeddable":true,"href":"https:\/\/mbsniezna.rzeszow.pl\/index.php\/wp-json\/wp\/v2\/media\/5311"}],"wp:attachment":[{"href":"https:\/\/mbsniezna.rzeszow.pl\/index.php\/wp-json\/wp\/v2\/media?parent=5377"}],"wp:term":[{"taxonomy":"category","embeddable":true,"href":"https:\/\/mbsniezna.rzeszow.pl\/index.php\/wp-json\/wp\/v2\/categories?post=5377"},{"taxonomy":"post_tag","embeddable":true,"href":"https:\/\/mbsniezna.rzeszow.pl\/index.php\/wp-json\/wp\/v2\/tags?post=5377"}],"curies":[{"name":"wp","href":"https:\/\/api.w.org\/{rel}","templated":true}]}}