{"id":5379,"date":"2018-06-30T23:05:04","date_gmt":"2018-06-30T21:05:04","guid":{"rendered":"https:\/\/mbsniezna.rzeszow.pl\/?p=5379"},"modified":"2018-06-30T23:05:04","modified_gmt":"2018-06-30T21:05:04","slug":"ogloszenia-na-xiii-niedziele-zwykla-01-07-2018-r","status":"publish","type":"post","link":"https:\/\/mbsniezna.rzeszow.pl\/index.php\/2018\/06\/30\/ogloszenia-na-xiii-niedziele-zwykla-01-07-2018-r\/","title":{"rendered":"Og\u0142oszenia na XIII Niedziel\u0119 zwyk\u0142\u0105, 01.07.2018 r."},"content":{"rendered":"<p>OG\u0141OSZENIA \u2013 XIII NIEDZIELA ZWYK\u0141A<br \/>\n1 LIPCA 2018 R.<\/p>\n<p>1.\tDzisiaj rozpoczynamy miesi\u0105c lipiec, kt\u00f3ry po\u015bwi\u0119cony jest czci Najdro\u017cszej Krwi Chrystusa \u2013 litania przez ca\u0142y miesi\u0105c po Mszy porannej.<\/p>\n<p>2.\tDzisiaj o godz. 17.00 koncert pie\u015bni ch\u00f3ralnej w wykonaniu ch\u00f3ru m\u0119skiego \u201eHarfa\u201d z Bielska-Bia\u0142ej i ch\u00f3ru \u017ce\u0144skiego \u201eFontes\u201d z naszej parafii. Zapraszamy.<\/p>\n<p>3.\tWe wtorek nabo\u017ce\u0144stwo do \u015bw. Antoniego.<\/p>\n<p>4.\tWe \u015brod\u0119 Nowenna do Matki Bo\u017cej.<\/p>\n<p>5.\tI czwartek miesi\u0105ca \u2013 dzie\u0144 modlitwy o powo\u0142ania kap\u0142a\u0144skie, zakonne i misyjne \u2013 od 17.15 adoracja i okazja do spowiedzi.<\/p>\n<p>6.\tI pi\u0105tek miesi\u0105ca: spowied\u017a od 6.30 oraz od 16.30 \u2013 komunia o 17.00 i 17.30, zapraszamy dzieci komunijne i kandydat\u00f3w do bierzmowania, o 18.00 Msza \u015ba.. i nabo\u017ce\u0144stwo do Bo\u017cego Serca.<\/p>\n<p>7.\tW pi\u0105tek o godz. 14.00 nasza parafia go\u015bci\u0107 b\u0119dzie ok 400 pieszych pielgrzym\u00f3w z Przemy\u015bla do Cz\u0119stochowy. Bardzo serdecznie prosimy parafian o dostarczenie dla pielgrzym\u00f3w: ciasta, wody mineralnej i kompotu. Oka\u017cmy go\u015bcinno\u015b\u0107. Pielgrzymi obiecuj\u0105 modlitw\u0119 za swoich dobroczy\u0144c\u00f3w.<\/p>\n<p>8.\tI sobota \u2013 po Mszy wieczornej r\u00f3\u017caniec fatimski. Rozpocz\u0119cie nowenny przed \u015bwi\u0119tem Matki Bo\u017cej Szkaplerznej \u2013 zapraszamy czcicieli szkaplerza.<\/p>\n<p>9.\tW tym miesi\u0105cu do chorych udamy si\u0119 w pierwsz\u0105 sobot\u0119 od godz. 9.00 \u2013 r\u00f3wnocze\u015bnie do Villa Seniora i do chorych po domach.<\/p>\n<p>10.\tR\u00f3\u017caniec w niedziel\u0119 r\u00f3\u017ca Teresy Basiura.<\/p>\n<p>11.\tZapowiedzi: \u0141ukasz Pr\u0119dki \u2013 And\u017celika Rokita (zap. I); Mariusz Bator \u2013 Justyna Pa\u015bko (zap. III).<\/p>\n<p>12.\tB\u00f3g zap\u0142a\u0107 za sk\u0142adk\u0119 inwestycyjn\u0105, kt\u00f3ra wynios\u0142a 10 250 z\u0142. Dzi\u0119kujemy za ofiary sk\u0142adane w inne niedziele i wp\u0142acane na konto.<\/p>\n<p>13.\tB\u00f3g zap\u0142a\u0107 za ofiary na sprz\u0105tanie ko\u015bcio\u0142a, w tym tygodniu z ul. Jana Paw\u0142a II prosimy rodziny: Agnieszki ba\u0107, Anny Knap, Anny Kmiotek, Anny K\u0142apkowskiej, Magdaleny Karlik, Moniki Woli\u0144skiej, Karoliny Sosn\u00f3wka, Eweliny Piwko, Anety Kuc-Muniak, Moniki \u017bes\u0142awskiej,  Barbary Radziszewskiej, Ewy Chorz\u0119pa.<\/p>\n<p>14.\tDo\u017cynki parafialne b\u0119d\u0105 w niedziel\u0119 19 sierpnia na Mszy \u015bw. o godz. 12.00. O przygotowanie wie\u0144c\u00f3w prosimy zespo\u0142y ludowe \u201eBudziwojce\u201d i \u201eWeso\u0142e kumoszki\u201d.<\/p>\n<p>15.\tW okresie wakacyjnym, kiedy mamy wi\u0119cej wolnego czasu zapraszamy w dni powszednie na Msz\u0119 \u015bw., na nabo\u017ce\u0144stwa, adoracje i spowied\u017a.<\/p>\n<p>Do u\u017cytku wewn\u0119trznego parafii!<\/p>\n","protected":false},"excerpt":{"rendered":"<p>&#8230;<\/p>\n","protected":false},"author":1,"featured_media":129,"comment_status":"closed","ping_status":"open","sticky":false,"template":"","format":"standard","meta":{"ngg_post_thumbnail":0,"footnotes":""},"categories":[14],"tags":[],"class_list":["post-5379","post","type-post","status-publish","format-standard","has-post-thumbnail","hentry","category-ogloszenia_duszp"],"_links":{"self":[{"href":"https:\/\/mbsniezna.rzeszow.pl\/index.php\/wp-json\/wp\/v2\/posts\/5379","targetHints":{"allow":["GET"]}}],"collection":[{"href":"https:\/\/mbsniezna.rzeszow.pl\/index.php\/wp-json\/wp\/v2\/posts"}],"about":[{"href":"https:\/\/mbsniezna.rzeszow.pl\/index.php\/wp-json\/wp\/v2\/types\/post"}],"author":[{"embeddable":true,"href":"https:\/\/mbsniezna.rzeszow.pl\/index.php\/wp-json\/wp\/v2\/users\/1"}],"replies":[{"embeddable":true,"href":"https:\/\/mbsniezna.rzeszow.pl\/index.php\/wp-json\/wp\/v2\/comments?post=5379"}],"version-history":[{"count":1,"href":"https:\/\/mbsniezna.rzeszow.pl\/index.php\/wp-json\/wp\/v2\/posts\/5379\/revisions"}],"predecessor-version":[{"id":5380,"href":"https:\/\/mbsniezna.rzeszow.pl\/index.php\/wp-json\/wp\/v2\/posts\/5379\/revisions\/5380"}],"wp:featuredmedia":[{"embeddable":true,"href":"https:\/\/mbsniezna.rzeszow.pl\/index.php\/wp-json\/wp\/v2\/media\/129"}],"wp:attachment":[{"href":"https:\/\/mbsniezna.rzeszow.pl\/index.php\/wp-json\/wp\/v2\/media?parent=5379"}],"wp:term":[{"taxonomy":"category","embeddable":true,"href":"https:\/\/mbsniezna.rzeszow.pl\/index.php\/wp-json\/wp\/v2\/categories?post=5379"},{"taxonomy":"post_tag","embeddable":true,"href":"https:\/\/mbsniezna.rzeszow.pl\/index.php\/wp-json\/wp\/v2\/tags?post=5379"}],"curies":[{"name":"wp","href":"https:\/\/api.w.org\/{rel}","templated":true}]}}