{"id":5381,"date":"2018-07-08T10:13:06","date_gmt":"2018-07-08T08:13:06","guid":{"rendered":"https:\/\/mbsniezna.rzeszow.pl\/?p=5381"},"modified":"2018-07-08T10:13:34","modified_gmt":"2018-07-08T08:13:34","slug":"intencje-mszalne-09-07-2018-15-07-2018-r","status":"publish","type":"post","link":"https:\/\/mbsniezna.rzeszow.pl\/index.php\/2018\/07\/08\/intencje-mszalne-09-07-2018-15-07-2018-r\/","title":{"rendered":"Intencje mszalne 09.07.2018 \u2013 15.07.2018 r."},"content":{"rendered":"<p><strong>Poniedzia\u0142ek: 09.07<\/strong><\/p>\n<table width=\"0\">\n<tbody>\n<tr>\n<td width=\"76\"><strong>7.00<\/strong><\/td>\n<td width=\"624\">1. + El\u017cbieta P\u0105czek (9)<\/td>\n<\/tr>\n<tr>\n<td width=\"76\"><strong>18.00<\/strong><\/td>\n<td width=\"624\">1. + Marian Jacek ++ z rodziny<\/p>\n<p>2. + Beata Praso\u0142 od rodz. Ka\u0142uckich<\/p>\n<p>3 + W\u0142adys\u0142aw S\u0142owik od rodz. Praso\u0142<\/p>\n<p><em>+ Szczepan Chmiel od rodz. Mazur \u2013 Tarnoszyn<\/em><\/td>\n<\/tr>\n<\/tbody>\n<\/table>\n<p>&nbsp;<\/p>\n<p><strong>Wtorek: 10.07<\/strong><\/p>\n<table width=\"0\">\n<tbody>\n<tr>\n<td width=\"76\"><strong>7.00<\/strong><\/td>\n<td width=\"624\">1. + El\u017cbieta P\u0105czek (10)<\/td>\n<\/tr>\n<tr>\n<td width=\"76\"><strong>18.00<\/strong><\/td>\n<td width=\"624\">1. + Gra\u017cyna Paluch; Wies\u0142awa, Stanis\u0142aw Piekie\u0142ek; Dariusz Surowiec<\/p>\n<p>2. + Les\u0142aw Matu\u0142a (1 rocz.)<\/p>\n<p>3. + Anna Dudek od El\u017cbiety i Romana Tabisz z rodz. \u2013 zako\u0144czenie Mszy \u015bw. pogrzebowych<\/p>\n<p><em>+Szczepan Chmiel od Jacka Lasota z rodz. \u2013 Tarnoszyn<\/em><\/td>\n<\/tr>\n<\/tbody>\n<\/table>\n<p>&nbsp;<\/p>\n<p><strong>\u015aroda: 11.07<\/strong><\/p>\n<table width=\"0\">\n<tbody>\n<tr>\n<td width=\"76\"><strong>7.00<\/strong><\/td>\n<td width=\"624\">1. + El\u017cbieta P\u0105czek (11)<\/td>\n<\/tr>\n<tr>\n<td width=\"76\"><strong>18.00<\/strong><\/td>\n<td width=\"624\">1. + Janina (4 rocz.), Antoni Mi\u0105sik<\/p>\n<p>2. + Czes\u0142aw i Czes\u0142awa Skoczylas<\/p>\n<p>3 + Anna Grzebyk od wnuka Micha\u0142a z rodz. \u2013 zako\u0144czenie Mszy \u015bw. pogrzebowych<\/p>\n<p><em>+ Szczepan Chmiel od Reginy i Andrzeja Dr\u0105\u017cek \u2013 Tarnoszyn<\/em><\/td>\n<\/tr>\n<\/tbody>\n<\/table>\n<p>&nbsp;<\/p>\n<p><strong>Czwartek: 12.07<\/strong><\/p>\n<table width=\"0\">\n<tbody>\n<tr>\n<td width=\"76\"><strong>7.00<\/strong><\/td>\n<td width=\"624\">1. + El\u017cbieta P\u0105czek (12)<\/td>\n<\/tr>\n<tr>\n<td width=\"76\"><strong>18.00<\/strong><\/td>\n<td width=\"624\">1. + Stanis\u0142awa My\u015bliwy od znajomego<\/p>\n<p>2. + Henryk Wojturski od chrzestnej Anety z rodz.<\/p>\n<p>3 + Stanis\u0142aw Kotula od siostry z rodz.<\/p>\n<p><em>+ Szczepan Chmiel od rodz. Rumak\u00f3w\u2013 Tarnoszyn<\/em><\/td>\n<\/tr>\n<\/tbody>\n<\/table>\n<p><strong>&nbsp;<\/strong><\/p>\n<p><strong>Pi\u0105tek: 13.07<\/strong><\/p>\n<table width=\"0\">\n<tbody>\n<tr>\n<td width=\"76\"><strong>7.00<\/strong><\/td>\n<td width=\"624\">1. + El\u017cbieta P\u0105czek (13)<\/td>\n<\/tr>\n<tr>\n<td width=\"76\"><strong>18.00<\/strong><\/td>\n<td width=\"624\">1. + Michalina, Tomasz, Franciszek Pa\u015bko<\/p>\n<p>2. O b\u0142og. Bo\u017ce dla Marii Pa\u0142ka-Brodowicz w 50-lecie urodzin<\/p>\n<p>3. + Justyna Grzebyk od c\u00f3rki<\/p>\n<p><em>+ Szczepan Chmiel od rodz. Ziemniak\u00f3w &#8211; Tarnoszyn<\/em><\/td>\n<\/tr>\n<\/tbody>\n<\/table>\n<p><strong>&nbsp;<\/strong><\/p>\n<p><strong>Sobota: 14.07<\/strong><\/p>\n<table width=\"0\">\n<tbody>\n<tr>\n<td width=\"76\"><strong>7.00<\/strong><\/td>\n<td width=\"624\">1. + El\u017cbieta P\u0105czek (14)<\/td>\n<\/tr>\n<tr>\n<td width=\"76\"><strong>18.00<\/strong><\/td>\n<td width=\"624\">1. Dzi\u0119kczynna i o Bo\u017ce b\u0142og. dla Teresy i Wies\u0142awa w 30-lecie&nbsp; \u015blubu<\/p>\n<p>2. + Danuta, Micha\u0142 Kalembkiewicz<\/p>\n<p>3. + Maria Pasierb od syna Darka z rodz.<\/p>\n<p><em>+ Szczepan Chmiel od rodz. Lasot\u00f3w z Siedlisk\u2013 Tarnoszyn<\/em><\/td>\n<\/tr>\n<\/tbody>\n<\/table>\n<p><strong>&nbsp;<\/strong><\/p>\n<p><strong>NIEDZIELA: 15.07<\/strong><\/p>\n<table width=\"0\">\n<tbody>\n<tr>\n<td width=\"76\"><strong>7.00<\/strong><\/td>\n<td width=\"624\">1. + Eugeniusz Pa\u015bkiewicz<\/td>\n<\/tr>\n<tr>\n<td width=\"76\"><strong>9.00<\/strong><\/td>\n<td width=\"624\">1. O zdrowie, b\u0142og. Bo\u017ce i potrzebne \u0142aski dla Justyny<\/td>\n<\/tr>\n<tr>\n<td width=\"76\"><strong>10.30<\/strong><\/td>\n<td width=\"624\">1. + Helena Go\u015b (40 rocz.) ++ z rodziny<\/p>\n<p><em>Szczepan Chmiel od rodz. Dryj\u00f3w<\/em><\/td>\n<\/tr>\n<tr>\n<td width=\"76\"><strong>12.00<\/strong><\/td>\n<td width=\"624\">1. + Za parafian \u017cywych i zmar\u0142ych<\/td>\n<\/tr>\n<tr>\n<td width=\"76\"><strong>16.00<\/strong><\/td>\n<td width=\"624\">1. + El\u017cbieta P\u0105czek<\/td>\n<\/tr>\n<tr>\n<td width=\"76\"><strong>18.00<\/strong><\/td>\n<td width=\"624\">&nbsp;<\/td>\n<\/tr>\n<\/tbody>\n<\/table>\n<p>Do u\u017cytku wewn\u0119trznego parafii<\/p>\n","protected":false},"excerpt":{"rendered":"<p>&#8230;<\/p>\n","protected":false},"author":1,"featured_media":5337,"comment_status":"closed","ping_status":"open","sticky":false,"template":"","format":"standard","meta":{"ngg_post_thumbnail":0,"footnotes":""},"categories":[4],"tags":[],"class_list":["post-5381","post","type-post","status-publish","format-standard","has-post-thumbnail","hentry","category-intencje"],"_links":{"self":[{"href":"https:\/\/mbsniezna.rzeszow.pl\/index.php\/wp-json\/wp\/v2\/posts\/5381","targetHints":{"allow":["GET"]}}],"collection":[{"href":"https:\/\/mbsniezna.rzeszow.pl\/index.php\/wp-json\/wp\/v2\/posts"}],"about":[{"href":"https:\/\/mbsniezna.rzeszow.pl\/index.php\/wp-json\/wp\/v2\/types\/post"}],"author":[{"embeddable":true,"href":"https:\/\/mbsniezna.rzeszow.pl\/index.php\/wp-json\/wp\/v2\/users\/1"}],"replies":[{"embeddable":true,"href":"https:\/\/mbsniezna.rzeszow.pl\/index.php\/wp-json\/wp\/v2\/comments?post=5381"}],"version-history":[{"count":1,"href":"https:\/\/mbsniezna.rzeszow.pl\/index.php\/wp-json\/wp\/v2\/posts\/5381\/revisions"}],"predecessor-version":[{"id":5382,"href":"https:\/\/mbsniezna.rzeszow.pl\/index.php\/wp-json\/wp\/v2\/posts\/5381\/revisions\/5382"}],"wp:featuredmedia":[{"embeddable":true,"href":"https:\/\/mbsniezna.rzeszow.pl\/index.php\/wp-json\/wp\/v2\/media\/5337"}],"wp:attachment":[{"href":"https:\/\/mbsniezna.rzeszow.pl\/index.php\/wp-json\/wp\/v2\/media?parent=5381"}],"wp:term":[{"taxonomy":"category","embeddable":true,"href":"https:\/\/mbsniezna.rzeszow.pl\/index.php\/wp-json\/wp\/v2\/categories?post=5381"},{"taxonomy":"post_tag","embeddable":true,"href":"https:\/\/mbsniezna.rzeszow.pl\/index.php\/wp-json\/wp\/v2\/tags?post=5381"}],"curies":[{"name":"wp","href":"https:\/\/api.w.org\/{rel}","templated":true}]}}