{"id":5383,"date":"2018-07-08T10:15:40","date_gmt":"2018-07-08T08:15:40","guid":{"rendered":"https:\/\/mbsniezna.rzeszow.pl\/?p=5383"},"modified":"2018-07-08T10:21:55","modified_gmt":"2018-07-08T08:21:55","slug":"ogloszenia-na-xiv-niedziele-zwykla-08-07-2018-r","status":"publish","type":"post","link":"https:\/\/mbsniezna.rzeszow.pl\/index.php\/2018\/07\/08\/ogloszenia-na-xiv-niedziele-zwykla-08-07-2018-r\/","title":{"rendered":"Og\u0142oszenia na XIV Niedziel\u0119 zwyk\u0142\u0105, 08.07.2018 r."},"content":{"rendered":"<p>OG\u0141OSZENIA \u2013 XIV NIEDZIELA ZWYK\u0141A<br \/>\n8 LIPCA 2018 R.<\/p>\n<p>1.\tTrwa Nowenna przed \u015bwi\u0119tem Matki Bo\u017cej Szkaplerznej \u2013 zapraszamy czcicieli szkaplerza.<\/p>\n<p>2.\tJutro o 14.00 pogrzeb \u015bp. Stanis\u0142awa Ziemniaka z ul. Miejskiej.<\/p>\n<p>3.\tW \u015brod\u0119 \u015bw. Benedykta \u2013 patrona Europy.<\/p>\n<p>4.\tW czwartek od 17.15 adoracja Naj\u015bwi\u0119tszego Sakramentu i spowied\u017a.<\/p>\n<p>5.\tZa tydzie\u0144 III niedziela miesi\u0105ca \u2013 prosimy o sk\u0142adk\u0119 inwestycyjn\u0105. R\u00f3\u017caniec r\u00f3\u017ca Zofii Kap\u0142on.<\/p>\n<p>6.\tZapowiedzi: Dariusz Leniart \u2013 Ewelina Janda (zap. I); \u0141ukasz Pr\u0119dki \u2013 And\u017celika Rokita (zap. II).<\/p>\n<p>7.\tBardzo serdecznie dzi\u0119kujemy wszystkim, kt\u00f3rzy w\u0142\u0105czyli si\u0119 w przyj\u0119cie pieszych pielgrzym\u00f3w z Przemy\u015bla na Jasn\u0105 G\u00f3r\u0119. B\u00f3g zap\u0142a\u0107!<\/p>\n<p>8.\tB\u00f3g zap\u0142a\u0107 za ofiary sk\u0142adane na sprz\u0105tanie ko\u015bcio\u0142a. W tym tygodniu z ul. Jana Paw\u0142a II prosimy rodziny: Honoraty Skuza, Marii Ostafi\u0144skiej, Elwiry Tomo\u0144-Kundys, Weroniki Nykiel, Leokadii Ha\u0142o\u0144, Agnieszki Dzia\u0142owy-Kozubek, Bernadety Madej, Marty Dr\u0105\u017cek, Iwony Leszczy\u0144skiej, Anny Kwiecie\u0144, Marceliny M\u0105dziel, Katarzyny Hudzickiej-Chochorowskiej.<\/p>\n<p>9.\tW okresie wakacyjnym mamy wi\u0119cej wolnego czasu. Mo\u017cemy bardziej zaj\u0105\u0107 si\u0119 sprawami wiary. Zapraszamy w dni powszednie na Msze \u015bw., nabo\u017ce\u0144stwa, adoracje spowied\u017a. W czasie wyjazd\u00f3w pami\u0119tajmy o Mszy \u015bw. w niedziel\u0119. Pami\u0119tajmy, aby nasz str\u00f3j by\u0142 godny dla miejsca \u015bwi\u0119tego i spotkania z Panem Bogiem.<\/p>\n<p>Do u\u017cytku wewn\u0119trznego parafii MB \u015anie\u017cnej w Rzeszowie!<\/p>\n","protected":false},"excerpt":{"rendered":"<p>&#8230;<\/p>\n","protected":false},"author":1,"featured_media":4506,"comment_status":"closed","ping_status":"open","sticky":false,"template":"","format":"standard","meta":{"ngg_post_thumbnail":0,"footnotes":""},"categories":[14],"tags":[],"class_list":["post-5383","post","type-post","status-publish","format-standard","has-post-thumbnail","hentry","category-ogloszenia_duszp"],"_links":{"self":[{"href":"https:\/\/mbsniezna.rzeszow.pl\/index.php\/wp-json\/wp\/v2\/posts\/5383","targetHints":{"allow":["GET"]}}],"collection":[{"href":"https:\/\/mbsniezna.rzeszow.pl\/index.php\/wp-json\/wp\/v2\/posts"}],"about":[{"href":"https:\/\/mbsniezna.rzeszow.pl\/index.php\/wp-json\/wp\/v2\/types\/post"}],"author":[{"embeddable":true,"href":"https:\/\/mbsniezna.rzeszow.pl\/index.php\/wp-json\/wp\/v2\/users\/1"}],"replies":[{"embeddable":true,"href":"https:\/\/mbsniezna.rzeszow.pl\/index.php\/wp-json\/wp\/v2\/comments?post=5383"}],"version-history":[{"count":1,"href":"https:\/\/mbsniezna.rzeszow.pl\/index.php\/wp-json\/wp\/v2\/posts\/5383\/revisions"}],"predecessor-version":[{"id":5384,"href":"https:\/\/mbsniezna.rzeszow.pl\/index.php\/wp-json\/wp\/v2\/posts\/5383\/revisions\/5384"}],"wp:featuredmedia":[{"embeddable":true,"href":"https:\/\/mbsniezna.rzeszow.pl\/index.php\/wp-json\/wp\/v2\/media\/4506"}],"wp:attachment":[{"href":"https:\/\/mbsniezna.rzeszow.pl\/index.php\/wp-json\/wp\/v2\/media?parent=5383"}],"wp:term":[{"taxonomy":"category","embeddable":true,"href":"https:\/\/mbsniezna.rzeszow.pl\/index.php\/wp-json\/wp\/v2\/categories?post=5383"},{"taxonomy":"post_tag","embeddable":true,"href":"https:\/\/mbsniezna.rzeszow.pl\/index.php\/wp-json\/wp\/v2\/tags?post=5383"}],"curies":[{"name":"wp","href":"https:\/\/api.w.org\/{rel}","templated":true}]}}