{"id":5388,"date":"2018-07-15T00:15:07","date_gmt":"2018-07-14T22:15:07","guid":{"rendered":"https:\/\/mbsniezna.rzeszow.pl\/?p=5388"},"modified":"2018-07-15T00:15:07","modified_gmt":"2018-07-14T22:15:07","slug":"ogloszenia-na-xv-niedziele-zwykla-15-07-2018-r","status":"publish","type":"post","link":"https:\/\/mbsniezna.rzeszow.pl\/index.php\/2018\/07\/15\/ogloszenia-na-xv-niedziele-zwykla-15-07-2018-r\/","title":{"rendered":"Og\u0142oszenia  na XV Niedziel\u0119 zwyk\u0142\u0105, 15.07.2018 r."},"content":{"rendered":"<p>OG\u0141OSZENIA \u2013 XV NIEDZIELA ZWYK\u0141A<br \/>\n15 LIPCA 2018 R.<\/p>\n<p>1.\tJutro  wspomnienie Matki Bo\u017cej z G\u00f3ry Karmel \u2013 Matki Bo\u017cej Szkaplerznej. Zapraszamy wszystkich czcicieli szkaplerza. B\u0119dzie mo\u017cna otrzyma\u0107 szkaplerz.<\/p>\n<p>2.\tJutro tak\u017ce 16 dzie\u0144 miesi\u0105ca \u2013 nabo\u017ce\u0144stwo przy relikwiach \u015bw.  Jana Paw\u0142a II, prosimy o sk\u0142adanie pr\u00f3\u015bb i podzi\u0119kowa\u0144.<\/p>\n<p>3.\tWe wtorek nabo\u017ce\u0144stwo do \u015bw. Antoniego.<\/p>\n<p>4.\tW \u015brod\u0119 Nowenna do Matki Bo\u017cej Nieustaj\u0105cej Pomocy.<\/p>\n<p>5.\tW czwartek od 17.15 adoracja i spowied\u017a.<\/p>\n<p>6.\tW pi\u0105tek nabo\u017ce\u0144stwo do Bo\u017cego Mi\u0142osierdzia.<\/p>\n<p>7.\tW przysz\u0142\u0105 niedziel\u0119 na ka\u017cdej Mszy \u015bw. modlitwy za kierowc\u00f3w za przyczyna \u015bw. Krzysztofa, po\u015bwi\u0119cenie samochod\u00f3w oraz zbi\u00f3rka do puszek na pojazdy dla misjonarzy. R\u00f3\u017caniec r\u00f3\u017ca Olgi Kotula.<\/p>\n<p>8.\tZapowiedzi: Krzysztof Pocz\u0105tek \u2013 Dominika \u017byradzka, Dariusz Lew \u2013 Agnieszka Pa\u015bko (zap. I); Dariusz Leniart \u2013 Ewelina Janda (zap. II).<\/p>\n<p>9.\tB\u00f3g zap\u0142a\u0107 za ofiary na sprz\u0105tanie ko\u015bcio\u0142a, w tym tygodniu z ul. Jana Paw\u0142a II prosimy rodziny: Ewy T\u0142uczek, Janiny Kozik, Izabeli Weron, Sylwii Drupka, Magdaleny Pa\u015bko, Wies\u0142awy Pa\u015bko, Renaty Kalita, J\u00f3zefa Grzebyk, Barbary Lech, Ireny Li\u015bkiewicz, Edmunda My\u015bliwy, Bo\u017ceny Jaworek.<\/p>\n<p>10.\t W okresie wakacyjnym mamy wi\u0119cej wolnego czasu. Mo\u017cemy bardziej zaj\u0105\u0107 si\u0119 sprawami wiary. Zapraszamy w dni powszednie na Msze \u015bw., nabo\u017ce\u0144stwa, adoracje spowied\u017a. W czasie wyjazd\u00f3w pami\u0119tajmy o Mszy \u015bw. w niedziel\u0119. Pami\u0119tajmy, aby nasz str\u00f3j by\u0142 godny dla miejsca \u015bwi\u0119tego i spotkania z Panem Bogiem.<\/p>\n","protected":false},"excerpt":{"rendered":"<p>&#8230;<\/p>\n","protected":false},"author":1,"featured_media":129,"comment_status":"closed","ping_status":"open","sticky":false,"template":"","format":"standard","meta":{"ngg_post_thumbnail":0,"footnotes":""},"categories":[14],"tags":[],"class_list":["post-5388","post","type-post","status-publish","format-standard","has-post-thumbnail","hentry","category-ogloszenia_duszp"],"_links":{"self":[{"href":"https:\/\/mbsniezna.rzeszow.pl\/index.php\/wp-json\/wp\/v2\/posts\/5388","targetHints":{"allow":["GET"]}}],"collection":[{"href":"https:\/\/mbsniezna.rzeszow.pl\/index.php\/wp-json\/wp\/v2\/posts"}],"about":[{"href":"https:\/\/mbsniezna.rzeszow.pl\/index.php\/wp-json\/wp\/v2\/types\/post"}],"author":[{"embeddable":true,"href":"https:\/\/mbsniezna.rzeszow.pl\/index.php\/wp-json\/wp\/v2\/users\/1"}],"replies":[{"embeddable":true,"href":"https:\/\/mbsniezna.rzeszow.pl\/index.php\/wp-json\/wp\/v2\/comments?post=5388"}],"version-history":[{"count":1,"href":"https:\/\/mbsniezna.rzeszow.pl\/index.php\/wp-json\/wp\/v2\/posts\/5388\/revisions"}],"predecessor-version":[{"id":5389,"href":"https:\/\/mbsniezna.rzeszow.pl\/index.php\/wp-json\/wp\/v2\/posts\/5388\/revisions\/5389"}],"wp:featuredmedia":[{"embeddable":true,"href":"https:\/\/mbsniezna.rzeszow.pl\/index.php\/wp-json\/wp\/v2\/media\/129"}],"wp:attachment":[{"href":"https:\/\/mbsniezna.rzeszow.pl\/index.php\/wp-json\/wp\/v2\/media?parent=5388"}],"wp:term":[{"taxonomy":"category","embeddable":true,"href":"https:\/\/mbsniezna.rzeszow.pl\/index.php\/wp-json\/wp\/v2\/categories?post=5388"},{"taxonomy":"post_tag","embeddable":true,"href":"https:\/\/mbsniezna.rzeszow.pl\/index.php\/wp-json\/wp\/v2\/tags?post=5388"}],"curies":[{"name":"wp","href":"https:\/\/api.w.org\/{rel}","templated":true}]}}