{"id":5391,"date":"2018-07-22T22:29:43","date_gmt":"2018-07-22T20:29:43","guid":{"rendered":"https:\/\/mbsniezna.rzeszow.pl\/?p=5391"},"modified":"2018-07-22T22:29:43","modified_gmt":"2018-07-22T20:29:43","slug":"intencje-mszalne-23-07-2018-29-07-2018-r","status":"publish","type":"post","link":"https:\/\/mbsniezna.rzeszow.pl\/index.php\/2018\/07\/22\/intencje-mszalne-23-07-2018-29-07-2018-r\/","title":{"rendered":"Intencje mszalne 23.07.2018 \u2013 29.07.2018 r."},"content":{"rendered":"<p><strong>Poniedzia\u0142ek: 23.07<\/strong><\/p>\n<table width=\"0\">\n<tbody>\n<tr>\n<td width=\"76\"><strong>7.00<\/strong><\/td>\n<td width=\"624\">1. + El\u017cbieta P\u0105czek (23)<\/td>\n<\/tr>\n<tr>\n<td width=\"76\"><strong>18.00<\/strong><\/td>\n<td width=\"624\">1. + Olga, Tadeusz<\/p>\n<p>2. + Beata Praso\u0142 od rodz. Mi\u0105sik\u00f3w<\/p>\n<p><em>+ Eugeniusz Kukla od Urszuli i Romana Kalandyk. \u2013 Tarnoszyn<\/em><\/td>\n<\/tr>\n<\/tbody>\n<\/table>\n<p>&nbsp;<\/p>\n<p><strong>Wtorek: 24.07<\/strong><\/p>\n<table width=\"0\">\n<tbody>\n<tr>\n<td width=\"76\"><strong>7.00<\/strong><\/td>\n<td width=\"624\">1. + El\u017cbieta P\u0105czek (24)<\/p>\n<p>2. + Pawe\u0142 Ferenc od rodziny Grodeckich z ul. poselskiej<\/td>\n<\/tr>\n<tr>\n<td width=\"76\"><strong>18.00<\/strong><\/td>\n<td width=\"624\">1. + Helena Zalewa, Wanda Przedmojska<\/p>\n<p><em>+Eugeniusz Kukla od Bogumi\u0142y i Romana Fornal \u2013 Tarnoszyn<\/em><\/td>\n<\/tr>\n<\/tbody>\n<\/table>\n<p>&nbsp;<\/p>\n<p><strong>\u015aroda: 25.07<\/strong><\/p>\n<table width=\"0\">\n<tbody>\n<tr>\n<td width=\"76\"><strong>7.00<\/strong><\/td>\n<td width=\"624\">1. +&nbsp; El\u017cbieta P\u0105czek (25)<\/td>\n<\/tr>\n<tr>\n<td width=\"76\"><strong>18.00<\/strong><\/td>\n<td width=\"624\">1. + Katarzyna, J\u00f3zef Stachurski<\/p>\n<p>2. + Henryk Wojturski od siostrzenicy Katarzyny z rodz.<\/p>\n<p><em>+ Eugeniusz Kukla od Justyny i Zbigniewa \u2013 Tarnoszyn<\/em><\/td>\n<\/tr>\n<\/tbody>\n<\/table>\n<p>&nbsp;<\/p>\n<p><strong>Czwartek: 26.07<\/strong><\/p>\n<table width=\"0\">\n<tbody>\n<tr>\n<td width=\"76\"><strong>7.00<\/strong><\/td>\n<td width=\"624\">1. + El\u017cbieta P\u0105czek (26)<\/td>\n<\/tr>\n<tr>\n<td width=\"76\"><strong>18.00<\/strong><\/td>\n<td width=\"624\">1. + Anna, Maria, Kazimierz Domino<\/p>\n<p><em>+ Eugeniusz Kukla od Zofii Matu\u0142a z rodz.\u2013 Tarnoszyn<\/em><\/td>\n<\/tr>\n<\/tbody>\n<\/table>\n<p><strong>&nbsp;<\/strong><\/p>\n<p><strong>Pi\u0105tek: 27.07<\/strong><\/p>\n<table width=\"0\">\n<tbody>\n<tr>\n<td width=\"76\"><strong>7.00<\/strong><\/td>\n<td width=\"624\">1. + El\u017cbieta P\u0105czek (27)<\/td>\n<\/tr>\n<tr>\n<td width=\"76\"><strong>18.00<\/strong><\/td>\n<td width=\"624\">1. + Julia, J\u00f3zef Chmiel<\/p>\n<p>2. + W\u0142adys\u0142aw S\u0142owik od wnuka Damiana z rodz.<\/p>\n<p>3. + Justyna Grzebyk od rodziny Pa\u015bkiewicz<\/p>\n<p><em>+ Eugeniusz Kukla od Heleny i Barbary Biestek &#8211; Tarnoszyn<\/em><\/td>\n<\/tr>\n<\/tbody>\n<\/table>\n<p><strong>&nbsp;<\/strong><\/p>\n<p><strong>Sobota: 28.07<\/strong><\/p>\n<table width=\"0\">\n<tbody>\n<tr>\n<td width=\"76\"><strong>7.00<\/strong><\/td>\n<td width=\"624\">1. + El\u017cbieta P\u0105czek (28)<\/td>\n<\/tr>\n<tr>\n<td width=\"76\"><strong>18.00<\/strong><\/td>\n<td width=\"624\">1. + Marek (4 r.), Czes\u0142aw Szyd\u0142owski<\/p>\n<p>2. + Zofia, Wojciech (50 r.) Grzebyk<\/p>\n<p>3. + Stanis\u0142aw Kotula od Szybkowej z rodzin\u0105<\/p>\n<p><em>+ Eugeniusz Kukla od szwagra\u2013 Tarnoszyn<\/em><\/td>\n<\/tr>\n<\/tbody>\n<\/table>\n<p><strong>&nbsp;<\/strong><\/p>\n<p><strong>NIEDZIELA: 29.07<\/strong><\/p>\n<table width=\"0\">\n<tbody>\n<tr>\n<td width=\"76\"><strong>7.00<\/strong><\/td>\n<td width=\"624\">1. + J\u00f3zef Jacek<\/td>\n<\/tr>\n<tr>\n<td width=\"76\"><strong>9.00<\/strong><\/td>\n<td width=\"624\">1. + El\u017cbieta P\u0105czek (29)<\/p>\n<p>2. + Emil Ko\u015bci\u00f3\u0142ek<\/p>\n<p>3. O b\u0142og. Bo\u017ce dla s. Izabeli Pa\u0142ka<\/td>\n<\/tr>\n<tr>\n<td width=\"76\"><strong>10.30<\/strong><\/td>\n<td width=\"624\">1. + Eugeniusz, Aniela, Jan Burz<\/p>\n<p><em>+ Eugeniusz Kukla od rodziny Rzeszutk\u00f3w &#8211; Tarnoszyn<\/em><\/td>\n<\/tr>\n<tr>\n<td width=\"76\"><strong>12.00<\/strong><\/td>\n<td width=\"624\">1. Za parafian \u017cywych i zmar\u0142ych<\/td>\n<\/tr>\n<tr>\n<td width=\"76\"><strong>16.00<\/strong><\/td>\n<td width=\"624\">1. + Janusz Kotula (30 rocz.)<\/td>\n<\/tr>\n<tr>\n<td width=\"76\"><strong>18.00<\/strong><\/td>\n<td width=\"624\">1. + Stanis\u0142awa My\u015bliwy od Bronis\u0142awa i Zdzis\u0142awa Gr\u00f3dka<\/td>\n<\/tr>\n<\/tbody>\n<\/table>\n<p>Do u\u017cytku wewn\u0119trznego Parafii MB \u015anie\u017cnej w Rzeszowie!&nbsp;<\/p>\n","protected":false},"excerpt":{"rendered":"<p>&#8230;<\/p>\n","protected":false},"author":1,"featured_media":5337,"comment_status":"closed","ping_status":"open","sticky":false,"template":"","format":"standard","meta":{"ngg_post_thumbnail":0,"footnotes":""},"categories":[4],"tags":[],"class_list":["post-5391","post","type-post","status-publish","format-standard","has-post-thumbnail","hentry","category-intencje"],"_links":{"self":[{"href":"https:\/\/mbsniezna.rzeszow.pl\/index.php\/wp-json\/wp\/v2\/posts\/5391","targetHints":{"allow":["GET"]}}],"collection":[{"href":"https:\/\/mbsniezna.rzeszow.pl\/index.php\/wp-json\/wp\/v2\/posts"}],"about":[{"href":"https:\/\/mbsniezna.rzeszow.pl\/index.php\/wp-json\/wp\/v2\/types\/post"}],"author":[{"embeddable":true,"href":"https:\/\/mbsniezna.rzeszow.pl\/index.php\/wp-json\/wp\/v2\/users\/1"}],"replies":[{"embeddable":true,"href":"https:\/\/mbsniezna.rzeszow.pl\/index.php\/wp-json\/wp\/v2\/comments?post=5391"}],"version-history":[{"count":1,"href":"https:\/\/mbsniezna.rzeszow.pl\/index.php\/wp-json\/wp\/v2\/posts\/5391\/revisions"}],"predecessor-version":[{"id":5392,"href":"https:\/\/mbsniezna.rzeszow.pl\/index.php\/wp-json\/wp\/v2\/posts\/5391\/revisions\/5392"}],"wp:featuredmedia":[{"embeddable":true,"href":"https:\/\/mbsniezna.rzeszow.pl\/index.php\/wp-json\/wp\/v2\/media\/5337"}],"wp:attachment":[{"href":"https:\/\/mbsniezna.rzeszow.pl\/index.php\/wp-json\/wp\/v2\/media?parent=5391"}],"wp:term":[{"taxonomy":"category","embeddable":true,"href":"https:\/\/mbsniezna.rzeszow.pl\/index.php\/wp-json\/wp\/v2\/categories?post=5391"},{"taxonomy":"post_tag","embeddable":true,"href":"https:\/\/mbsniezna.rzeszow.pl\/index.php\/wp-json\/wp\/v2\/tags?post=5391"}],"curies":[{"name":"wp","href":"https:\/\/api.w.org\/{rel}","templated":true}]}}