{"id":5405,"date":"2018-08-11T23:19:04","date_gmt":"2018-08-11T21:19:04","guid":{"rendered":"https:\/\/mbsniezna.rzeszow.pl\/?p=5405"},"modified":"2018-08-11T23:19:41","modified_gmt":"2018-08-11T21:19:41","slug":"intencje-mszalne-13-08-19-08-2018-r","status":"publish","type":"post","link":"https:\/\/mbsniezna.rzeszow.pl\/index.php\/2018\/08\/11\/intencje-mszalne-13-08-19-08-2018-r\/","title":{"rendered":"Intencje mszalne 13.08. \u2013 19.08.2018 r."},"content":{"rendered":"<p>&nbsp;<\/p>\n<p><strong>Poniedzia\u0142ek: 13.08<\/strong><\/p>\n<table width=\"0\">\n<tbody>\n<tr>\n<td width=\"76\"><strong>7.00<\/strong><\/td>\n<td width=\"624\">1. + Albina Prokop (3 r.), Marian, Stanis\u0142aw, Aleksandra<\/td>\n<\/tr>\n<tr>\n<td width=\"76\"><strong>18.00<\/strong><\/td>\n<td width=\"624\">1. + Stefan Rzeszutko (13)<\/p>\n<p><em>+ Helena Konkol od rodziny Mareckich \u2013 Tarnoszyn<\/em><\/td>\n<\/tr>\n<\/tbody>\n<\/table>\n<p>&nbsp;<\/p>\n<p><strong>Wtorek: 14.08<\/strong><\/p>\n<table width=\"0\">\n<tbody>\n<tr>\n<td width=\"76\"><strong>7.00<\/strong><\/td>\n<td width=\"624\">1. W intencji pielgrzym\u00f3w do Ziemi \u015awi\u0119tej i ich rodzin<\/td>\n<\/tr>\n<tr>\n<td width=\"76\"><strong>18.00<\/strong><\/td>\n<td width=\"624\">1. + Stefan Rzeszutko (14)<\/p>\n<p><em>+ Helena Konkol od rodz. Kulik\u00f3w \u2013 Tarnoszyn<\/em><\/td>\n<\/tr>\n<\/tbody>\n<\/table>\n<p>&nbsp;<\/p>\n<p><strong>\u015aroda: 15.08 Matki Bo\u017cej Zielnej<\/strong><\/p>\n<table width=\"0\">\n<tbody>\n<tr>\n<td width=\"76\"><strong>7.00<\/strong><\/td>\n<td width=\"624\">1. + Maria, J\u00f3zef Bury, ++ z rodziny<\/td>\n<\/tr>\n<tr>\n<td width=\"76\"><strong>9.00<\/strong><\/td>\n<td width=\"624\">1. + Stefan Rzeszutko (15)<\/p>\n<p>2. + Stefania, Franciszek Jakielaszek, ++ z rodziny<\/td>\n<\/tr>\n<tr>\n<td width=\"76\"><strong>10.30<\/strong><\/td>\n<td width=\"624\">1. + Janina Pr\u0119dka od siostry Marii<\/p>\n<p><em>+ Helena Konkol od rodziny Tonder\u00f3w &#8211; Tarnoszyn<\/em><\/td>\n<\/tr>\n<tr>\n<td width=\"76\"><strong>12.00<\/strong><\/td>\n<td width=\"624\">1. Za parafian<\/td>\n<\/tr>\n<tr>\n<td width=\"76\"><strong>16.00<\/strong><\/td>\n<td width=\"624\">1. + Tomasz Matu\u0142a<\/td>\n<\/tr>\n<tr>\n<td width=\"76\"><strong>18.00<\/strong><\/td>\n<td width=\"624\">1. + Jan, Katarzyna Kawa, Dorota R\u00f3g<\/td>\n<\/tr>\n<\/tbody>\n<\/table>\n<p>&nbsp;<\/p>\n<p><strong>Czwartek: 16.08<\/strong><\/p>\n<table width=\"0\">\n<tbody>\n<tr>\n<td width=\"76\"><strong>7.00<\/strong><\/td>\n<td width=\"624\">1. + Marian Kotula, ++ z rodzin Kotul\u00f3w i Brzezi\u0144skich<\/td>\n<\/tr>\n<tr>\n<td width=\"76\"><strong>18.00<\/strong><\/td>\n<td width=\"624\">1. + Stefan Rzeszutko<\/p>\n<p>2. + Helena Konkol od m\u0119\u017ca<\/p>\n<p><em>+&nbsp; Helena Konkol od rodziny Kuczmarz &#8211; Tarnoszyn<\/em><\/td>\n<\/tr>\n<\/tbody>\n<\/table>\n<p><strong>&nbsp;<\/strong><\/p>\n<p><strong>Pi\u0105tek: 17.08<\/strong><\/p>\n<table width=\"0\">\n<tbody>\n<tr>\n<td width=\"76\"><strong>7.00<\/strong><\/td>\n<td width=\"624\">1. + W intencji pielgrzym\u00f3w do Ziemi \u015awi\u0119tej i ich rodzin<\/td>\n<\/tr>\n<tr>\n<td width=\"76\"><strong>18.00<\/strong><\/td>\n<td width=\"624\">1. + Stefan Rzeszutko (17)<\/p>\n<p><em>+ Helena Konkol od rodziny Dziepak\u00f3w i Kocoj\u00f3w\u2013 Tarnoszyn<\/em><\/td>\n<\/tr>\n<\/tbody>\n<\/table>\n<p><strong>&nbsp;<\/strong><\/p>\n<p><strong>Sobota: 18.08<\/strong><\/p>\n<table width=\"0\">\n<tbody>\n<tr>\n<td width=\"76\"><strong>7.00<\/strong><\/td>\n<td width=\"624\">1. + Tadeusz Skoczyla (30 r.), Czes\u0142awa<\/td>\n<\/tr>\n<tr>\n<td width=\"76\"><strong>18.00<\/strong><\/td>\n<td width=\"624\">1. + Stefan Rzeszutko&nbsp; (18)<\/p>\n<p>2. Danuta Hajnosz (6 r.), Janina, Eugeniusz Kotula<\/p>\n<p><em>+ Helena Konkol od rodziny Andrzeja i Doroty Pa\u015bko\u2013 Tarnoszyn<\/em><\/td>\n<\/tr>\n<\/tbody>\n<\/table>\n<p><strong>&nbsp;<\/strong><\/p>\n<p><strong>NIEDZIELA: 19.08<\/strong><\/p>\n<table width=\"0\">\n<tbody>\n<tr>\n<td width=\"76\"><strong>7.00<\/strong><\/td>\n<td width=\"624\">1. Dzi\u0119kczynna w 30-lecie \u015blubu Marty i Wies\u0142awa Warzocha<\/td>\n<\/tr>\n<tr>\n<td width=\"76\"><strong>9.00<\/strong><\/td>\n<td width=\"624\">1 + Stefania w rocznice urodzin<\/td>\n<\/tr>\n<tr>\n<td width=\"76\"><strong>10.30<\/strong><\/td>\n<td width=\"624\">1. + J\u00f3zef, Zofia, Eugeniusz Bieniek, Anna Kie\u0142basa<\/p>\n<p><em>+ Helena Konkol od s\u0105siad\u00f3w &#8211; Tarnoszyn<\/em><\/td>\n<\/tr>\n<tr>\n<td width=\"76\"><strong>12.00<\/strong><\/td>\n<td width=\"624\">1. Za parafian<\/td>\n<\/tr>\n<tr>\n<td width=\"76\"><strong>16.00<\/strong><\/td>\n<td width=\"624\">1. + Stefan Rzeszutko (19)<\/td>\n<\/tr>\n<tr>\n<td width=\"76\"><strong>18.00<\/strong><\/td>\n<td width=\"624\">1. + Stanis\u0142awa My\u015bliwy od przyjaci\u00f3\u0142 c\u00f3rki Pauliny<\/td>\n<\/tr>\n<\/tbody>\n<\/table>\n<p>Do u\u017cytku wewn\u0119trznego Parafii MB \u015anie\u017cnej w Rzeszowie<\/p>\n","protected":false},"excerpt":{"rendered":"<p>&#8230;<\/p>\n","protected":false},"author":1,"featured_media":144,"comment_status":"closed","ping_status":"open","sticky":false,"template":"","format":"standard","meta":{"ngg_post_thumbnail":0,"footnotes":""},"categories":[4],"tags":[],"class_list":["post-5405","post","type-post","status-publish","format-standard","has-post-thumbnail","hentry","category-intencje"],"_links":{"self":[{"href":"https:\/\/mbsniezna.rzeszow.pl\/index.php\/wp-json\/wp\/v2\/posts\/5405","targetHints":{"allow":["GET"]}}],"collection":[{"href":"https:\/\/mbsniezna.rzeszow.pl\/index.php\/wp-json\/wp\/v2\/posts"}],"about":[{"href":"https:\/\/mbsniezna.rzeszow.pl\/index.php\/wp-json\/wp\/v2\/types\/post"}],"author":[{"embeddable":true,"href":"https:\/\/mbsniezna.rzeszow.pl\/index.php\/wp-json\/wp\/v2\/users\/1"}],"replies":[{"embeddable":true,"href":"https:\/\/mbsniezna.rzeszow.pl\/index.php\/wp-json\/wp\/v2\/comments?post=5405"}],"version-history":[{"count":2,"href":"https:\/\/mbsniezna.rzeszow.pl\/index.php\/wp-json\/wp\/v2\/posts\/5405\/revisions"}],"predecessor-version":[{"id":5407,"href":"https:\/\/mbsniezna.rzeszow.pl\/index.php\/wp-json\/wp\/v2\/posts\/5405\/revisions\/5407"}],"wp:featuredmedia":[{"embeddable":true,"href":"https:\/\/mbsniezna.rzeszow.pl\/index.php\/wp-json\/wp\/v2\/media\/144"}],"wp:attachment":[{"href":"https:\/\/mbsniezna.rzeszow.pl\/index.php\/wp-json\/wp\/v2\/media?parent=5405"}],"wp:term":[{"taxonomy":"category","embeddable":true,"href":"https:\/\/mbsniezna.rzeszow.pl\/index.php\/wp-json\/wp\/v2\/categories?post=5405"},{"taxonomy":"post_tag","embeddable":true,"href":"https:\/\/mbsniezna.rzeszow.pl\/index.php\/wp-json\/wp\/v2\/tags?post=5405"}],"curies":[{"name":"wp","href":"https:\/\/api.w.org\/{rel}","templated":true}]}}