{"id":5408,"date":"2018-08-11T23:21:33","date_gmt":"2018-08-11T21:21:33","guid":{"rendered":"https:\/\/mbsniezna.rzeszow.pl\/?p=5408"},"modified":"2018-08-14T21:41:10","modified_gmt":"2018-08-14T19:41:10","slug":"ogloszeia-na-xix-niedziele-zwykla-12-08-2018-r","status":"publish","type":"post","link":"https:\/\/mbsniezna.rzeszow.pl\/index.php\/2018\/08\/11\/ogloszeia-na-xix-niedziele-zwykla-12-08-2018-r\/","title":{"rendered":"Og\u0142oszenia na XIX Niedziel\u0119 zwyk\u0142\u0105, 12.08.2018 r."},"content":{"rendered":"<p>OG\u0141OSZENIA \u2013 XIX NIEDZIELA ZWYK\u0141A<br \/>\n12 SIERPNIA 2018 R.<\/p>\n<p>1.\tDzisiaj na ka\u017cdej Mszy \u015bw. aspersja, a po prymarii zmiana tajemnic r\u00f3\u017ca\u0144cowych.<\/p>\n<p>2.\tWe wtorek  \u015bw. Maksymiliana Kolbe, nabo\u017ce\u0144stwo do \u015bw. Antoniego.<\/p>\n<p>3.\tWe wtorek o 13.30 wyj\u015bcie pieszej pielgrzymki na odpust do Borku Starego. Suma odpustowa w Borku o 17.00. Zapraszamy do wsp\u00f3lnego pielgrzymowania. Powr\u00f3t we w\u0142asnym zakresie.<\/p>\n<p>4.\tW \u015brod\u0119 uroczysto\u015b\u0107 Wniebowzi\u0119cia NMP \u2013 Matki Bo\u017cej Zielnej. Porz\u0105dek Mszy \u015bw. jak w niedziel\u0119, na ka\u017cdej Mszy \u015bw. po\u015bwi\u0119cenie ziela. W tym dniu wspominamy tak\u017ce \u201eCud nad Wis\u0142\u0105\u201d z 1920 r. i modlimy si\u0119 za Ojczyzn\u0119.<\/p>\n<p>5.\tW czwartek adoracja od 17.15 i  spowied\u017a.<\/p>\n<p>6.\tW pi\u0105tek wspomnienie \u015bw. Jacka \u2013 nabo\u017ce\u0144stwo do Bo\u017cego Mi\u0142osierdzia.<\/p>\n<p>7.\tW przysz\u0142\u0105 niedziel\u0119 na Mszy \u015bw. o 12.00 do\u017cynki parafialne \u2013 dzi\u0119kczynienie Bogu i rolnikom z tegoroczne plony. Z tydzie\u0144 prosimy o sk\u0142adk\u0119 na cele inwestycyjne. R\u00f3\u017caniec r\u00f3\u017ca Marii Pa\u0142ka.<\/p>\n<p>8.\tZapowiedzi: K. Mach \u2013 A. Kaczmarzyk, D. Ostrowski \u2013W. Fejdasz (zap. II).<\/p>\n<p>9.\tB\u00f3g zap\u0142a\u0107 za ofiary na sprz\u0105tanie ko\u015bcio\u0142a, w tym tygodniu z ul. Miejskiej prosimy rodziny: Bogus\u0142awy W\u00f3r, Damiana Bury, Doroty Kempanowskiej, Marii Muzyka, Doroty Nowak, Barbary G\u0142owiak, Barbary Bia\u0142og\u0142owskiej, Magdaleny Lisowicz, Marty Wa\u015bko, Adrianny Marcinek, Moniki Kiec.<\/p>\n<p>10.\tBenedykta i Adela \u2013  to dwie katolickie dziewczyny z Czadu, kt\u00f3re mia\u0142y ufundowane przez nasz\u0105 parafi\u0119 roczne stypendia szkolne. Misjonarz z Czadu ks. Edward Ryfa, kt\u00f3rego go\u015bcili\u015bmy tamtego roku w naszej parafii, przys\u0142a\u0142 zapytanie czy tego roku te\u017c b\u0119dziemy gotowi ufundowa\u0107 te stypendia. Odpowiedzia\u0142em, \u017ce tak. Dlatego w przysz\u0142\u0105 niedziel\u0119 b\u0119dzie zbi\u00f3rka do puszek na ten cel. Do 10 wrze\u015bnia mamy wp\u0142aci\u0107 2 500 z\u0142. Do ko\u0144ca sierpnia ofiary na ten cel mo\u017cna sk\u0142ada\u0107 tak\u017ce do skarbon w balaskach. Ju\u017c dzi\u015b wszystkim ofiarodawcom dzi\u0119kujemy.<\/p>\n<p>11.\tW naszej parafii serdecznie witamy s. Agnieszk\u0119 Zbyryt, kt\u00f3ra tymczasowo b\u0119dzie pe\u0142ni\u0107 funkcj\u0119 zakrystianki. \u017byczymy wielu \u0142ask Bo\u017cych i opieki Matki Bo\u017cej \u015anie\u017cnej.<\/p>\n<p>12.\tW przysz\u0142\u0105 niedziel\u0119 o godz. 14.00 przed Domem Kultury Country przy ul. Herbowej b\u0119dzie Piknik Rodzinny z wieloma atrakcjami \u2013 zapraszamy.<\/p>\n<p>Do u\u017cytku wewn\u0119trznego Parafii MB \u015anie\u017cnej!<\/p>\n","protected":false},"excerpt":{"rendered":"<p>&#8230;<\/p>\n","protected":false},"author":1,"featured_media":129,"comment_status":"closed","ping_status":"open","sticky":false,"template":"","format":"standard","meta":{"ngg_post_thumbnail":0,"footnotes":""},"categories":[14],"tags":[],"class_list":["post-5408","post","type-post","status-publish","format-standard","has-post-thumbnail","hentry","category-ogloszenia_duszp"],"_links":{"self":[{"href":"https:\/\/mbsniezna.rzeszow.pl\/index.php\/wp-json\/wp\/v2\/posts\/5408","targetHints":{"allow":["GET"]}}],"collection":[{"href":"https:\/\/mbsniezna.rzeszow.pl\/index.php\/wp-json\/wp\/v2\/posts"}],"about":[{"href":"https:\/\/mbsniezna.rzeszow.pl\/index.php\/wp-json\/wp\/v2\/types\/post"}],"author":[{"embeddable":true,"href":"https:\/\/mbsniezna.rzeszow.pl\/index.php\/wp-json\/wp\/v2\/users\/1"}],"replies":[{"embeddable":true,"href":"https:\/\/mbsniezna.rzeszow.pl\/index.php\/wp-json\/wp\/v2\/comments?post=5408"}],"version-history":[{"count":2,"href":"https:\/\/mbsniezna.rzeszow.pl\/index.php\/wp-json\/wp\/v2\/posts\/5408\/revisions"}],"predecessor-version":[{"id":5415,"href":"https:\/\/mbsniezna.rzeszow.pl\/index.php\/wp-json\/wp\/v2\/posts\/5408\/revisions\/5415"}],"wp:featuredmedia":[{"embeddable":true,"href":"https:\/\/mbsniezna.rzeszow.pl\/index.php\/wp-json\/wp\/v2\/media\/129"}],"wp:attachment":[{"href":"https:\/\/mbsniezna.rzeszow.pl\/index.php\/wp-json\/wp\/v2\/media?parent=5408"}],"wp:term":[{"taxonomy":"category","embeddable":true,"href":"https:\/\/mbsniezna.rzeszow.pl\/index.php\/wp-json\/wp\/v2\/categories?post=5408"},{"taxonomy":"post_tag","embeddable":true,"href":"https:\/\/mbsniezna.rzeszow.pl\/index.php\/wp-json\/wp\/v2\/tags?post=5408"}],"curies":[{"name":"wp","href":"https:\/\/api.w.org\/{rel}","templated":true}]}}