{"id":5416,"date":"2018-08-18T21:37:51","date_gmt":"2018-08-18T19:37:51","guid":{"rendered":"https:\/\/mbsniezna.rzeszow.pl\/?p=5416"},"modified":"2018-08-18T21:42:11","modified_gmt":"2018-08-18T19:42:11","slug":"intencje-mszalne-20-08-26-08-2018-r","status":"publish","type":"post","link":"https:\/\/mbsniezna.rzeszow.pl\/index.php\/2018\/08\/18\/intencje-mszalne-20-08-26-08-2018-r\/","title":{"rendered":"Intencje mszalne 20.08. \u2013 26.08.2018 r."},"content":{"rendered":"<p><strong>Poniedzia\u0142ek: 20.08<\/strong><\/p>\n<table width=\"0\">\n<tbody>\n<tr>\n<td width=\"76\"><strong>7.00<\/strong><\/td>\n<td width=\"624\">1. + Stefan Rzeszutko (19)<\/td>\n<\/tr>\n<tr>\n<td width=\"76\"><strong>18.00<\/strong><\/td>\n<td width=\"624\">1. + Zofia, Jan<\/p>\n<p>2. + Stanis\u0142aw Kotula od rodziny Pa\u015bk\u00f3w<\/p>\n<p><em>+ Edward Mendo\u0144 od Krystyny \u017bydzik z rodz. \u2013 Tarnoszyn<\/em><\/td>\n<\/tr>\n<\/tbody>\n<\/table>\n<p>&nbsp;<\/p>\n<p><strong>Wtorek: 21.08<\/strong><\/p>\n<table width=\"0\">\n<tbody>\n<tr>\n<td width=\"76\"><strong>7.00<\/strong><\/td>\n<td width=\"624\">1. + Stefan Rzeszutko (21)<\/td>\n<\/tr>\n<tr>\n<td width=\"76\"><strong>18.00<\/strong><\/td>\n<td width=\"624\">1. + o Bo\u017ce b\u0142og. dla Zbigniewa w 80 urodziny<\/p>\n<p>2. + Maria Pasierb od Marii Gliwa z rodzin\u0105<\/p>\n<p><em>+ Edward Mendo\u0144 od Marty Drobek z rodzin\u0105 \u2013 Tarnoszyn<\/em><\/td>\n<\/tr>\n<\/tbody>\n<\/table>\n<p>&nbsp;<\/p>\n<p><strong>\u015aroda: 22.08 <\/strong><\/p>\n<table width=\"0\">\n<tbody>\n<tr>\n<td width=\"76\"><strong>7.00<\/strong><\/td>\n<td width=\"624\">1. + Stefan Rzeszutko (22)<\/td>\n<\/tr>\n<tr>\n<td width=\"76\"><strong>18.00<\/strong><\/td>\n<td width=\"624\">1. + Roman Kalita od wsp\u00f3lnoty duszpasterstwa akademickiego \u201eGrota\u201d<\/p>\n<p>2. + Beata Praso\u0142 od rodziny Miesi\u0105c\u00f3w<\/p>\n<p><em>+Edward Mendo\u0144 od rodziny Wilczy\u0144skich &#8211; Tarnoszyn<\/em><\/td>\n<\/tr>\n<\/tbody>\n<\/table>\n<p>&nbsp;<\/p>\n<p><strong>Czwartek: 23.08<\/strong><\/p>\n<table width=\"0\">\n<tbody>\n<tr>\n<td width=\"76\"><strong>7.00<\/strong><\/td>\n<td width=\"624\">1. + Stefan Rzeszutko (23)<\/td>\n<\/tr>\n<tr>\n<td width=\"76\"><strong>18.00<\/strong><\/td>\n<td width=\"624\">1. + Roman Kalita od Aliny i Edwarda z rodzin\u0105<\/p>\n<p><em>+&nbsp; Edward Mendo\u0144 od Jacka i Heleny z rodzin\u0105- Tarnoszyn<\/em><\/td>\n<\/tr>\n<\/tbody>\n<\/table>\n<p><strong>&nbsp;<\/strong><\/p>\n<p><strong>Pi\u0105tek: 24.08<\/strong><\/p>\n<table width=\"0\">\n<tbody>\n<tr>\n<td width=\"76\"><strong>7.00<\/strong><\/td>\n<td width=\"624\">1. + Stefan Rzeszutko (24)<\/td>\n<\/tr>\n<tr>\n<td width=\"76\"><strong>18.00<\/strong><\/td>\n<td width=\"624\">1. + Roman Kalita od Pustelak\u00f3w<\/p>\n<p>2.+ Janina \u015al\u0105czka od swatowej Haliny<\/p>\n<p>3. + Janusz Najda od ojca chrzestnego<\/p>\n<p><em>+ Edward Mendo\u0144 od Jolanty baran z dzie\u0107mi\u2013 Tarnoszyn<\/em><\/td>\n<\/tr>\n<\/tbody>\n<\/table>\n<p><strong>&nbsp;<\/strong><\/p>\n<p><strong>Sobota: 25.08<\/strong><\/p>\n<table width=\"0\">\n<tbody>\n<tr>\n<td width=\"76\"><strong>7.00<\/strong><\/td>\n<td width=\"624\">1. + Stefan Rzeszutko (25)<\/td>\n<\/tr>\n<tr>\n<td width=\"76\"><strong>18.00<\/strong><\/td>\n<td width=\"624\">1. + Roman Kalita od pracownik\u00f3w zespo\u0142u szkolno-przedszkolnego nr 9 w Rzeszowie<\/p>\n<p>2. Dzi\u0119kczynna i o Bo\u017ce b\u0142og. dla Anny i Wies\u0142awa w 45 lecie \u015blubu<\/p>\n<p>3. + Henryk Wojturski od szwagra i siostry Anny z rodzin\u0105<\/p>\n<p><em>+ Edward Mendo\u0144 od rodziny Trojan\u00f3w i Gierlak\u00f3w\u2013 Tarnoszyn<\/em><\/td>\n<\/tr>\n<\/tbody>\n<\/table>\n<p><strong>&nbsp;<\/strong><\/p>\n<p><strong>NIEDZIELA: 26.08<\/strong><\/p>\n<table width=\"0\">\n<tbody>\n<tr>\n<td width=\"76\"><strong>7.00<\/strong><\/td>\n<td width=\"624\">1. Z r\u00f3\u017cy Olgi Kotula w intencji si\u00f3str \u017cyj\u0105cych i zmar\u0142ych<\/td>\n<\/tr>\n<tr>\n<td width=\"76\"><strong>9.00<\/strong><\/td>\n<td width=\"624\">1 + Pawe\u0142 Jopek, Stanis\u0142awa<\/p>\n<p>2. + Adam Piszcz od rodzic\u00f3w<\/td>\n<\/tr>\n<tr>\n<td width=\"76\"><strong>10.30<\/strong><\/td>\n<td width=\"624\">1. + Aleksander B\u0142o\u0144ski (25 r.)<\/p>\n<p><em>+ Edward Mendo\u0144 od rodziny \u015al\u0105czka &#8211; Tarnoszyn<\/em><\/td>\n<\/tr>\n<tr>\n<td width=\"76\"><strong>12.00<\/strong><\/td>\n<td width=\"624\">1. Za parafian<\/td>\n<\/tr>\n<tr>\n<td width=\"76\"><strong>16.00<\/strong><\/td>\n<td width=\"624\">1. + W\u0142adys\u0142awa J\u00f3zef Chrzanowicz<\/td>\n<\/tr>\n<tr>\n<td width=\"76\"><strong>18.00<\/strong><\/td>\n<td width=\"624\">1. + Stefan Rzeszutko (26)<\/td>\n<\/tr>\n<\/tbody>\n<\/table>\n<p>Tylko do u\u017cytku wewn\u0119trznego Parafii MB \u015anie\u017cnej w Rzeszowie!<\/p>\n","protected":false},"excerpt":{"rendered":"<p>&#8230;<\/p>\n","protected":false},"author":1,"featured_media":5311,"comment_status":"closed","ping_status":"open","sticky":false,"template":"","format":"standard","meta":{"ngg_post_thumbnail":0,"footnotes":""},"categories":[4],"tags":[],"class_list":["post-5416","post","type-post","status-publish","format-standard","has-post-thumbnail","hentry","category-intencje"],"_links":{"self":[{"href":"https:\/\/mbsniezna.rzeszow.pl\/index.php\/wp-json\/wp\/v2\/posts\/5416","targetHints":{"allow":["GET"]}}],"collection":[{"href":"https:\/\/mbsniezna.rzeszow.pl\/index.php\/wp-json\/wp\/v2\/posts"}],"about":[{"href":"https:\/\/mbsniezna.rzeszow.pl\/index.php\/wp-json\/wp\/v2\/types\/post"}],"author":[{"embeddable":true,"href":"https:\/\/mbsniezna.rzeszow.pl\/index.php\/wp-json\/wp\/v2\/users\/1"}],"replies":[{"embeddable":true,"href":"https:\/\/mbsniezna.rzeszow.pl\/index.php\/wp-json\/wp\/v2\/comments?post=5416"}],"version-history":[{"count":2,"href":"https:\/\/mbsniezna.rzeszow.pl\/index.php\/wp-json\/wp\/v2\/posts\/5416\/revisions"}],"predecessor-version":[{"id":5422,"href":"https:\/\/mbsniezna.rzeszow.pl\/index.php\/wp-json\/wp\/v2\/posts\/5416\/revisions\/5422"}],"wp:featuredmedia":[{"embeddable":true,"href":"https:\/\/mbsniezna.rzeszow.pl\/index.php\/wp-json\/wp\/v2\/media\/5311"}],"wp:attachment":[{"href":"https:\/\/mbsniezna.rzeszow.pl\/index.php\/wp-json\/wp\/v2\/media?parent=5416"}],"wp:term":[{"taxonomy":"category","embeddable":true,"href":"https:\/\/mbsniezna.rzeszow.pl\/index.php\/wp-json\/wp\/v2\/categories?post=5416"},{"taxonomy":"post_tag","embeddable":true,"href":"https:\/\/mbsniezna.rzeszow.pl\/index.php\/wp-json\/wp\/v2\/tags?post=5416"}],"curies":[{"name":"wp","href":"https:\/\/api.w.org\/{rel}","templated":true}]}}