{"id":5418,"date":"2018-08-18T21:40:02","date_gmt":"2018-08-18T19:40:02","guid":{"rendered":"https:\/\/mbsniezna.rzeszow.pl\/?p=5418"},"modified":"2018-08-18T21:41:18","modified_gmt":"2018-08-18T19:41:18","slug":"ogloszenia-na-xx-niedziele-zwykla-19-08-2018-r","status":"publish","type":"post","link":"https:\/\/mbsniezna.rzeszow.pl\/index.php\/2018\/08\/18\/ogloszenia-na-xx-niedziele-zwykla-19-08-2018-r\/","title":{"rendered":"Og\u0142oszenia na XX Niedziel\u0119 zwyk\u0142\u0105, 19.08.2018 r."},"content":{"rendered":"<p>OG\u0141OSZENIA \u2013 XX NIEDZIELA ZWYK\u0141A<br \/>\n19 SIERPNIA 2018 R.<\/p>\n<p>1.\tDzisiaj prze\u017cywamy do\u017cynki parafialne \u2013 dzie\u0144 wdzi\u0119czno\u015bci Bogu i rolnikom za tegoroczne plony, za chleb, kt\u00f3rego ka\u017cdy z nas potrzebuje. Mieszka\u0144com Kolonii i Zespo\u0142owi \u201eBudziwojce\u201d bardzo serdecznie dzi\u0119kujemy za wie\u0144ce i korowody do\u017cynkowe, za stroje ludowe, muzyk\u0119 i \u015bpiew. B\u00f3g zap\u0142a\u0107! W przysz\u0142\u0105 niedziel\u0119 nasza parafi\u0119 na do\u017cynkach diecezjalnych w katedrze reprezentowa\u0142 b\u0119dzie z wie\u0144cem Zesp\u00f3\u0142 \u201eBudziwojce\u201d.<\/p>\n<p>2.\tW poniedzia\u0142ek \u015bw. Bernarda.<\/p>\n<p>3.\tWe wtorek \u015bw. Piusa X \u2013 nabo\u017ce\u0144stwo do \u015bw. Antoniego.<\/p>\n<p>4.\tW \u015brod\u0119 wspomnienie Maryi Panny Kr\u00f3lowej.<\/p>\n<p>5.\tW czwartek b\u0142. ks. W\u0142adys\u0142awa Findysza \u2013 m\u0119czennika, od 17.15 adoracja i okazja do spowiedzi.<\/p>\n<p>6.\tW pi\u0105tek \u015bw. Bart\u0142omieja Aposto\u0142a \u2013 nabo\u017ce\u0144stwo do Bo\u017cego Mi\u0142osierdzia.<\/p>\n<p>7.\tW przysz\u0142\u0105 niedziel\u0119 przypada Uroczysto\u015b\u0107 Matki Bo\u017cej Cz\u0119stochowskiej, r\u00f3\u017caniec r\u00f3\u017ca Rozalii Jacek.<\/p>\n<p>8.\tZapowiedzi: Marcin \u0141ojczyk-Krystyna Kot (zap. I).<\/p>\n<p>9.\tB\u00f3g zap\u0142a\u0107 za ofiary na sprz\u0105tanie ko\u015bcio\u0142a, w tym tygodniu z ul. Miejskiej prosimy rodziny: Marii Ch\u0142anda, Barbary Michalskiej, Gra\u017cyny Michalskiej, Eugenii Kot, Marii Sarna, El\u017cbiety Matu\u0142a, Urszuli Madera, Bronis\u0142awy Syno\u015b, Dominiki Syno\u015b, Danuty Syno\u015b.<\/p>\n<p>10.\tW tym tygodniu ko\u0144czy pos\u0142ug\u0119 duszpastersk\u0105 w naszej parafii ks. dr Krzysztof Budzy\u0144. Bardzo serdecznie dzi\u0119kujemy mu za 5 lat ofiarnej i pe\u0142nej entuzjazmu pracy. Szczeg\u00f3lnie dzi\u0119kujemy za pi\u0119kne kazania i za solidn\u0105 pos\u0142ug\u0119 w konfesjonale. Decyzj\u0105 ksi\u0119dza biskupa ks. Krzysztof zamieszka w Diecezjalnym Domu Tabor i ca\u0142kowicie po\u015bwi\u0119ci si\u0119 szkoleniu nauczycieli w Podkarpackim Centrum  Edukacji Nauczycieli. W tym pos\u0142ugiwaniu ks. Krzysztofowi \u017cyczymy obfitego b\u0142ogos\u0142awie\u0144stwa Bo\u017cego \u2013 Szcz\u0119\u015b\u0107 Bo\u017ce!<\/p>\n<p>11.\tB\u00f3g zap\u0142a\u0107 za dzisiejsz\u0105 sk\u0142adk\u0119 inwestycyjn\u0105. Po Mszach \u015bw. b\u0119dzie jeszcze zbi\u00f3rka do puszek na 2 stypendia szkolne w Czadzie. Ofiary na ten cel do ko\u0144ca sierpnia mo\u017cna tak\u017ce sk\u0142ada\u0107 do puszek w balaskach. Natomiast w przysz\u0142\u0105 niedziel\u0119 b\u0119dzie zbi\u00f3rka do puszek na ufundowanie ca\u0142orocznego do\u017cywiania w naszej szkole dla dw\u00f3jki dzieci z rodzin potrzebuj\u0105cych pomocy.<\/p>\n<p>Tylko do u\u017cytku wewn\u0119trznego Parafii MB \u015anie\u017cnej w Rzeszowie!<\/p>\n","protected":false},"excerpt":{"rendered":"<p>&#8230;<\/p>\n","protected":false},"author":1,"featured_media":4337,"comment_status":"closed","ping_status":"open","sticky":false,"template":"","format":"standard","meta":{"ngg_post_thumbnail":0,"footnotes":""},"categories":[14],"tags":[],"class_list":["post-5418","post","type-post","status-publish","format-standard","has-post-thumbnail","hentry","category-ogloszenia_duszp"],"_links":{"self":[{"href":"https:\/\/mbsniezna.rzeszow.pl\/index.php\/wp-json\/wp\/v2\/posts\/5418","targetHints":{"allow":["GET"]}}],"collection":[{"href":"https:\/\/mbsniezna.rzeszow.pl\/index.php\/wp-json\/wp\/v2\/posts"}],"about":[{"href":"https:\/\/mbsniezna.rzeszow.pl\/index.php\/wp-json\/wp\/v2\/types\/post"}],"author":[{"embeddable":true,"href":"https:\/\/mbsniezna.rzeszow.pl\/index.php\/wp-json\/wp\/v2\/users\/1"}],"replies":[{"embeddable":true,"href":"https:\/\/mbsniezna.rzeszow.pl\/index.php\/wp-json\/wp\/v2\/comments?post=5418"}],"version-history":[{"count":3,"href":"https:\/\/mbsniezna.rzeszow.pl\/index.php\/wp-json\/wp\/v2\/posts\/5418\/revisions"}],"predecessor-version":[{"id":5421,"href":"https:\/\/mbsniezna.rzeszow.pl\/index.php\/wp-json\/wp\/v2\/posts\/5418\/revisions\/5421"}],"wp:featuredmedia":[{"embeddable":true,"href":"https:\/\/mbsniezna.rzeszow.pl\/index.php\/wp-json\/wp\/v2\/media\/4337"}],"wp:attachment":[{"href":"https:\/\/mbsniezna.rzeszow.pl\/index.php\/wp-json\/wp\/v2\/media?parent=5418"}],"wp:term":[{"taxonomy":"category","embeddable":true,"href":"https:\/\/mbsniezna.rzeszow.pl\/index.php\/wp-json\/wp\/v2\/categories?post=5418"},{"taxonomy":"post_tag","embeddable":true,"href":"https:\/\/mbsniezna.rzeszow.pl\/index.php\/wp-json\/wp\/v2\/tags?post=5418"}],"curies":[{"name":"wp","href":"https:\/\/api.w.org\/{rel}","templated":true}]}}