{"id":5430,"date":"2018-08-26T09:43:51","date_gmt":"2018-08-26T07:43:51","guid":{"rendered":"https:\/\/mbsniezna.rzeszow.pl\/?p=5430"},"modified":"2018-08-26T09:43:51","modified_gmt":"2018-08-26T07:43:51","slug":"intencje-mszalne-27-08-2-09-2018-r","status":"publish","type":"post","link":"https:\/\/mbsniezna.rzeszow.pl\/index.php\/2018\/08\/26\/intencje-mszalne-27-08-2-09-2018-r\/","title":{"rendered":"Intencje mszalne 27.08. \u2013 2.09.2018 r."},"content":{"rendered":"<p>&nbsp;<\/p>\n<p><strong>Poniedzia\u0142ek: 27.08<\/strong><\/p>\n<table width=\"0\">\n<tbody>\n<tr>\n<td width=\"76\"><strong>7.00<\/strong><\/td>\n<td width=\"624\">1. &nbsp;O szcz\u0119\u015bliwe rozwi\u0105zanie dla Karoliny<\/p>\n<p>2.&nbsp; + Stefan Rzeszutko (27)<\/td>\n<\/tr>\n<tr>\n<td width=\"76\"><strong>18.00<\/strong><\/td>\n<td width=\"624\">1. Dzi\u0119kczynna za otrzymane \u0142aski i o Bo\u017ce b\u0142og.<\/p>\n<p>3. + Henryk Wojturski od Si\u00f3str Franci. Rodziny Maryi \u2013zako\u0144czenie Mszy pogrzebowych<\/p>\n<p><em>+ Stanis\u0142aw Ziemniak od Dominiki i Paw\u0142a z Nawsia. \u2013 Tarnoszyn<\/em><\/td>\n<\/tr>\n<\/tbody>\n<\/table>\n<p>&nbsp;<\/p>\n<p><strong>Wtorek: 28.08<\/strong><\/p>\n<table width=\"0\">\n<tbody>\n<tr>\n<td width=\"76\"><strong>7.00<\/strong><\/td>\n<td width=\"624\">1. + Pawe\u0142 Ferenc od Doroty i Miros\u0142awa Bryda<\/td>\n<\/tr>\n<tr>\n<td width=\"76\"><strong>18.00<\/strong><\/td>\n<td width=\"624\">1. + Stefan Rzeszutko (28)<\/p>\n<p>2. W intencji Ewy i Wies\u0142awa w 20-lecie \u015blubu<\/p>\n<p>3. + Stanis\u0142aw Kotula od Tadeusza z rodzin\u0105<\/p>\n<p><em>+ Stanis\u0142aw Ziemniak od Marty i Damiana z Nawsia \u2013 Tarnoszyn<\/em><\/td>\n<\/tr>\n<\/tbody>\n<\/table>\n<p>&nbsp;<\/p>\n<p><strong>\u015aroda: 29.08 <\/strong><\/p>\n<table width=\"0\">\n<tbody>\n<tr>\n<td width=\"76\"><strong>7.00<\/strong><\/td>\n<td width=\"624\">1. + Stanis\u0142aw Kotula od rodziny Kukla<\/td>\n<\/tr>\n<tr>\n<td width=\"76\"><strong>18.00<\/strong><\/td>\n<td width=\"624\">1. + Stefan Rzeszutko (29)<\/p>\n<p>2. + Beata Praso\u0142 od kuzyna Tomasza z rodzin\u0105<\/p>\n<p>3. + W\u0142adys\u0142aw S\u0142owik od Teresy i Micha\u0142a Wo\u017aniak<\/p>\n<p><em>+Stanis\u0142aw Ziemniak od Marka i Teresy Mucha z Nawsia &#8211; Tarnoszyn<\/em><\/td>\n<\/tr>\n<\/tbody>\n<\/table>\n<p>&nbsp;<\/p>\n<p><strong>Czwartek: 30.08<\/strong><\/p>\n<table width=\"0\">\n<tbody>\n<tr>\n<td width=\"76\"><strong>7.00<\/strong><\/td>\n<td width=\"624\">1. + Eugeniusz Pa\u015bko<\/td>\n<\/tr>\n<tr>\n<td width=\"76\"><strong>18.00<\/strong><\/td>\n<td width=\"624\">1.&nbsp; + Stefan Rzeszutko (30) \u2013 zako\u0144czenie Mszy gregoria\u0144skich<\/p>\n<p>2. + J\u00f3zef Witek (20 r.)<\/p>\n<p><em>+&nbsp; Stanis\u0142aw Ziemniak od rodziny Traciak &#8211; Tarnoszyn<\/em><\/td>\n<\/tr>\n<\/tbody>\n<\/table>\n<p><strong>&nbsp;<\/strong><\/p>\n<p><strong>Pi\u0105tek: 31.08<\/strong><\/p>\n<table width=\"0\">\n<tbody>\n<tr>\n<td width=\"76\"><strong>7.00<\/strong><\/td>\n<td width=\"624\">1. +Katarzyna Kawa (1 r.)<\/td>\n<\/tr>\n<tr>\n<td width=\"76\"><strong>18.00<\/strong><\/td>\n<td width=\"624\">1. Dzi\u0119kczynna i o Bo\u017ce b\u0142ogos\u0142awie\u0144stwo dla Sabiny i Marka Rejman w 22-lecie \u015blubu<\/p>\n<p>2.+ Tadeusz Borowiec (8 r.)<\/p>\n<p><em>+ Stanis\u0142aw Ziemniak od rodz. Szylar\u00f3w\u2013 Tarnoszyn<\/em><\/td>\n<\/tr>\n<\/tbody>\n<\/table>\n<p><strong>&nbsp;<\/strong><\/p>\n<p><strong>Sobota: 1.09<\/strong><\/p>\n<table width=\"0\">\n<tbody>\n<tr>\n<td width=\"76\"><strong>7.00<\/strong><\/td>\n<td width=\"624\">1. + J\u00f3zef Kom\u00f3rek (36 r.)<\/td>\n<\/tr>\n<tr>\n<td width=\"76\"><strong>18.00<\/strong><\/td>\n<td width=\"624\">1. + Tadeusz (1) \u2013 pocz\u0105tek Mszy gregoria\u0144skich<\/p>\n<p>2. + Bronis\u0142aw Syno\u015b<\/p>\n<p>3. + O b\u0142og. Bo\u017ce dla Zbigniewa<\/p>\n<p><em>+ Stanis\u0142aw Ziemniak od rodziny Kurzej\u00f3w \u2013 Tarnoszyn<\/em><\/p>\n<p><em>+ Stanis\u0142aw Ziemniak od Anny i Stanis\u0142awa z Mogielnicy \u2013 Bielce na Mo\u0142dawii<\/em><\/td>\n<\/tr>\n<\/tbody>\n<\/table>\n<p><strong>&nbsp;<\/strong><\/p>\n<p><strong>NIEDZIELA: 2.09<\/strong><\/p>\n<table width=\"0\">\n<tbody>\n<tr>\n<td width=\"76\"><strong>7.00<\/strong><\/td>\n<td width=\"624\">1. + Tadeusz (2)<\/p>\n<p><em>+ Stanis\u0142aw Ziemniak od braci r\u00f3\u017ca\u0144cowych z jego r\u00f3\u017cy \u2013 Tarnoszyn<\/em><\/p>\n<p><em>+ Stanis\u0142aw Ziemniak od Doroty i Kazimierza Cie\u015bla z rodz. \u2013 Bielce na Mo\u0142dawii<\/em><\/td>\n<\/tr>\n<tr>\n<td width=\"76\"><strong>9.00<\/strong><\/td>\n<td width=\"624\">1 + Andrzej Bilski (1 rocz.)<\/p>\n<p>2. + Remigiusz, Andrzej Procyk &nbsp;(x. rodak)<\/td>\n<\/tr>\n<tr>\n<td width=\"76\"><strong>10.30<\/strong><\/td>\n<td width=\"624\">1. + Kazimierz Pa\u015bkiewicz (3 rocz.) od \u017cony Marii<\/p>\n<p>2. + Barbara Praso\u0142 od rodziny Misiud\u00f3w (x. go\u015b\u0107)<\/td>\n<\/tr>\n<tr>\n<td width=\"76\"><strong>12.00<\/strong><\/td>\n<td width=\"624\">1. Za parafian<\/td>\n<\/tr>\n<tr>\n<td width=\"76\"><strong>16.00<\/strong><\/td>\n<td width=\"624\">1. + Bronis\u0142aw (30 rocz.), Julia (14 rocz.) Warzocha<\/td>\n<\/tr>\n<tr>\n<td width=\"76\"><strong>18.00<\/strong><\/td>\n<td width=\"624\">1. + Jan Ciura od c\u00f3rki z synami<\/td>\n<\/tr>\n<\/tbody>\n<\/table>\n<p>Tylko do u\u017cytku wewn\u0119trznego Parafii MB \u015anie\u017cnej w Rzeszowie!<strong><br \/>\n<\/strong><\/p>\n","protected":false},"excerpt":{"rendered":"<p>&#8230;<\/p>\n","protected":false},"author":1,"featured_media":5337,"comment_status":"closed","ping_status":"open","sticky":false,"template":"","format":"standard","meta":{"ngg_post_thumbnail":0,"footnotes":""},"categories":[4],"tags":[],"class_list":["post-5430","post","type-post","status-publish","format-standard","has-post-thumbnail","hentry","category-intencje"],"_links":{"self":[{"href":"https:\/\/mbsniezna.rzeszow.pl\/index.php\/wp-json\/wp\/v2\/posts\/5430","targetHints":{"allow":["GET"]}}],"collection":[{"href":"https:\/\/mbsniezna.rzeszow.pl\/index.php\/wp-json\/wp\/v2\/posts"}],"about":[{"href":"https:\/\/mbsniezna.rzeszow.pl\/index.php\/wp-json\/wp\/v2\/types\/post"}],"author":[{"embeddable":true,"href":"https:\/\/mbsniezna.rzeszow.pl\/index.php\/wp-json\/wp\/v2\/users\/1"}],"replies":[{"embeddable":true,"href":"https:\/\/mbsniezna.rzeszow.pl\/index.php\/wp-json\/wp\/v2\/comments?post=5430"}],"version-history":[{"count":1,"href":"https:\/\/mbsniezna.rzeszow.pl\/index.php\/wp-json\/wp\/v2\/posts\/5430\/revisions"}],"predecessor-version":[{"id":5431,"href":"https:\/\/mbsniezna.rzeszow.pl\/index.php\/wp-json\/wp\/v2\/posts\/5430\/revisions\/5431"}],"wp:featuredmedia":[{"embeddable":true,"href":"https:\/\/mbsniezna.rzeszow.pl\/index.php\/wp-json\/wp\/v2\/media\/5337"}],"wp:attachment":[{"href":"https:\/\/mbsniezna.rzeszow.pl\/index.php\/wp-json\/wp\/v2\/media?parent=5430"}],"wp:term":[{"taxonomy":"category","embeddable":true,"href":"https:\/\/mbsniezna.rzeszow.pl\/index.php\/wp-json\/wp\/v2\/categories?post=5430"},{"taxonomy":"post_tag","embeddable":true,"href":"https:\/\/mbsniezna.rzeszow.pl\/index.php\/wp-json\/wp\/v2\/tags?post=5430"}],"curies":[{"name":"wp","href":"https:\/\/api.w.org\/{rel}","templated":true}]}}