{"id":5432,"date":"2018-08-26T09:46:43","date_gmt":"2018-08-26T07:46:43","guid":{"rendered":"https:\/\/mbsniezna.rzeszow.pl\/?p=5432"},"modified":"2018-08-26T09:46:43","modified_gmt":"2018-08-26T07:46:43","slug":"ogloszenia-na-uroczystosc-mb-czestochowskiej-26-08-2018-r","status":"publish","type":"post","link":"https:\/\/mbsniezna.rzeszow.pl\/index.php\/2018\/08\/26\/ogloszenia-na-uroczystosc-mb-czestochowskiej-26-08-2018-r\/","title":{"rendered":"Og\u0142oszenia na Uroczysto\u015b\u0107 MB Cz\u0119stochowskiej, 26.08.2018 r."},"content":{"rendered":"<p>OG\u0141OSZENIA \u2013 XXI NIEDZIELA ZWYK\u0141A<br \/>\nUROCZYSTO\u015a\u0106 MATKI BO\u017bEJ CZ\u0118STOCHOWSKIEJ<br \/>\n26 SIERPNIA 2018 R.<\/p>\n<p>1.\tDzisiaj w katedrze do\u017cynki diecezjalne, nasz\u0105 parafi\u0119 reprezentuje z wie\u0144cem Zesp\u00f3\u0142 \u201eBudziwojce\u201d.<\/p>\n<p>2.\tJutro \u015bw. Moniki.<\/p>\n<p>3.\tWe wtorek \u015bw. Augustyna \u2013 nabo\u017ce\u0144stwo do \u015bw. Antoniego.<\/p>\n<p>4.\tW \u015brod\u0119 M\u0119cze\u0144stwo \u015bw. Jan Chrzciciela \u2013 nowenna do Matki Bo\u017cej.<\/p>\n<p>5.\tW czwartek od 17.15 adoracja Naj\u015bwi\u0119tszego Sakramentu i spowied\u017a.<\/p>\n<p>6.\tW pi\u0105tek nabo\u017ce\u0144stwo do Bo\u017cego Mi\u0142osierdzia.<\/p>\n<p>7.\tI sobota miesi\u0105ca: od 6.30 spowied\u017a, od 17.00 spowied\u017a dzieci i m\u0142odzie\u017cy na pocz\u0105tek roku szkolnego \u2013 prosimy rodzic\u00f3w, aby dopilnowali tej sprawy, o 17.30 Komunia, o 18.00 Msza \u015bw., a po niej r\u00f3\u017caniec fatimski.<\/p>\n<p>8.\t1 wrze\u015bnia rocznica barbarzy\u0144skiego napadu Niemiec na Polsk\u0119 w 1939 r. \u2013 modli\u0107 si\u0119 b\u0119dziemy za wszystkich poleg\u0142ych w obronie Ojczyzny i o pok\u00f3j na \u015bwiecie.<\/p>\n<p>9.\tW niedziel\u0119 na ka\u017cdej Mszy \u015bw. aspersja, a po prymarii zmiana tajemnic r\u00f3\u017ca\u0144cowych.<\/p>\n<p>10.\tZapowiedzi: Marcin \u0141ojczyk-Krystyna Kot (zap. II).<\/p>\n<p>11.\tB\u00f3g zap\u0142a\u0107 za ofiary na sprz\u0105tanie ko\u015bcio\u0142a, w tym tygodniu z ul. Miejskiej prosimy rodziny: Izabeli Sikora, Magdaleny Korzeniowskiej, Beaty Trzyna, Moniki O\u017cy\u0142o, Anety Jakubiec, Krystyny Syno\u015b, Gra\u017cyny Gliwa, Stanis\u0142awy Wac\u0142awek, Iwony Loch, Krystyny Szwed.<\/p>\n<p>12.\t B\u00f3g zap\u0142a\u0107 za ofiary na stypendia szkolne w Czadzie oraz za sk\u0142adk\u0119 inwestycyjn\u0105 z ubieg\u0142ej niedzieli, kt\u00f3ra wynios\u0142a 9 tys. z\u0142.<\/p>\n<p>13.\tDzisiaj zbieramy ofiary do puszek na ufundowanie ca\u0142orocznego do\u017cywiania w naszej szkole dw\u00f3jce dzieci z rodzin potrzebuj\u0105cych pomocy.<\/p>\n<p>14.\tNa stoliczku za \u0142awkami jest nowy numer darmowej gazety \u201eDobre nowiny\u201d (200 sztuk), zapraszamy do lektury.<\/p>\n<p>15.\tWe \u015brod\u0119 29 sierpnia b\u0119dzie XI Rzeszowski Marsz na  rzecz trze\u017awo\u015bci. Rozpocz\u0119cie Msz\u0105 \u015bw. w ko\u015bciele \u015awi\u0119tego Krzy\u017ca na ul. 3-go maja.<\/p>\n<p>16.\tDzisiaj w Dublinie ko\u0144czy si\u0119 \u015awiatowe Spotkanie Rodzin. Papie\u017c Franciszek odprawi Msz\u0119 \u015bw. i wyg\u0142osi kazanie w Phoenix Park. Transmisja w Telewizji Trwam o 15.40.<\/p>\n<p>17.\tBardzo serdecznie witamy nowych ksi\u0119\u017cy. Nowym wikariuszem jest ks. Damian O\u017c\u00f3g, kt\u00f3ry przez ostatnie 5 lat pracowa\u0142 w parafii Orange w diecezji Awinion we Francji. Jego g\u0142\u00f3wnym zadaniem w parafii b\u0119dzie katechizacja w szkole (26 godz. tygodniowo) oraz prowadzenie ministrant\u00f3w, lektor\u00f3w i oazy. Nowym rezydentem jest ks. Pawe\u0142 Syno\u015b, kt\u00f3ry przez ostatnie 7 lat by\u0142 ojcem duchownym w Wy\u017cszym Seminarium Duchownym w Rzeszowie. Teraz jest delegatem biskupa do spraw formacji sta\u0142ej ksi\u0119\u017cy, a tak\u017ce b\u0119dzie mia\u0142 wyk\u0142ady w Seminarium Duchownym oraz b\u0119dzie podejmowa\u0142 pos\u0142ug\u0119 duszpastersk\u0105 w naszej parafii. Nowym ksi\u0119\u017com \u017cyczymy wielu \u0142ask Bo\u017cych oraz sta\u0142ej opieki naszych patron\u00f3w \u2013 Matki Bo\u017cej \u015anie\u017cnej i \u015bw. Antoniego<\/p>\n<p>Tylko do u\u017cytku wewn\u0119trznego Parafii MB \u015anie\u017cnej w Rzeszowie!<\/p>\n","protected":false},"excerpt":{"rendered":"<p>&#8230;<\/p>\n","protected":false},"author":1,"featured_media":4336,"comment_status":"closed","ping_status":"open","sticky":false,"template":"","format":"standard","meta":{"ngg_post_thumbnail":0,"footnotes":""},"categories":[14],"tags":[],"class_list":["post-5432","post","type-post","status-publish","format-standard","has-post-thumbnail","hentry","category-ogloszenia_duszp"],"_links":{"self":[{"href":"https:\/\/mbsniezna.rzeszow.pl\/index.php\/wp-json\/wp\/v2\/posts\/5432","targetHints":{"allow":["GET"]}}],"collection":[{"href":"https:\/\/mbsniezna.rzeszow.pl\/index.php\/wp-json\/wp\/v2\/posts"}],"about":[{"href":"https:\/\/mbsniezna.rzeszow.pl\/index.php\/wp-json\/wp\/v2\/types\/post"}],"author":[{"embeddable":true,"href":"https:\/\/mbsniezna.rzeszow.pl\/index.php\/wp-json\/wp\/v2\/users\/1"}],"replies":[{"embeddable":true,"href":"https:\/\/mbsniezna.rzeszow.pl\/index.php\/wp-json\/wp\/v2\/comments?post=5432"}],"version-history":[{"count":1,"href":"https:\/\/mbsniezna.rzeszow.pl\/index.php\/wp-json\/wp\/v2\/posts\/5432\/revisions"}],"predecessor-version":[{"id":5433,"href":"https:\/\/mbsniezna.rzeszow.pl\/index.php\/wp-json\/wp\/v2\/posts\/5432\/revisions\/5433"}],"wp:featuredmedia":[{"embeddable":true,"href":"https:\/\/mbsniezna.rzeszow.pl\/index.php\/wp-json\/wp\/v2\/media\/4336"}],"wp:attachment":[{"href":"https:\/\/mbsniezna.rzeszow.pl\/index.php\/wp-json\/wp\/v2\/media?parent=5432"}],"wp:term":[{"taxonomy":"category","embeddable":true,"href":"https:\/\/mbsniezna.rzeszow.pl\/index.php\/wp-json\/wp\/v2\/categories?post=5432"},{"taxonomy":"post_tag","embeddable":true,"href":"https:\/\/mbsniezna.rzeszow.pl\/index.php\/wp-json\/wp\/v2\/tags?post=5432"}],"curies":[{"name":"wp","href":"https:\/\/api.w.org\/{rel}","templated":true}]}}