{"id":5434,"date":"2018-09-02T20:21:22","date_gmt":"2018-09-02T18:21:22","guid":{"rendered":"https:\/\/mbsniezna.rzeszow.pl\/?p=5434"},"modified":"2018-09-02T20:21:22","modified_gmt":"2018-09-02T18:21:22","slug":"intencje-mszalne-3-09-9-09-2018-r","status":"publish","type":"post","link":"https:\/\/mbsniezna.rzeszow.pl\/index.php\/2018\/09\/02\/intencje-mszalne-3-09-9-09-2018-r\/","title":{"rendered":"Intencje mszalne 3.09. \u2013 9.09.2018 r."},"content":{"rendered":"<p>&nbsp;<\/p>\n<p><strong>Poniedzia\u0142ek: 3.09<\/strong><\/p>\n<table width=\"0\">\n<tbody>\n<tr>\n<td width=\"76\"><strong>7.00<\/strong><\/p>\n<p><strong>8.00<\/strong><\/td>\n<td width=\"624\">1. &nbsp;+ Marian, Janina, Stanis\u0142aw, Bronis\u0142awa Kotula, Teresa Szczygie\u0142<\/p>\n<p>1. O b\u0142og. Bo\u017ce dla uczni\u00f3w, nauczycieli i wychowawc\u00f3w oraz rodzic\u00f3w w nowym roku szkolnym<\/td>\n<\/tr>\n<tr>\n<td width=\"76\"><strong>18.00<\/strong><\/td>\n<td width=\"624\">1. + Tadeusz (3)<\/p>\n<p>2. + Aleksander, Maria Baran<\/p>\n<p>3. + Maciej W\u0119glarz w 30 dzie\u0144 od \u015bmierci<\/p>\n<p><em>+ Jan Pasieka od Wydzia\u0142u Spraw Pracowniczych ZUS \u2013 Bielce na Mo\u0142dawii<\/em><\/p>\n<p><em>+ Maciej W\u0119glarz od rodziny Pi\u0142at\u00f3w &#8211; Tarnoszyn<\/em><\/td>\n<\/tr>\n<\/tbody>\n<\/table>\n<p><strong>Wtorek: 4.09<\/strong><\/p>\n<table width=\"0\">\n<tbody>\n<tr>\n<td width=\"76\"><strong>7.00<\/strong><\/td>\n<td width=\"624\">1. + Aniela Borowiec (21 rocz.)<\/td>\n<\/tr>\n<tr>\n<td width=\"76\"><strong>18.00<\/strong><\/td>\n<td width=\"624\">1. + Tadeusz (4)<\/p>\n<p>2. + Jan, Aniela Pa\u015bko<\/p>\n<p>3. O b\u0142og. Bo\u017ce dla Bart\u0142omieja w 18 urodziny<\/p>\n<p><em>+ Jan Pasieka od Zosi z rodzin\u0105 \u2013 Bielce na Mo\u0142dawii<\/em><\/p>\n<p><em>+ Maciej W\u0119glarz od rodziny Pi\u0142at\u00f3w &#8211; Tarnoszyn<\/em><\/td>\n<\/tr>\n<\/tbody>\n<\/table>\n<p><strong>\u015aroda: 5.09 <\/strong><\/p>\n<table width=\"0\">\n<tbody>\n<tr>\n<td width=\"76\"><strong>7.00<\/strong><\/td>\n<td width=\"624\">1. + Boles\u0142aw, Albina, J\u00f3zef Kawa, Stanis\u0142awa i Ignacy Bober, Krystyna Kornak (10 r.)<\/td>\n<\/tr>\n<tr>\n<td width=\"76\"><strong>18.00<\/strong><\/td>\n<td width=\"624\">1. + Tadeusz (5)<\/p>\n<p>2. + Aleksandra Kubicka od Tadeusza z rodzin\u0105<\/p>\n<p>3. O szcz\u0119\u015bliwe rozwi\u0105zanie dla Karoliny i potrzebne \u0142aski<\/p>\n<p><em>+ Jan Pasieka \u2013 od koleg\u00f3w i kole\u017canek z Jas\u0142a \u2013 Bielce na Mo\u0142dawii<\/em><\/p>\n<p><em>+ Maciej W\u0119glarz od rodziny Pi\u0142at\u00f3w &#8211; Tarnoszyn<\/em><\/td>\n<\/tr>\n<\/tbody>\n<\/table>\n<p><strong>Czwartek: 6.09<\/strong><\/p>\n<table width=\"0\">\n<tbody>\n<tr>\n<td width=\"76\"><strong>7.00<\/strong><\/td>\n<td width=\"624\">1. + Tadeusz (6)<\/p>\n<p>2. + Pawe\u0142 Ferenc od Ewy i J\u00f3zefa Wo\u017aniak z rodzin\u0105 \u2013 zako\u0144czenie Mszy pogrzebowych<\/td>\n<\/tr>\n<tr>\n<td width=\"76\"><strong>18.00<\/strong><\/td>\n<td width=\"624\">1.&nbsp; Dzi\u0119kczynna w10-lecie \u015blubu Katarzyny i Mateusza i o b\u0142og. Bo\u017ce dla rodziny<\/p>\n<p>2.&nbsp; O b\u0142og. Bo\u017ce i dzi\u0119kczynna za otrzymane \u0142aski dla rodziny<\/p>\n<p>+ <em>Jan Pasieka od rodziny Olbrycht\u00f3w \u2013 Bielce na Mo\u0142dawii<\/em><\/p>\n<p><em>+ Maciej W\u0119glarz od rodziny Pi\u0142at\u00f3w &#8211; Tarnoszyn<\/em><\/td>\n<\/tr>\n<\/tbody>\n<\/table>\n<p><strong>Pi\u0105tek: 7.09<\/strong><\/p>\n<table width=\"0\">\n<tbody>\n<tr>\n<td width=\"76\"><strong>7.00<\/strong><\/td>\n<td width=\"624\">1. Wynagradzaj\u0105ca Sercu Bo\u017cemu za grzechy \u015bwiata od Czes\u0142awy Szwed<\/p>\n<p>2. + Stanis\u0142aw Kotula od rodziny Mucha<\/td>\n<\/tr>\n<tr>\n<td width=\"76\"><strong>18.00<\/strong><\/td>\n<td width=\"624\">1. + Tadeusz (7)<\/p>\n<p>2. + Maria, Stanis\u0142aw Szczygie\u0142<\/p>\n<p><em>+ Jan Pasieka od rodziny Balawejdr\u00f3w \u2013 Bielce na Mo\u0142dawii<\/em><\/p>\n<p><em>+ Maciej W\u0119glarz od rodziny Pi\u0142at\u00f3w &#8211; Tarnoszyn<\/em><\/td>\n<\/tr>\n<\/tbody>\n<\/table>\n<p><strong>Sobota: 8.09<\/strong><\/p>\n<table width=\"0\">\n<tbody>\n<tr>\n<td width=\"76\"><strong>7.00<\/strong><\/p>\n<p><strong>9.00<\/strong><\/td>\n<td width=\"624\">1. + J\u00f3zef, Czes\u0142awa Burdasz<\/p>\n<p>1. + Janina \u015al\u0105czka od wnuka Krzysztofa z \u017con\u0105<\/td>\n<\/tr>\n<tr>\n<td width=\"76\"><strong>18.00<\/strong><\/td>\n<td width=\"624\">1. + Tadeusz (8)<\/p>\n<p>2. + Miros\u0142aw Rachelski od chrze\u015bniaka Ignasia z rodzin\u0105<\/p>\n<p><em>+ Jan Pasieka od swat\u00f3w \u2013 Bielce na Mo\u0142dawii<\/em><\/p>\n<p><em>+ Maciej W\u0119glarz od piel\u0119gniarek z Hospicjum Domowego Vita-Res &#8211; Tarnoszyn<\/em><\/td>\n<\/tr>\n<\/tbody>\n<\/table>\n<p><strong>NIEDZIELA: 2.09<\/strong><\/p>\n<table width=\"0\">\n<tbody>\n<tr>\n<td width=\"76\"><strong>7.00<\/strong><\/td>\n<td width=\"624\">1. + Z r\u00f3\u017cy Olgi Kotula<\/td>\n<\/tr>\n<tr>\n<td width=\"76\"><strong>9.00<\/strong><\/td>\n<td width=\"624\">1. W intencji Jakuba w 18 urodziny<\/td>\n<\/tr>\n<tr>\n<td width=\"76\"><strong>10.30<\/strong><\/td>\n<td width=\"624\">1. + Remigiusz Procyk (6 r.)<\/p>\n<p><em>+ Maciej W\u0119glarz od dyrekcji i&nbsp; pracownik\u00f3w przychodni Mruk-Med \u2013 Tarnoszyn<\/em><\/p>\n<p><em>+ Maciej W\u0119glarz od Bo\u017ceny i Agnieszki z rodzinami \u2013 Bielce na Mo\u0142dawii<\/em><\/td>\n<\/tr>\n<tr>\n<td width=\"76\"><strong>12.00<\/strong><\/td>\n<td width=\"624\">1. O zdrowie i b\u0142og. Bo\u017ce dla Heleny Chy\u0142a w 90 urodziny<\/td>\n<\/tr>\n<tr>\n<td width=\"76\"><strong>16.00<\/strong><\/td>\n<td width=\"624\">1. + J\u00f3zef (11 rocz.), Eugenia Matu\u0142a<\/td>\n<\/tr>\n<tr>\n<td width=\"76\"><strong>18.00<\/strong><\/td>\n<td width=\"624\">1. + Tadeusz (9)<\/td>\n<\/tr>\n<\/tbody>\n<\/table>\n<p>Tylko do u\u017cytku wewn\u0119trznego Parafii MB \u015anie\u017cnej w Rzeszowie!<\/p>\n","protected":false},"excerpt":{"rendered":"<p>&#8230;<\/p>\n","protected":false},"author":1,"featured_media":5337,"comment_status":"closed","ping_status":"open","sticky":false,"template":"","format":"standard","meta":{"ngg_post_thumbnail":0,"footnotes":""},"categories":[4],"tags":[],"class_list":["post-5434","post","type-post","status-publish","format-standard","has-post-thumbnail","hentry","category-intencje"],"_links":{"self":[{"href":"https:\/\/mbsniezna.rzeszow.pl\/index.php\/wp-json\/wp\/v2\/posts\/5434","targetHints":{"allow":["GET"]}}],"collection":[{"href":"https:\/\/mbsniezna.rzeszow.pl\/index.php\/wp-json\/wp\/v2\/posts"}],"about":[{"href":"https:\/\/mbsniezna.rzeszow.pl\/index.php\/wp-json\/wp\/v2\/types\/post"}],"author":[{"embeddable":true,"href":"https:\/\/mbsniezna.rzeszow.pl\/index.php\/wp-json\/wp\/v2\/users\/1"}],"replies":[{"embeddable":true,"href":"https:\/\/mbsniezna.rzeszow.pl\/index.php\/wp-json\/wp\/v2\/comments?post=5434"}],"version-history":[{"count":1,"href":"https:\/\/mbsniezna.rzeszow.pl\/index.php\/wp-json\/wp\/v2\/posts\/5434\/revisions"}],"predecessor-version":[{"id":5435,"href":"https:\/\/mbsniezna.rzeszow.pl\/index.php\/wp-json\/wp\/v2\/posts\/5434\/revisions\/5435"}],"wp:featuredmedia":[{"embeddable":true,"href":"https:\/\/mbsniezna.rzeszow.pl\/index.php\/wp-json\/wp\/v2\/media\/5337"}],"wp:attachment":[{"href":"https:\/\/mbsniezna.rzeszow.pl\/index.php\/wp-json\/wp\/v2\/media?parent=5434"}],"wp:term":[{"taxonomy":"category","embeddable":true,"href":"https:\/\/mbsniezna.rzeszow.pl\/index.php\/wp-json\/wp\/v2\/categories?post=5434"},{"taxonomy":"post_tag","embeddable":true,"href":"https:\/\/mbsniezna.rzeszow.pl\/index.php\/wp-json\/wp\/v2\/tags?post=5434"}],"curies":[{"name":"wp","href":"https:\/\/api.w.org\/{rel}","templated":true}]}}