{"id":5444,"date":"2018-09-16T11:12:45","date_gmt":"2018-09-16T09:12:45","guid":{"rendered":"https:\/\/mbsniezna.rzeszow.pl\/?p=5444"},"modified":"2018-09-16T11:13:11","modified_gmt":"2018-09-16T09:13:11","slug":"intencje-mszalne-17-09-22-09-2018-r","status":"publish","type":"post","link":"https:\/\/mbsniezna.rzeszow.pl\/index.php\/2018\/09\/16\/intencje-mszalne-17-09-22-09-2018-r\/","title":{"rendered":"Intencje mszalne 17.09. \u2013 22.09.2018 r."},"content":{"rendered":"<p><strong>Poniedzia\u0142ek: 17.09<\/strong><\/p>\n<table width=\"0\">\n<tbody>\n<tr>\n<td width=\"76\"><strong>7.00<\/strong><\/td>\n<td width=\"624\">1. &nbsp;+ Tadeusz (17)<\/p>\n<p>2. + Wies\u0142aw Kudlicki od syna z rodzin\u0105<\/p>\n<p>3. Maria Pasierb od Les\u0142awa Pi\u0119ty z rodz.<\/td>\n<\/tr>\n<tr>\n<td width=\"76\"><strong>18.00<\/strong><\/td>\n<td width=\"624\">1. + Lucyna Cz\u0142onka (2 rocz.)<\/p>\n<p>2. O Bo\u017ce b\u0142og., potrzebne \u0142aski, opiek\u0119 patrona dla dzieci, rodzic\u00f3w i personelu Przedszkola<\/p>\n<p><em>+ W\u0142adys\u0142aw Tobiasz od swatowej Kazimiery z Boguchwa\u0142y &#8211; Mo\u0142dawia<\/em><\/p>\n<p><em>+ Teresa Kulikowska od kole\u017canek c\u00f3rki Magdaleny z Firmy Podzamcze w Czudcu &#8211; Tarnoszyn<\/em><\/p>\n<p><em>+ Helena Jacek od. S. Brygidy, dominikanki &#8211; Barlinek<\/em><\/td>\n<\/tr>\n<\/tbody>\n<\/table>\n<p><strong>Wtorek: 18.09<\/strong><\/p>\n<table width=\"0\">\n<tbody>\n<tr>\n<td width=\"76\"><strong>7.00<\/strong><\/td>\n<td width=\"624\">1. + Tadeusz (18)<\/td>\n<\/tr>\n<tr>\n<td width=\"76\"><strong>18.00<\/strong><\/td>\n<td width=\"624\">1. + Maria Pasierb od Edwarda Kocur \u2013 ks. Pawe\u0142 poza parafi\u0105<\/p>\n<p>2. + Lucyna Cz\u0142onka (2 rocz.)<\/p>\n<p>3. O b\u0142og. Bo\u017ce dla Patrycji w 18 urodziny<\/p>\n<p>4. + Beata Praso\u0142 od Marceliny Strz\u0119pek (x. go\u015b\u0107)<\/p>\n<p><em>+ W\u0142adys\u0142aw Tobiasz od rodziny \u0142uk\u00f3w z Tyczyna &#8211; Mo\u0142dawia<\/em><\/p>\n<p><em>+ Teresa Kulikowska od kole\u017canek c\u00f3rki Magdaleny z Firmy Podzamcze w Czudcu- Tarnoszyn<\/em><\/p>\n<p><em>+ Helena Jacek od Mariana Bielec z rodzina &#8211; Barlinek<\/em><\/td>\n<\/tr>\n<\/tbody>\n<\/table>\n<p><strong>\u015aroda: 19.09 <\/strong><\/p>\n<table width=\"0\">\n<tbody>\n<tr>\n<td width=\"76\"><strong>7.00<\/strong><\/td>\n<td width=\"624\">1. + Stanis\u0142awa B\u0142o\u0144ska od s\u0105siad\u00f3w z ul. Sportowc\u00f3w<\/td>\n<\/tr>\n<tr>\n<td width=\"76\"><strong>18.00<\/strong><\/td>\n<td width=\"624\">1. + Stanis\u0142aw Kotula od Aleksandry Bomba \u2013 ks. Pawe\u0142 poza parafi\u0105<\/p>\n<p>2. + Tadeusz (19)<\/p>\n<p>3. + Mieczys\u0142aw Solecki od taty i siostry<\/p>\n<p>4. + Janusz Najda od Andrzeja (x. go\u015b\u0107)<\/p>\n<p><em>+ W\u0142adys\u0142aw Tobias od pracownik\u00f3w Przedszkola Nr 23 w Rzeszowie \u2013&nbsp; Mo\u0142dawia<\/em><\/p>\n<p><em>+ Teresa Kulikowska od rodziny Szel\u00f3w i Janiny Pytlak \u2013 Tarnoszyn<\/em><\/p>\n<p><em>+ Helena Jacek od Teresy Suberlak &#8211; Barlinek<\/em><\/td>\n<\/tr>\n<\/tbody>\n<\/table>\n<p><strong>Czwartek: 20.09<\/strong><\/p>\n<table width=\"0\">\n<tbody>\n<tr>\n<td width=\"76\"><strong>7.00<\/strong><\/td>\n<td width=\"624\">1. + Tadeusz (20)<\/td>\n<\/tr>\n<tr>\n<td width=\"76\"><strong>18.00<\/strong><\/td>\n<td width=\"624\">1.&nbsp; + Janina \u015al\u0105czka od Ewy Mazur z Siedlisk \u2013 ks. Pawe\u0142 poza parafi\u0105<\/p>\n<p>2.&nbsp; W intencji rodziny z podzi\u0119kowaniem za Bo\u017ce \u0142aski i opiek\u0119<\/p>\n<p>3.&nbsp; W intencji pielgrzym\u00f3w do Ziemi \u015awi\u0119tej i ich rodzin<\/p>\n<p>4.&nbsp; + W\u0142adys\u0142aw S\u0142owik od chrze\u015bnicy Barbary z rodzin\u0105 (x. go\u015b\u0107)<\/p>\n<p><em>+ W\u0142adys\u0142aw Tobiasz od prac.&nbsp; Woj. Stacji Pogotowia ratunkowego w Rzeszowie \u2013&nbsp; Mo\u0142dawia<\/em><\/p>\n<p><em>+ Teresa Kulikowska od rodziny Dusz\u00f3w &#8211; &nbsp;Tarnoszyn<\/em><\/p>\n<p><em>+ Helena Jacek od Tadeusza Kot z rodzina &#8211; Barlinek<\/em><\/td>\n<\/tr>\n<\/tbody>\n<\/table>\n<p><strong>Pi\u0105tek: 21.09<\/strong><\/p>\n<table width=\"0\">\n<tbody>\n<tr>\n<td width=\"76\"><strong>7.00<\/strong><\/td>\n<td width=\"624\">1. + Ks. Kazimierz \u017bydzik \u2013 proboszcz Budziwojski \u2013 38 rocz. \u015bmierci<\/td>\n<\/tr>\n<tr>\n<td width=\"76\"><strong>18.00<\/strong><\/td>\n<td width=\"624\">1. +Maria Pasierb od rodziny Kocur\u00f3w \u2013 ks. Pawe\u0142 poza parafi\u0105<\/p>\n<p>2. + Eugeniusz Grzebyk (15 rocz.)<\/p>\n<p>3. + Tadeusz (21)<\/p>\n<p>4. + Justyna Tobiasz od klasy IId (x. go\u015b\u0107)<\/p>\n<p><em>+ W\u0142adys\u0142aw Tobiasz od prac.&nbsp; Woj. Stacji Pogotowia ratunkowego w Rzeszowie \u2013&nbsp; Mo\u0142dawia<\/em><\/p>\n<p><em>+ Teresa Kulikowska od rodz. Iwanowicz \u2013 Tarnoszyn<\/em><\/p>\n<p><em>+ Helena Jacek od Emilii Kot &#8211; Barlinek<\/em><\/td>\n<\/tr>\n<\/tbody>\n<\/table>\n<p><strong>Sobota: 22.09<\/strong><\/p>\n<table width=\"0\">\n<tbody>\n<tr>\n<td width=\"76\"><strong>7.00<\/strong><\/td>\n<td width=\"624\">1. + Teresa Szczygie\u0142<\/p>\n<p>2. + W\u0142adys\u0142aw Szczupiel od s\u0105siad\u00f3w z M\u0142y\u0144skiej<\/td>\n<\/tr>\n<tr>\n<td width=\"76\"><strong>18.00<\/strong><\/td>\n<td width=\"624\">1. +&nbsp; Tadeusz (22)<\/p>\n<p>2. + Les\u0142aw Matu\u0142a od brata Stanis\u0142awa z \u017con\u0105 (x. go\u015b\u0107)<\/p>\n<p><em>+ W\u0142adys\u0142aw Tobiasz od rodziny Grub\u00f3w &#8211; Mo\u0142dawia<\/em><\/p>\n<p>+ <em>Teresa Kulikowska od rodziny Pintali \u2013 Tarnoszyn<\/em><\/p>\n<p><em>+ Helena Jacek od rodziny Much\u00f3w &#8211; Barlinek<\/em><\/td>\n<\/tr>\n<\/tbody>\n<\/table>\n<p><strong>NIEDZIELA: 23.09<\/strong><\/p>\n<table width=\"0\">\n<tbody>\n<tr>\n<td width=\"76\"><strong>7.00<\/strong><\/td>\n<td width=\"624\">1. + Genowefa, Stanis\u0142aw Klimczak<\/td>\n<\/tr>\n<tr>\n<td width=\"76\"><strong>9.00<\/strong><\/td>\n<td width=\"624\">1. + Barbara w rocznic\u0119 urodzin<\/p>\n<p>2. + Genowefa Pa\u015bkiewicz (4 rocz.)<\/td>\n<\/tr>\n<tr>\n<td width=\"76\"><strong>10.30<\/strong><\/td>\n<td width=\"624\">1. + Halina Mita\u0142 (4 rocz.)<\/p>\n<p><em>+&nbsp; W\u0142adys\u0142aw Tobiasz od siostrze\u0144ca S\u0142awomira z rodzin\u0105 \u2013 Mo\u0142dawia<\/em><\/p>\n<p><em>+ Teresa Kulikowska od rodziny Pintali<\/em><\/p>\n<p><em>+ Helena Jacek od rodziny Wisz\u00f3w &#8211; Barlinek<\/em><\/td>\n<\/tr>\n<tr>\n<td width=\"76\"><strong>12.00<\/strong><\/td>\n<td width=\"624\">1. + Za parafian<\/td>\n<\/tr>\n<tr>\n<td width=\"76\"><strong>16.00<\/strong><\/td>\n<td width=\"624\">1. + Krystyna Kozik (7 rocz.)<\/td>\n<\/tr>\n<tr>\n<td width=\"76\"><strong>18.00<\/strong><\/td>\n<td width=\"624\">1. + Tadeusz (23)<\/td>\n<\/tr>\n<\/tbody>\n<\/table>\n<p>Do u\u017cytku wewn\u0119trznego parafii MB \u015anie\u017cnej w Rzeszowie!<\/p>\n","protected":false},"excerpt":{"rendered":"<p>&#8230;<\/p>\n","protected":false},"author":1,"featured_media":5337,"comment_status":"closed","ping_status":"open","sticky":false,"template":"","format":"standard","meta":{"ngg_post_thumbnail":0,"footnotes":""},"categories":[4],"tags":[],"class_list":["post-5444","post","type-post","status-publish","format-standard","has-post-thumbnail","hentry","category-intencje"],"_links":{"self":[{"href":"https:\/\/mbsniezna.rzeszow.pl\/index.php\/wp-json\/wp\/v2\/posts\/5444","targetHints":{"allow":["GET"]}}],"collection":[{"href":"https:\/\/mbsniezna.rzeszow.pl\/index.php\/wp-json\/wp\/v2\/posts"}],"about":[{"href":"https:\/\/mbsniezna.rzeszow.pl\/index.php\/wp-json\/wp\/v2\/types\/post"}],"author":[{"embeddable":true,"href":"https:\/\/mbsniezna.rzeszow.pl\/index.php\/wp-json\/wp\/v2\/users\/1"}],"replies":[{"embeddable":true,"href":"https:\/\/mbsniezna.rzeszow.pl\/index.php\/wp-json\/wp\/v2\/comments?post=5444"}],"version-history":[{"count":2,"href":"https:\/\/mbsniezna.rzeszow.pl\/index.php\/wp-json\/wp\/v2\/posts\/5444\/revisions"}],"predecessor-version":[{"id":5446,"href":"https:\/\/mbsniezna.rzeszow.pl\/index.php\/wp-json\/wp\/v2\/posts\/5444\/revisions\/5446"}],"wp:featuredmedia":[{"embeddable":true,"href":"https:\/\/mbsniezna.rzeszow.pl\/index.php\/wp-json\/wp\/v2\/media\/5337"}],"wp:attachment":[{"href":"https:\/\/mbsniezna.rzeszow.pl\/index.php\/wp-json\/wp\/v2\/media?parent=5444"}],"wp:term":[{"taxonomy":"category","embeddable":true,"href":"https:\/\/mbsniezna.rzeszow.pl\/index.php\/wp-json\/wp\/v2\/categories?post=5444"},{"taxonomy":"post_tag","embeddable":true,"href":"https:\/\/mbsniezna.rzeszow.pl\/index.php\/wp-json\/wp\/v2\/tags?post=5444"}],"curies":[{"name":"wp","href":"https:\/\/api.w.org\/{rel}","templated":true}]}}