{"id":5450,"date":"2018-09-24T19:20:13","date_gmt":"2018-09-24T17:20:13","guid":{"rendered":"https:\/\/mbsniezna.rzeszow.pl\/?p=5450"},"modified":"2018-09-24T19:20:13","modified_gmt":"2018-09-24T17:20:13","slug":"intencje-mszalne-24-30-09-2018-r","status":"publish","type":"post","link":"https:\/\/mbsniezna.rzeszow.pl\/index.php\/2018\/09\/24\/intencje-mszalne-24-30-09-2018-r\/","title":{"rendered":"Intencje mszalne, 24-30.09.2018 r."},"content":{"rendered":"<p><strong>Intencje mszalne 24.09. \u2013 30.09.2018 r.<\/strong><\/p>\n<p><strong>Poniedzia\u0142ek: 24.09<\/strong><\/p>\n<table width=\"0\">\n<tbody>\n<tr>\n<td width=\"76\"><strong>7.00<\/strong><\/td>\n<td width=\"624\">1. &nbsp;+ Tadeusz (24)<\/td>\n<\/tr>\n<tr>\n<td width=\"76\"><strong>18.00<\/strong><\/td>\n<td width=\"624\">1. + Antoni Trafid\u0142o<\/p>\n<p>2. + Wiktoria, Stanis\u0142aw Zych, ++ z rodziny<\/p>\n<p><em>+ Stefan Rzeszutko od szwagierki Genowefy z rodzin\u0105 &#8211; Tarnoszyn<\/em><\/p>\n<p><em>+ Emil Borowiec od Szypu\u0142\u00f3w z Siedlisk &#8211; Mo\u0142dawia<\/em><\/p>\n<p><em>+ Helena Jacek od Agnieszki i Dariusza Dziura &#8211; Barlinek<\/em><\/td>\n<\/tr>\n<\/tbody>\n<\/table>\n<p><strong>Wtorek: 25.09<\/strong><\/p>\n<table width=\"0\">\n<tbody>\n<tr>\n<td width=\"76\"><strong>7.00<\/strong><\/td>\n<td width=\"624\">1. + Tadeusz (25)<\/td>\n<\/tr>\n<tr>\n<td width=\"76\"><strong>18.00<\/strong><\/td>\n<td width=\"624\">1. + Janusz, Kazimierz G\u0142odowski, W\u0142adys\u0142aw, Zofia Fendryk<\/p>\n<p>2. + Dzi\u0119kczynna i o Bo\u017ce b\u0142og. dla Pauliny w 18 urodziny<\/p>\n<p>3.&nbsp; + Beata Praso\u0142 od Barbary i Marka Grzyb z rodzin\u0105<\/p>\n<p><em>+ Stefan Rzeszutko od Anny i Lucjana Borowiec &#8211; Tarnoszyn<\/em><\/p>\n<p><em>+ Emil Borowiec od rodziny Szypu\u0142\u00f3w z Obr\u0119cznej &#8211; Mo\u0142dawia<\/em><\/p>\n<p><em>+ Helena Jacek od Marysi z Niechobrza &#8211; Barlinek<\/em><\/td>\n<\/tr>\n<\/tbody>\n<\/table>\n<p><strong>\u015aroda: 26.09 <\/strong><\/p>\n<table width=\"0\">\n<tbody>\n<tr>\n<td width=\"76\"><strong>7.00<\/strong><\/td>\n<td width=\"624\">1. + Tadeusz (26)<\/td>\n<\/tr>\n<tr>\n<td width=\"76\"><strong>18.00<\/strong><\/td>\n<td width=\"624\">1. + Maciej W\u0119glarz od rodziny Grzebyk<\/p>\n<p>2. + Zofia, W\u0142adys\u0142aw Ko\u0142wa<\/p>\n<p>3. + Justyna Tobiasz od rodziny Kalandyk\u00f3w<\/p>\n<p><em>+ Stefan Rzeszutko od rodziny Jana i Anny Matu\u0142a &#8211; Tarnoszyn<\/em><\/p>\n<p><em>+ Emil Borowiec od Szypu\u0142\u00f3w z So\u0142onki &#8211; Mo\u0142dawia<\/em><\/p>\n<p><em>+ Helena Jacek od s\u0105siad\u00f3w Mazur\u00f3w z rodzin\u0105- Barlinek<\/em><\/td>\n<\/tr>\n<\/tbody>\n<\/table>\n<p><strong>Czwartek: 27.09<\/strong><\/p>\n<table width=\"0\">\n<tbody>\n<tr>\n<td width=\"76\"><strong>7.00<\/strong><\/td>\n<td width=\"624\">1. + Tadeusz (27)<\/p>\n<p>&nbsp;2. + W\u0142adys\u0142aw Szczupiel od s\u0105siad\u00f3w z M\u0142y\u0144skiej<\/td>\n<\/tr>\n<tr>\n<td width=\"76\"><strong>18.00<\/strong><\/td>\n<td width=\"624\">1.&nbsp; + Maciej W\u0119glarz od rodziny Czach<\/p>\n<p>2. &nbsp;+ Jan W\u0105s \u2013 Po\u0142oty\u0144ski (8 rocz.)<\/p>\n<p><em>+ Stefan Rzeszutko od rodziny Szwed\u00f3w z Liliowej &#8211; Tarnoszyn<\/em><\/p>\n<p><em>+ Emil Borowiec od rodziny Pitar\u00f3w z Krakowa &#8211; Mo\u0142dawia<\/em><\/p>\n<p><em>+ Helena Jacek od Adama i El\u017cbiety Go\u015b z rodzin\u0105 &nbsp;&#8211; Barlinek<\/em><\/td>\n<\/tr>\n<\/tbody>\n<\/table>\n<p><strong>Pi\u0105tek: 28.09<\/strong><\/p>\n<table width=\"0\">\n<tbody>\n<tr>\n<td width=\"76\"><strong>7.00<\/strong><\/td>\n<td width=\"624\">1. + Tadeusz (28)<\/p>\n<p>2. + Janina \u015al\u0105czka od Borowc\u00f3w z Siedlisk<\/td>\n<\/tr>\n<tr>\n<td width=\"76\"><strong>18.00<\/strong><\/td>\n<td width=\"624\">1. + Tadeusz, Kazimierz Kalandyk; Antoni, Katarzyna Jopek<\/p>\n<p>2. +&nbsp; Jan Szyd\u0142owski (50 rocz.)<\/p>\n<p><em>+ Stefan Rzeszutko od Alicji Pr\u0119dkiej &#8211; Tarnoszyn<\/em><\/p>\n<p><em>+ Emil Borowiec od koleg\u00f3w S\u0142awka \u2013 Pa\u015bk\u00f3w &#8211; Mo\u0142dawia<\/em><\/p>\n<p><em>+ Helena Jacek od Bogumi\u0142y i Mariusza P\u0142onka &#8211; Barlinek<\/em><\/td>\n<\/tr>\n<\/tbody>\n<\/table>\n<p><strong>Sobota: 29.09<\/strong><\/p>\n<table width=\"0\">\n<tbody>\n<tr>\n<td width=\"76\"><strong>7.00<\/strong><\/td>\n<td width=\"624\">1. + Tadeusz (29)<\/p>\n<p>2. + Julia, W\u0142adys\u0142aw Eugeniusz<\/td>\n<\/tr>\n<tr>\n<td width=\"76\"><strong>18.00<\/strong><\/td>\n<td width=\"624\">1. +&nbsp; Aniela, J\u00f3zef Konkol<\/p>\n<p>2. +&nbsp; Aniela, Micha\u0142 Kotula<\/p>\n<p><em>+ Stefan Rzeszutko od Mariusza Pa\u015bko z rodzin\u0105 _ Tarnoszyn<\/em><\/p>\n<p>+ <em>Emil Borowiec od rodziny Kotowicz\u00f3w z Lubeni &#8211; Mo\u0142dawia<\/em><\/p>\n<p><em>+ Helena Jacek od siostrze\u0144ca Tadeusza z \u017con\u0105 &#8211; Barlinek<\/em><\/td>\n<\/tr>\n<\/tbody>\n<\/table>\n<p><strong>NIEDZIELA: 30.09<\/strong><\/p>\n<table width=\"0\">\n<tbody>\n<tr>\n<td width=\"76\"><strong>7.00<\/strong><\/td>\n<td width=\"624\">1. + Bronis\u0142aw Krasowski (3 r.)<\/td>\n<\/tr>\n<tr>\n<td width=\"76\"><strong>9.00<\/strong><\/td>\n<td width=\"624\">1. + Irena Niemcewicz<\/p>\n<p>2. Dzi\u0119kczynna za tegoroczne zbiory os Zespo\u0142u \u201eBudziwojce\u201d<\/p>\n<p>3. W intencji ks. Damiana z racji imienic<\/p>\n<p><em>+ Stefan Rzeszutko od Stanis\u0142awy Pa\u015bko z rodzin\u0105 \u2013 Tarnoszyn<\/em><\/p>\n<p><em>+ Emil Borowiec od syna S\u0142awomira \u2013 Mo\u0142dawia<\/em><\/p>\n<p><em>+ Helena Jacek od Emila Wac\u0142awek z rodzin\u0105 &#8211; Barlinek<\/em><\/td>\n<\/tr>\n<tr>\n<td width=\"76\"><strong>10.30<\/strong><\/td>\n<td width=\"624\">1. + Tadeusz (30) \u2013 zako\u0144czenie Mszy gregoria\u0144skich<\/td>\n<\/tr>\n<tr>\n<td width=\"76\"><strong>12.00<\/strong><\/td>\n<td width=\"624\">1. + Za parafian<\/td>\n<\/tr>\n<tr>\n<td width=\"76\"><strong>16.00<\/strong><\/td>\n<td width=\"624\">1. + + z rodziny Komisarzy<\/td>\n<\/tr>\n<tr>\n<td width=\"76\"><strong>18.00<\/strong><\/td>\n<td width=\"624\">1. + Franciszek, Bronis\u0142awa Warzybok<\/td>\n<\/tr>\n<\/tbody>\n<\/table>\n<p>Do u\u017cytku wewn\u0119trznego Parafii MB \u015anie\u017cnej w Rzeszowie!<\/p>\n","protected":false},"excerpt":{"rendered":"<p>&#8230;<\/p>\n","protected":false},"author":1,"featured_media":4411,"comment_status":"closed","ping_status":"open","sticky":false,"template":"","format":"standard","meta":{"ngg_post_thumbnail":0,"footnotes":""},"categories":[4],"tags":[],"class_list":["post-5450","post","type-post","status-publish","format-standard","has-post-thumbnail","hentry","category-intencje"],"_links":{"self":[{"href":"https:\/\/mbsniezna.rzeszow.pl\/index.php\/wp-json\/wp\/v2\/posts\/5450","targetHints":{"allow":["GET"]}}],"collection":[{"href":"https:\/\/mbsniezna.rzeszow.pl\/index.php\/wp-json\/wp\/v2\/posts"}],"about":[{"href":"https:\/\/mbsniezna.rzeszow.pl\/index.php\/wp-json\/wp\/v2\/types\/post"}],"author":[{"embeddable":true,"href":"https:\/\/mbsniezna.rzeszow.pl\/index.php\/wp-json\/wp\/v2\/users\/1"}],"replies":[{"embeddable":true,"href":"https:\/\/mbsniezna.rzeszow.pl\/index.php\/wp-json\/wp\/v2\/comments?post=5450"}],"version-history":[{"count":1,"href":"https:\/\/mbsniezna.rzeszow.pl\/index.php\/wp-json\/wp\/v2\/posts\/5450\/revisions"}],"predecessor-version":[{"id":5451,"href":"https:\/\/mbsniezna.rzeszow.pl\/index.php\/wp-json\/wp\/v2\/posts\/5450\/revisions\/5451"}],"wp:featuredmedia":[{"embeddable":true,"href":"https:\/\/mbsniezna.rzeszow.pl\/index.php\/wp-json\/wp\/v2\/media\/4411"}],"wp:attachment":[{"href":"https:\/\/mbsniezna.rzeszow.pl\/index.php\/wp-json\/wp\/v2\/media?parent=5450"}],"wp:term":[{"taxonomy":"category","embeddable":true,"href":"https:\/\/mbsniezna.rzeszow.pl\/index.php\/wp-json\/wp\/v2\/categories?post=5450"},{"taxonomy":"post_tag","embeddable":true,"href":"https:\/\/mbsniezna.rzeszow.pl\/index.php\/wp-json\/wp\/v2\/tags?post=5450"}],"curies":[{"name":"wp","href":"https:\/\/api.w.org\/{rel}","templated":true}]}}