{"id":5452,"date":"2018-09-24T19:22:25","date_gmt":"2018-09-24T17:22:25","guid":{"rendered":"https:\/\/mbsniezna.rzeszow.pl\/?p=5452"},"modified":"2018-09-24T19:23:13","modified_gmt":"2018-09-24T17:23:13","slug":"ogloszenia-na-xxv-niedziele-zwykla-23-09-2018-r","status":"publish","type":"post","link":"https:\/\/mbsniezna.rzeszow.pl\/index.php\/2018\/09\/24\/ogloszenia-na-xxv-niedziele-zwykla-23-09-2018-r\/","title":{"rendered":"Og\u0142oszenia na XXV Niedziel\u0119 zwyk\u0142\u0105, 23.09.2018 r."},"content":{"rendered":"<p>OG\u0141OSZENIA \u2013 XXV NIEDZIELA ZWYK\u0141A<br \/>\n23 WRZE\u015aNIA 2018 R.<\/p>\n<p>1.\tDzisiejsza niedziela dedykowana jest rodzinie i prze\u017cywana jest pod has\u0142em: \u201eRodzina Bogiem silna moc\u0105 swojego narodu\u201d. Odnawiamy \u015bluby ma\u0142\u017ce\u0144skie.<\/p>\n<p>2.\tWe wtorek o 14.00 pogrzeb \u015bp. S\u0142awomira Pa\u015bko,  nabo\u017ce\u0144stwo do \u015bw. Antoniego, po Mszy zbi\u00f3rka ministrant\u00f3w i lektor\u00f3w.<\/p>\n<p>3.\tW \u015brod\u0119 po Mszy \u015bw. spotkanie kandydat\u00f3w do bierzmowania z III klasy gimnazjum, Nowenna do Matki Bo\u017cej.<\/p>\n<p>4.\tW czwartek \u015bw. Wincentego a Paulo, od 17.15 adoracja i mo\u017cliwo\u015b\u0107 spowiedzi.<\/p>\n<p>5.\tW pi\u0105tek \u015bw. Wac\u0142awa, nabo\u017ce\u0144stwo do Bo\u017cego Mi\u0142osierdzia.<\/p>\n<p>6.\tW pi\u0105tek jest og\u00f3lno\u015bwiatowa akcja modlitewna \u201eKoronka na ulicach miast \u015bwiata\u201d (zob. http:\/\/iskra.jezuici.pl\/). Zapraszamy na modlitw\u0119 o 15.00 przy krzy\u017cu misyjnym na placu ko\u015bcielnym. <\/p>\n<p>7.\tW pi\u0105tek spotkania oazy: o 16.30 dla klas od IV do VI, po Mszy VII i VIII, III gimnazjum i szko\u0142a \u015brednia.<\/p>\n<p>8.\tW sobot\u0119 \u015bw. archanio\u0142\u00f3w Micha\u0142a, Rafa\u0142a i Gabriela.<\/p>\n<p>9.\tW sobot\u0119 w Domu Kultury Country w godz. od 11.00 do 15.00 b\u0119dzie impreza \u201eSenior z kultur\u0105\u201d dla os\u00f3b powy\u017cej 60 roku \u017cycia.<\/p>\n<p>10.\tW niedziel\u0119 na Mszy \u015bw. o 12.00 po\u015bwi\u0119cenie r\u00f3\u017ca\u0144c\u00f3w dzieciom komunijnym. Zapraszamy wraz z rodzicami. R\u00f3\u017caniec r\u00f3\u017ca Zofii Kap\u0142on.<\/p>\n<p>11.\tNa pielgrzymk\u0119 do Cz\u0119stochowy wszystkie miejsca s\u0105 ju\u017c zaj\u0119te. Wyje\u017cd\u017camy w poniedzia\u0142ek 1 pa\u017adziernika o godz. 3.30 z parkingu ko\u015bcielnego.<\/p>\n<p>12.\tB\u00f3g zap\u0142a\u0107 za ofiary na sprz\u0105tanie ko\u015bcio\u0142a, w tym tygodniu z ul. Miejskiej prosimy rodziny: Tamary Kinasz, Edyty Skrzek, Agnieszki Tadla, Doroty Baran, Alicji Sowa, Anity Sowa, Barbary Wojtas, Izabeli Korowaj, Danuty Gola, Renaty Ko\u015bci\u00f3\u0142ek.<\/p>\n<p>13.\tB\u00f3g zap\u0142a\u0107 za sk\u0142adk\u0119 inwestycyjn\u0105 z ubieg\u0142ej niedzieli \u2013 z\u0142o\u017cono 10 tysi\u0119cy z\u0142. Dzi\u0119kujemy za ofiary wp\u0142acane na konto i sk\u0142adane w inne niedziele.<\/p>\n<p>14.\tDzisiaj wspieramy budow\u0119 ko\u015bcio\u0142a pw. b\u0142. ks. W\u0142adys\u0142awa Findysza. Cz\u0142onkowie Komitetu Budowy Ko\u015bcio\u0142a zbieraj\u0105 ofiary na placu ko\u015bcielnym. Wesprzyjmy ten zbo\u017cny cel. Ks. W\u0142adys\u0142awowi Srebrnemu dzi\u0119kujemy za wyg\u0142oszone s\u0142owo Bo\u017ce.<\/p>\n<p>15.\tDiecezja nasza posiada od 25 lat O\u015brodek w Myczkowcach. Przez te lata w o\u015brodku tym wypoczywa\u0142y tysi\u0105ce dzieci z rodzin najubo\u017cszych oraz polskie dzieci z Ukrainy. Odbywaj\u0105 si\u0119 tam liczne rekolekcje, szkolenia i sympozja. Niestety O\u015brodek jest bardzo wyeksploatowany i potrzebuje gruntownego remontu. Ks.  bp. Jan prosi diecezjan o sk\u0142adk\u0119 na ten cel w przysz\u0142\u0105 niedziel\u0119.<\/p>\n<p>16.\tM\u00f3dlmy si\u0119 w intencji trwaj\u0105cej pielgrzymki papie\u017ca Franciszka do kraj\u00f3w ba\u0142tyckich: \u201ePod Twoj\u0105 obron\u0119\u2026\u201d.<\/p>\n<p>Do u\u017cytku wewn\u0119trznego Parafii MB \u015anie\u017cnej!<\/p>\n","protected":false},"excerpt":{"rendered":"<p>&#8230;<\/p>\n","protected":false},"author":1,"featured_media":554,"comment_status":"closed","ping_status":"open","sticky":false,"template":"","format":"standard","meta":{"ngg_post_thumbnail":0,"footnotes":""},"categories":[14],"tags":[],"class_list":["post-5452","post","type-post","status-publish","format-standard","has-post-thumbnail","hentry","category-ogloszenia_duszp"],"_links":{"self":[{"href":"https:\/\/mbsniezna.rzeszow.pl\/index.php\/wp-json\/wp\/v2\/posts\/5452","targetHints":{"allow":["GET"]}}],"collection":[{"href":"https:\/\/mbsniezna.rzeszow.pl\/index.php\/wp-json\/wp\/v2\/posts"}],"about":[{"href":"https:\/\/mbsniezna.rzeszow.pl\/index.php\/wp-json\/wp\/v2\/types\/post"}],"author":[{"embeddable":true,"href":"https:\/\/mbsniezna.rzeszow.pl\/index.php\/wp-json\/wp\/v2\/users\/1"}],"replies":[{"embeddable":true,"href":"https:\/\/mbsniezna.rzeszow.pl\/index.php\/wp-json\/wp\/v2\/comments?post=5452"}],"version-history":[{"count":2,"href":"https:\/\/mbsniezna.rzeszow.pl\/index.php\/wp-json\/wp\/v2\/posts\/5452\/revisions"}],"predecessor-version":[{"id":5454,"href":"https:\/\/mbsniezna.rzeszow.pl\/index.php\/wp-json\/wp\/v2\/posts\/5452\/revisions\/5454"}],"wp:featuredmedia":[{"embeddable":true,"href":"https:\/\/mbsniezna.rzeszow.pl\/index.php\/wp-json\/wp\/v2\/media\/554"}],"wp:attachment":[{"href":"https:\/\/mbsniezna.rzeszow.pl\/index.php\/wp-json\/wp\/v2\/media?parent=5452"}],"wp:term":[{"taxonomy":"category","embeddable":true,"href":"https:\/\/mbsniezna.rzeszow.pl\/index.php\/wp-json\/wp\/v2\/categories?post=5452"},{"taxonomy":"post_tag","embeddable":true,"href":"https:\/\/mbsniezna.rzeszow.pl\/index.php\/wp-json\/wp\/v2\/tags?post=5452"}],"curies":[{"name":"wp","href":"https:\/\/api.w.org\/{rel}","templated":true}]}}