{"id":5455,"date":"2018-09-30T11:19:00","date_gmt":"2018-09-30T09:19:00","guid":{"rendered":"https:\/\/mbsniezna.rzeszow.pl\/?p=5455"},"modified":"2018-09-30T11:19:42","modified_gmt":"2018-09-30T09:19:42","slug":"5455","status":"publish","type":"post","link":"https:\/\/mbsniezna.rzeszow.pl\/index.php\/2018\/09\/30\/5455\/","title":{"rendered":"Intencje mszalne 1-7.10.2018 r."},"content":{"rendered":"<p>&nbsp;<\/p>\n<p><strong>Poniedzia\u0142ek: 1.10<\/strong><\/p>\n<table width=\"0\">\n<tbody>\n<tr>\n<td width=\"76\"><strong>7.00<\/strong><\/td>\n<td width=\"624\">1. &nbsp;+ Wies\u0142aw Kudlicki od te\u015bciowej<\/td>\n<\/tr>\n<tr>\n<td width=\"76\"><strong>18.00<\/strong><\/td>\n<td width=\"624\">1. + Janina P\u0119dka (1)<\/p>\n<p>2. + Wiktoria, Stanis\u0142aw Zych, ++ z rodziny<\/p>\n<p><em>+ Adam Cyran od rodziny Kusi\u00f3w i Dziepak\u00f3w &#8211; Tarnoszyn<\/em><\/p>\n<p><em>+ Helena Jacek (1) od Doroty Cie\u015bli z rodzin\u0105 &#8211; Barlinek<\/em><\/td>\n<\/tr>\n<\/tbody>\n<\/table>\n<p><strong>Wtorek: 2.10<\/strong><\/p>\n<table width=\"0\">\n<tbody>\n<tr>\n<td width=\"76\"><strong>7.00<\/strong><\/td>\n<td width=\"624\">1. + Leonia Rze\u017anik (5 r.), ++ z rodziny<\/td>\n<\/tr>\n<tr>\n<td width=\"76\"><strong>18.00<\/strong><\/td>\n<td width=\"624\">1. + Janina Pr\u0119dka (2)<\/p>\n<p>2. + Maria, Boles\u0142aw Kyc<\/p>\n<p>3.&nbsp; + Adam Skoczylas<\/p>\n<p><em>+ Adam Cyran od Waldemara Michalskiego z rodz.- Tarnoszyn<\/em><\/p>\n<p><em>+ Helena Jacek (2) od Anny i Czes\u0142awa Cie\u015bla z rodz. &#8211; Barlinek<\/em><\/td>\n<\/tr>\n<\/tbody>\n<\/table>\n<p><strong>\u015aroda: 3.10<\/strong><\/p>\n<table width=\"0\">\n<tbody>\n<tr>\n<td width=\"76\"><strong>7.00<\/strong><\/td>\n<td width=\"624\">1. + O zdrowie dla W\u0142adys\u0142awa<\/td>\n<\/tr>\n<tr>\n<td width=\"76\"><strong>18.00<\/strong><\/td>\n<td width=\"624\">1. + Janina Pr\u0119dka (3)<\/p>\n<p>2. + Teresa Depa<\/p>\n<p>3. + Mieczys\u0142aw Dudek (4 rocz.)<\/p>\n<p><em>+ Adam Cyran od Zofii i Emila Pasternak\u00f3w z rodz. &#8211; Tarnoszyn<\/em><\/p>\n<p><em>+ Helena Jacek (3) od Anny i Czes\u0142awa Cie\u015bla z rodzin\u0105- Barlinek<\/em><\/td>\n<\/tr>\n<\/tbody>\n<\/table>\n<p><strong>Czwartek: 4.10<\/strong><\/p>\n<table width=\"0\">\n<tbody>\n<tr>\n<td width=\"76\"><strong>7.00<\/strong><\/td>\n<td width=\"624\">1. + Maria, Piotr Cie\u015bla<\/td>\n<\/tr>\n<tr>\n<td width=\"76\"><strong>18.00<\/strong><\/td>\n<td width=\"624\">1.&nbsp; + Janina Pr\u0119dka (4)<\/p>\n<p>2. &nbsp;+ Aleksandra majcher (13 rocz.)<\/p>\n<p>3. O zdrowie i b\u0142og. Bo\u017ce dla Nikoli i mamy Karoliny<\/p>\n<p><em>+ Adam Cyran od rodziny Wilk\u00f3w z Siedlisk &#8211; Tarnoszyn<\/em><\/p>\n<p><em>+ Helena Jacek (4) od Ko\u015bciak\u00f3w ze Zg\u0142obnia &nbsp;&#8211; Barlinek<\/em><\/td>\n<\/tr>\n<\/tbody>\n<\/table>\n<p><strong>Pi\u0105tek: 5.10<\/strong><\/p>\n<table width=\"0\">\n<tbody>\n<tr>\n<td width=\"76\"><strong>7.00<\/strong><\/td>\n<td width=\"624\">1. + Zofia, Tomasz, ++ z rodziny<\/p>\n<p>2. + Stanis\u0142aw Kotula od szwagra Stanis\u0142awa<\/p>\n<p>3. + Maria Pasierb od Jana Piety z rodzin\u0105<\/td>\n<\/tr>\n<tr>\n<td width=\"76\"><strong>18.00<\/strong><\/td>\n<td width=\"624\">1. + Janina Pr\u0119dka (5)<\/p>\n<p>2. + O zdrowie dla syna od mamy<\/p>\n<p><em>+ Adam Cyran od pracownik\u00f3w POM w Tyczynie &#8211; &nbsp;Tarnoszyn<\/em><\/p>\n<p><em>+ Helena Jacek (5) od kuzynki Anieli ze Zg\u0142obnia &#8211; Barlinek<\/em><\/td>\n<\/tr>\n<\/tbody>\n<\/table>\n<p><strong>Sobota: 6.10<\/strong><\/p>\n<table width=\"0\">\n<tbody>\n<tr>\n<td width=\"76\"><strong>7.00<\/strong><\/td>\n<td width=\"624\">1. + Weronika Szeptycka<\/td>\n<\/tr>\n<tr>\n<td width=\"76\"><strong>18.00<\/strong><\/td>\n<td width=\"624\">1. + Janina Pr\u0119dka (6)<\/p>\n<p>2. + Zofia Pa\u015bko (11 rocz.), Edward, Les\u0142aw<\/p>\n<p>3.&nbsp; + \u0141ukasz, Janusz Pa\u015bko (6 rocz.), Helena, Antoni Borowiec<\/p>\n<p><em>+ Adam Cyran od pracownik\u00f3w POM w Tyczynie -Tarnoszyn<\/em><\/p>\n<p><em>+ Helena Jacek od rodziny Grobelnych z Nockowej &#8211; Barlinek<\/em><\/td>\n<\/tr>\n<\/tbody>\n<\/table>\n<p><strong>NIEDZIELA: 7.10<\/strong><\/p>\n<table width=\"0\">\n<tbody>\n<tr>\n<td width=\"76\"><strong>7.00<\/strong><\/td>\n<td width=\"624\">1. + Z r\u00f3\u017cy Zofii Pa\u0142ka<\/p>\n<p>2. + Janina Pr\u0119dka (7)<\/p>\n<p><em>+ Adam Cyran od pracownik\u00f3w POM w Tyczynie \u2013 Tarnoszyn<\/em><\/p>\n<p><em>+ Helena Jacek (7) od rodziny z B\u0142\u0119dowej Zg\u0142obie\u0144skiej &#8211; Barlinek<\/em><\/td>\n<\/tr>\n<tr>\n<td width=\"76\"><strong>9.00<\/strong><\/td>\n<td width=\"624\">1. + Marian Drewniak (1 rocz.)<\/td>\n<\/tr>\n<tr>\n<td width=\"76\"><strong>10.30<\/strong><\/td>\n<td width=\"624\">1. + Zdzis\u0142aw Wac\u0142awek (4 rocz.)<\/td>\n<\/tr>\n<tr>\n<td width=\"76\"><strong>12.00<\/strong><\/td>\n<td width=\"624\">1. + Za parafian<\/td>\n<\/tr>\n<tr>\n<td width=\"76\"><strong>16.00<\/strong><\/td>\n<td width=\"624\">1. + Czes\u0142awa, Stanis\u0142aw Ziemniak, + Teresa Depa<\/td>\n<\/tr>\n<tr>\n<td width=\"76\"><strong>18.00<\/strong><\/td>\n<td width=\"624\">1. + Wies\u0142aw Materna (4 rocz.)<\/td>\n<\/tr>\n<\/tbody>\n<\/table>\n<p>Msza gregoria\u0144ska z \u015bp. Zofie Bana\u015b b\u0119dzie odprawiana w kaplicy Szpitala Woj. N2 w Rzeszowie<\/p>\n<p>Do u\u017cytku wewn\u0119trznego Parafii MB \u015anie\u017cnej w Rzeszowie!<\/p>\n","protected":false},"excerpt":{"rendered":"<p>&#8230;<\/p>\n","protected":false},"author":1,"featured_media":5337,"comment_status":"closed","ping_status":"open","sticky":false,"template":"","format":"standard","meta":{"ngg_post_thumbnail":0,"footnotes":""},"categories":[4],"tags":[],"class_list":["post-5455","post","type-post","status-publish","format-standard","has-post-thumbnail","hentry","category-intencje"],"_links":{"self":[{"href":"https:\/\/mbsniezna.rzeszow.pl\/index.php\/wp-json\/wp\/v2\/posts\/5455","targetHints":{"allow":["GET"]}}],"collection":[{"href":"https:\/\/mbsniezna.rzeszow.pl\/index.php\/wp-json\/wp\/v2\/posts"}],"about":[{"href":"https:\/\/mbsniezna.rzeszow.pl\/index.php\/wp-json\/wp\/v2\/types\/post"}],"author":[{"embeddable":true,"href":"https:\/\/mbsniezna.rzeszow.pl\/index.php\/wp-json\/wp\/v2\/users\/1"}],"replies":[{"embeddable":true,"href":"https:\/\/mbsniezna.rzeszow.pl\/index.php\/wp-json\/wp\/v2\/comments?post=5455"}],"version-history":[{"count":2,"href":"https:\/\/mbsniezna.rzeszow.pl\/index.php\/wp-json\/wp\/v2\/posts\/5455\/revisions"}],"predecessor-version":[{"id":5457,"href":"https:\/\/mbsniezna.rzeszow.pl\/index.php\/wp-json\/wp\/v2\/posts\/5455\/revisions\/5457"}],"wp:featuredmedia":[{"embeddable":true,"href":"https:\/\/mbsniezna.rzeszow.pl\/index.php\/wp-json\/wp\/v2\/media\/5337"}],"wp:attachment":[{"href":"https:\/\/mbsniezna.rzeszow.pl\/index.php\/wp-json\/wp\/v2\/media?parent=5455"}],"wp:term":[{"taxonomy":"category","embeddable":true,"href":"https:\/\/mbsniezna.rzeszow.pl\/index.php\/wp-json\/wp\/v2\/categories?post=5455"},{"taxonomy":"post_tag","embeddable":true,"href":"https:\/\/mbsniezna.rzeszow.pl\/index.php\/wp-json\/wp\/v2\/tags?post=5455"}],"curies":[{"name":"wp","href":"https:\/\/api.w.org\/{rel}","templated":true}]}}