{"id":5495,"date":"2018-10-14T21:06:17","date_gmt":"2018-10-14T19:06:17","guid":{"rendered":"https:\/\/mbsniezna.rzeszow.pl\/?p=5495"},"modified":"2018-10-14T21:06:51","modified_gmt":"2018-10-14T19:06:51","slug":"5495","status":"publish","type":"post","link":"https:\/\/mbsniezna.rzeszow.pl\/index.php\/2018\/10\/14\/5495\/","title":{"rendered":"Og\u0142oszenia na XXVIII Niedziel\u0119 zwyk\u0142\u0105, 14.10.2018 r."},"content":{"rendered":"<p>OG\u0141OSZENIA \u2013 XXVIII NIEDZIELA ZWYK\u0141A<br \/>\n14 PA\u0179DZIERNIKA 2018 R.<\/p>\n<p>1.\tDzisiaj Dzie\u0144 Papieski, po Mszach \u015bw. zbi\u00f3rka do puszek na \u201eDzie\u0142o Nowego Tysi\u0105clecia\u201d \u2013 fundusz kszta\u0142cenia zdolnej m\u0142odzie\u017cy ze \u015brodowisk ubogich.<\/p>\n<p>2.\tDzisiaj o 14.00 pogrzeb \u015bp. Tadeusza Domino z ul. Studzianki, o 15.30 nabo\u017ce\u0144stwo r\u00f3\u017ca\u0144cowe.<\/p>\n<p>3.\tW tygodniu r\u00f3\u017caniec po Mszy \u015bw. wieczornej, w czwartek przed Msz\u0105 o godz. 18.00. Zapraszamy.<\/p>\n<p>4.\tW poniedzia\u0142ek wspomnienie \u015bw. Teresy od Jezusa. Jest to jednocze\u015bnie Dzie\u0144 Dziecka Utraconego. Na modlitw\u0119 zapraszamy rodzic\u00f3w zmar\u0142ych dzieci. W tym dniu starajmy si\u0119 nawiedzi\u0107 ich groby. Dzi\u015b i jutro do koszyka przy  obrazie Jezusa Mi\u0142osiernego mo\u017cna sk\u0142ada\u0107 karteczki z imionami zmar\u0142ych dzieci, za kt\u00f3re b\u0119dziemy si\u0119 modli\u0107.<\/p>\n<p>5.\tWe wtorek \u015bw. Jadwigi \u015al\u0105skiej \u2013 40 rocznica wyboru Jana Paw\u0142a II, nabo\u017ce\u0144stwo przy jego relikwiach, prosimy o sk\u0142adanie pr\u00f3\u015bb i podzi\u0119kowa\u0144. Zbi\u00f3rka ministrant\u00f3w.<\/p>\n<p>6.\tWe \u015brod\u0119 wspomnienie \u015bw. Ignacego Antioche\u0144skiego. Spotkanie kandydat\u00f3w do bierzmowania z klas VIII.<\/p>\n<p>7.\tWe czwartek \u015bw. \u0141ukasza Ewangelisty \u2013 patrona s\u0142u\u017cby zdrowia, od 17.15 adoracja Naj\u015bwi\u0119tszego Sakramentu i okazja do spowiedzi. Osoby, kt\u00f3re uczestnicz\u0105 w adoracji prosimy dzisiaj po Mszach \u015ba.. po odbi\u00f3r nowych modlitewnik\u00f3w.<\/p>\n<p>8.\tW pi\u0105tek spotkania oazy: 16.30 oaza m\u0142odsza, po Mszy wieczornej oaza starsza. Oazowicz\u00f3w zapraszamy na Msz\u0119 \u015bw. i nabo\u017ce\u0144stwo r\u00f3\u017ca\u0144cowe.<\/p>\n<p>9.\tW sobot\u0119 wspomnienie \u015bw. Jana Kantego. O 16.00 spotkanie scholii.<\/p>\n<p>10.\tW przysz\u0142\u0105 niedziele rozpoczyna si\u0119 Tydzie\u0144 Misyjny \u2013 zbi\u00f3rka do puszek na misje. Prosimy za tydzie\u0144 tak\u017ce o sk\u0142adk\u0119 na cele inwestycyjne, r\u00f3\u017caniec r\u00f3\u017ca Marii Pa\u0142ka.<\/p>\n<p>11.\tZapowiedzi: Krzysztof Dubiel-Marta Gomo\u0142a (zap. II).<\/p>\n<p>12.\tB\u00f3g zap\u0142a\u0107 za ofiary na sprz\u0105tanie ko\u015bcio\u0142a, w tym tygodniu z ul. Wakacyjnej prosimy rodziny: Adriana Velykopolska, Katarzyna Pa\u0142ka, Jolanta Maciejowska, Jolanta Go\u0142\u0119biowska, El\u017cbieta Wo\u015b, Wioletta Fita, Anita Kowalik, Maria Dziobak, Joanna Zacharska, Iwona Borowiec, Katarzyna Pi\u0119towska, Agata W\u0105sik, Dorota Stasicka, Irena Kozik, Justyna Per\u0142owska, Agnieszka Paw\u0142owska.<\/p>\n<p>13.\tBiblioteka Osiedlowa organizuje projekt \u201eZ ksi\u0105\u017ck\u0105  na start\u201d dla 3-latk\u00f3w W pakiecie darmowa ksi\u0105\u017cka dla dzieci i materia\u0142y dla rodzic\u00f3w.<\/p>\n<p>14.\tZa tydzie\u0144 wybory samorz\u0105dowe. Udzia\u0142 w wyborach jest przejawem patriotyzmu oraz praktycznym korzystaniem z demokracji. Na terenie naszego Osiedla s\u0105 dwa punkty wyborcze \u2013 w Szkole Podstawowej i w Domu Kultury Country, na drzwiach i na parafialnym FB jest wykaz ulic przyporz\u0105dkowanych do poszczeg\u00f3lnych punkt\u00f3w.<br \/>\nPrzez ostatnie lata nie mieli\u015bmy przedstawiciela naszego Osiedla w Radzie Miasta. Czas to zmieni\u0107. Musimy mie\u0107 tam swojego cz\u0142owieka, kt\u00f3ry zadba o sprawy naszego Osiedla. Wybierzmy swoich ludzi, aktywnych i skutecznych w dzia\u0142aniu. Tak\u017ce do Rady Powiatu i Sejmiku Wojew\u00f3dzkiego wprowad\u017amy kandydat\u00f3w z naszego Osiedla.<\/p>\n<p>15.\tDzisiaj Dzie\u0144 Nauczyciela \u2013 z wdzi\u0119czno\u015bci\u0105 pom\u00f3dlmy si\u0119 za nauczycieli, wychowawc\u00f3w, katechet\u00f3w, kt\u00f3rzy nas uczyli i wychowywali oraz za tych, kt\u00f3rzy ucz\u0105 i wychowuj\u0105 obecne dzieci i m\u0142odzie\u017c, o Bo\u017ce b\u0142ogos\u0142awie\u0144stwo dla ich trudu: \u201ePod Twoja obron\u0119\u2026\u201d<\/p>\n<p>Do u\u017cytku wewn\u0119trznego Parafii MB \u015anie\u017cnej w Rzeszowie<\/p>\n","protected":false},"excerpt":{"rendered":"<p>&#8230;<\/p>\n","protected":false},"author":1,"featured_media":5488,"comment_status":"closed","ping_status":"open","sticky":false,"template":"","format":"standard","meta":{"ngg_post_thumbnail":0,"footnotes":""},"categories":[14],"tags":[],"class_list":["post-5495","post","type-post","status-publish","format-standard","has-post-thumbnail","hentry","category-ogloszenia_duszp"],"_links":{"self":[{"href":"https:\/\/mbsniezna.rzeszow.pl\/index.php\/wp-json\/wp\/v2\/posts\/5495","targetHints":{"allow":["GET"]}}],"collection":[{"href":"https:\/\/mbsniezna.rzeszow.pl\/index.php\/wp-json\/wp\/v2\/posts"}],"about":[{"href":"https:\/\/mbsniezna.rzeszow.pl\/index.php\/wp-json\/wp\/v2\/types\/post"}],"author":[{"embeddable":true,"href":"https:\/\/mbsniezna.rzeszow.pl\/index.php\/wp-json\/wp\/v2\/users\/1"}],"replies":[{"embeddable":true,"href":"https:\/\/mbsniezna.rzeszow.pl\/index.php\/wp-json\/wp\/v2\/comments?post=5495"}],"version-history":[{"count":2,"href":"https:\/\/mbsniezna.rzeszow.pl\/index.php\/wp-json\/wp\/v2\/posts\/5495\/revisions"}],"predecessor-version":[{"id":5497,"href":"https:\/\/mbsniezna.rzeszow.pl\/index.php\/wp-json\/wp\/v2\/posts\/5495\/revisions\/5497"}],"wp:featuredmedia":[{"embeddable":true,"href":"https:\/\/mbsniezna.rzeszow.pl\/index.php\/wp-json\/wp\/v2\/media\/5488"}],"wp:attachment":[{"href":"https:\/\/mbsniezna.rzeszow.pl\/index.php\/wp-json\/wp\/v2\/media?parent=5495"}],"wp:term":[{"taxonomy":"category","embeddable":true,"href":"https:\/\/mbsniezna.rzeszow.pl\/index.php\/wp-json\/wp\/v2\/categories?post=5495"},{"taxonomy":"post_tag","embeddable":true,"href":"https:\/\/mbsniezna.rzeszow.pl\/index.php\/wp-json\/wp\/v2\/tags?post=5495"}],"curies":[{"name":"wp","href":"https:\/\/api.w.org\/{rel}","templated":true}]}}