{"id":5545,"date":"2018-10-28T14:04:43","date_gmt":"2018-10-28T13:04:43","guid":{"rendered":"https:\/\/mbsniezna.rzeszow.pl\/?p=5545"},"modified":"2018-10-28T14:04:43","modified_gmt":"2018-10-28T13:04:43","slug":"intencje-mszalne-29-10-4-11-2018","status":"publish","type":"post","link":"https:\/\/mbsniezna.rzeszow.pl\/index.php\/2018\/10\/28\/intencje-mszalne-29-10-4-11-2018\/","title":{"rendered":"Intencje mszalne 29.10-4.11.2018"},"content":{"rendered":"<p><strong>Poniedzia\u0142ek:29.10<\/strong><\/p>\n<table width=\"0\">\n<tbody>\n<tr>\n<td width=\"76\">7.00<\/td>\n<td width=\"624\">1. + Mieczys\u0142aw Pa\u015bko (7 rocz.), Les\u0142aw Borowiec<\/p>\n<p>2. + Maria Pasierb od rodz. Dynd\u00f3w i Starzak\u00f3w<\/td>\n<\/tr>\n<tr>\n<td width=\"76\">18.00<\/td>\n<td width=\"624\">1. + Janina Pr\u0119dka (29)<\/p>\n<p>2. + Tadeusz Borowiec<\/p>\n<p>3. + Janina \u015al\u0105czka od Olgi i Jerzego<\/p>\n<p>4. W intencji&nbsp; pielgrzym\u00f3w do Cz\u0119stochowy i ich rodzin, autobus 1<\/p>\n<p><em>+ Janina Dudek od syna W\u0142odzimierza- Tarnoszyn<\/em><\/p>\n<p><em>+ Helena Jacek (29) od rodziny Dep\u00f3w &#8211; Barlinek<\/em><\/td>\n<\/tr>\n<\/tbody>\n<\/table>\n<p><strong>Wtorek: 30.10<\/strong><\/p>\n<table width=\"0\">\n<tbody>\n<tr>\n<td width=\"76\">7.00<\/td>\n<td width=\"624\">1. + Ks. W\u0142adys\u0142aw Rybka, Piotr, Karolina<\/p>\n<p>2. + W\u0142adys\u0142aw Szczupiel od bratanicy Urszuli z rodzin\u0105<\/td>\n<\/tr>\n<tr>\n<td width=\"76\">18.00<\/td>\n<td width=\"624\">1. + Janina Pr\u0119dka (30) \u2013 zako\u0144czenie Mszy gregoria\u0144skich<\/p>\n<p>2. + Aleksandra Michalska, W\u0142adys\u0142aw, Marek<\/p>\n<p>3. + Pawe\u0142 Huchla (1 rocz.)<\/p>\n<p><em>+ Janina Dudek od syna W\u0142odzimierza \u2013 Tarnoszyn<\/em><\/p>\n<p><em>+ Helena Jacek (30) od Rozalii Jacek \u2013 Barlinek \u2013 zako\u0144czenie Mszy gregoria\u0144skich<\/em><\/td>\n<\/tr>\n<\/tbody>\n<\/table>\n<p><strong>&nbsp;\u015aroda: 31.10<\/strong><\/p>\n<table width=\"0\">\n<tbody>\n<tr>\n<td width=\"76\">7.00<\/td>\n<td width=\"624\">1. + Micha\u0142, Maria Lasota<\/p>\n<p>2. + Agata Borowiec<\/p>\n<p>3. O zdrowie dla W\u0142adys\u0142awa<\/td>\n<\/tr>\n<tr>\n<td width=\"76\">18.00<\/td>\n<td width=\"624\">1. O zdrowie, b\u0142og. Bo\u017ce, opiek\u0119 M.B. \u015bnie\u017cnej dla Alicji<\/p>\n<p>2. + Beata Praso\u0142 od Ziutki i Jana Dudek \u2013 zako\u0144czenie Mszy pogrzebowych<\/p>\n<p><em>+&nbsp; Janina Dudek od syna W\u0142odzimierza &nbsp;\u2013Tarnoszyn<\/em><\/td>\n<\/tr>\n<\/tbody>\n<\/table>\n<p><strong>Czwartek 1.11. \u2013 Uroczysto\u015b\u0107 Wszystkich \u015awi\u0119tych<\/strong><\/p>\n<table width=\"0\">\n<tbody>\n<tr>\n<td width=\"76\">7.00<\/td>\n<td width=\"624\">1. + Franciszek Pasierb<\/td>\n<\/tr>\n<tr>\n<td width=\"76\">9.00<\/td>\n<td width=\"624\">1 O b\u0142og. Bo\u017ce dla Miko\u0142aja w 2 urodziny<\/p>\n<p>2. + Stanis\u0142awa B\u0142o\u0144ska od syna Augustyna z rodz.<\/td>\n<\/tr>\n<tr>\n<td width=\"76\">10.30<\/td>\n<td width=\"624\">1. +&nbsp; Janusz Bury (1) \u2013 rozpocz\u0119cie Mszy \u015bw. gregoria\u0144skich<\/td>\n<\/tr>\n<tr>\n<td width=\"76\">12.00<\/td>\n<td width=\"624\">1. + Stanis\u0142awa Pitera (2 rocz.)<\/td>\n<\/tr>\n<tr>\n<td width=\"76\">14.00<\/td>\n<td width=\"624\">1. + Za parafian \u017cywych i zmar\u0142ych<\/p>\n<p>2. + Maksymilian Ciebiera od c\u00f3rki Danuty z rodzin\u0105<\/p>\n<p>3. + Edward Mendo\u0144 od \u017cony<\/p>\n<p><em>+ Janina Dudek od c\u00f3rki Joli z rodzin\u0105- Tarnoszyn<\/em><\/td>\n<\/tr>\n<\/tbody>\n<\/table>\n<p><strong>Pi\u0105tek: 2.11 \u2013 Dzie\u0144 Zaduszny \u2013 Wspomnienie Wszystkich Wiernych Zmar\u0142ych<\/strong><\/p>\n<table width=\"0\">\n<tbody>\n<tr>\n<td width=\"76\">7.00<\/td>\n<td width=\"624\">1. W intencjach Ojca \u015awi\u0119tego<\/p>\n<p>2. Wynagradzaj\u0105ca Sercu Pana Jezusa za grzechy \u015bwiata<\/td>\n<\/tr>\n<tr>\n<td width=\"76\">9.00<\/td>\n<td width=\"624\">1 + za wszystkich wiernych zmar\u0142ych<\/p>\n<p>2. + Janusz Najda od rodziny Ka\u0142uckich<\/td>\n<\/tr>\n<tr>\n<td width=\"76\">18.00<\/td>\n<td width=\"624\">1. + Janusz Bury (2)<\/p>\n<p>2. + Janusz B\u0142o\u0144ski (4 rocz.)<\/p>\n<p>3. + Maksymilian Ciebiera od syna Andrzeja z rodz.<\/p>\n<p><em>+ Janina Dudek od c\u00f3rki Joli z rodz.- Tarnoszyn<\/em><\/td>\n<\/tr>\n<\/tbody>\n<\/table>\n<p><strong>Sobota: 3.11<\/strong><\/p>\n<table width=\"0\">\n<tbody>\n<tr>\n<td width=\"76\">7.00<\/td>\n<td width=\"624\">1. + Julia, W\u0142adys\u0142aw, Eugeniusz<\/td>\n<\/tr>\n<tr>\n<td width=\"76\">18.00<\/td>\n<td width=\"624\">1. + Janusz Bury (3)<\/p>\n<p>2. + Giba\u0142a Marian (9 rocz.)<\/p>\n<p>3. + Bronis\u0142awa, J\u00f3zef \u017bmuda<\/p>\n<p>4. + Justyna Tobiasz od kole\u017canek mamy ze szko\u0142y<\/p>\n<p><em>+ Janina Dudek od c\u00f3rki Joli z rodz. \u2013 Tarnoszyn<\/em><\/td>\n<\/tr>\n<\/tbody>\n<\/table>\n<p><strong>NIEDZIELA: 4.11<\/strong><\/p>\n<table width=\"0\">\n<tbody>\n<tr>\n<td width=\"76\">7.00<\/td>\n<td width=\"624\">1. + Z r\u00f3\u017cy Marii Pa\u0142ka<\/p>\n<p>2. Z r\u00f3\u017cy Zofii Kap\u0142on<\/td>\n<\/tr>\n<tr>\n<td width=\"76\">9.00<\/td>\n<td width=\"624\">1 Dzi\u0119kczynna za otrzymane \u0142aski i o Bo\u017ce b\u0142og.<\/p>\n<p>2. + Maksymilian Ciebiera od c\u00f3rki Marii z rodz.<\/p>\n<p><em>+ Janina Dudek od c\u00f3rki Joli z rodz. \u2013 Tarnoszyn<\/em><\/td>\n<\/tr>\n<tr>\n<td width=\"76\">10.30<\/td>\n<td width=\"624\">1. + Janina, Kazimierz Kempanowski<\/td>\n<\/tr>\n<tr>\n<td width=\"76\">12.00<\/td>\n<td width=\"624\">1. + Janusz Bury (4)<\/td>\n<\/tr>\n<tr>\n<td width=\"76\">16.00<\/td>\n<td width=\"624\">1. + Giba\u0142a Marian (9 rocz.)<\/td>\n<\/tr>\n<tr>\n<td width=\"76\">18.00<\/td>\n<td width=\"624\">1. + Za parafian<\/td>\n<\/tr>\n<\/tbody>\n<\/table>\n<p>Do u\u017cytku wewn\u0119trznego Parafii MB \u015anie\u017cnej w Rzeszowie<\/p>\n","protected":false},"excerpt":{"rendered":"<p>&#8230;<\/p>\n","protected":false},"author":1,"featured_media":5487,"comment_status":"closed","ping_status":"open","sticky":false,"template":"","format":"standard","meta":{"ngg_post_thumbnail":0,"footnotes":""},"categories":[4],"tags":[],"class_list":["post-5545","post","type-post","status-publish","format-standard","has-post-thumbnail","hentry","category-intencje"],"_links":{"self":[{"href":"https:\/\/mbsniezna.rzeszow.pl\/index.php\/wp-json\/wp\/v2\/posts\/5545","targetHints":{"allow":["GET"]}}],"collection":[{"href":"https:\/\/mbsniezna.rzeszow.pl\/index.php\/wp-json\/wp\/v2\/posts"}],"about":[{"href":"https:\/\/mbsniezna.rzeszow.pl\/index.php\/wp-json\/wp\/v2\/types\/post"}],"author":[{"embeddable":true,"href":"https:\/\/mbsniezna.rzeszow.pl\/index.php\/wp-json\/wp\/v2\/users\/1"}],"replies":[{"embeddable":true,"href":"https:\/\/mbsniezna.rzeszow.pl\/index.php\/wp-json\/wp\/v2\/comments?post=5545"}],"version-history":[{"count":1,"href":"https:\/\/mbsniezna.rzeszow.pl\/index.php\/wp-json\/wp\/v2\/posts\/5545\/revisions"}],"predecessor-version":[{"id":5546,"href":"https:\/\/mbsniezna.rzeszow.pl\/index.php\/wp-json\/wp\/v2\/posts\/5545\/revisions\/5546"}],"wp:featuredmedia":[{"embeddable":true,"href":"https:\/\/mbsniezna.rzeszow.pl\/index.php\/wp-json\/wp\/v2\/media\/5487"}],"wp:attachment":[{"href":"https:\/\/mbsniezna.rzeszow.pl\/index.php\/wp-json\/wp\/v2\/media?parent=5545"}],"wp:term":[{"taxonomy":"category","embeddable":true,"href":"https:\/\/mbsniezna.rzeszow.pl\/index.php\/wp-json\/wp\/v2\/categories?post=5545"},{"taxonomy":"post_tag","embeddable":true,"href":"https:\/\/mbsniezna.rzeszow.pl\/index.php\/wp-json\/wp\/v2\/tags?post=5545"}],"curies":[{"name":"wp","href":"https:\/\/api.w.org\/{rel}","templated":true}]}}