{"id":5547,"date":"2018-10-28T14:05:59","date_gmt":"2018-10-28T13:05:59","guid":{"rendered":"https:\/\/mbsniezna.rzeszow.pl\/?p=5547"},"modified":"2018-10-28T14:05:59","modified_gmt":"2018-10-28T13:05:59","slug":"ogloszenia-na-xxx-niedziele-zwykla-28-10-2018-r","status":"publish","type":"post","link":"https:\/\/mbsniezna.rzeszow.pl\/index.php\/2018\/10\/28\/ogloszenia-na-xxx-niedziele-zwykla-28-10-2018-r\/","title":{"rendered":"Og\u0142oszenia na XXX Niedziel\u0119 zwyk\u0142\u0105, 28.10.2018 r."},"content":{"rendered":"<p>XXX NIEDZIELA ZWYK\u0141A \u2013 OG\u0141OSZENIA<br \/>\n28 PA\u0179DZIERNIKA 2018 R.<\/p>\n<p>1.\tDzisiaj na Mszy \u015bw. o 12.00 po\u015bwi\u0119cenie przybor\u00f3w szkolnych dla 73 uczni\u00f3w klas I,  o 15.30 nabo\u017ce\u0144stwo r\u00f3\u017ca\u0144cowe. Pozosta\u0142y jeszcze 3 dni r\u00f3\u017ca\u0144cowe \u2013 zapraszamy w poniedzia\u0142ek, wtorek i \u015brod\u0119 na wsp\u00f3ln\u0105 modlitw\u0119.<\/p>\n<p>2.\tJutro o 19.15 w ko\u015bciele  spotkanie dla rodzic\u00f3w kandydat\u00f3w do bierzmowania z klas VIII szko\u0142y podstawowej i III gimnazjum. Ks. dr Marek Chorz\u0119pa wyg\u0142osi konferencj\u0119 na temat: \u201eM\u0142odzi a media\u201d. Serdecznie zapraszamy obydwoje rodzic\u00f3w ka\u017cdego kandydata.<\/p>\n<p>3.\tW poniedzia\u0142ek, wtorek i \u015brod\u0119 od 6.30 do 7.00 rano i wieczorem od 17.00 do 18.00 b\u0119dzie spowied\u017a przed Wszystkim \u015awi\u0119tymi i Dniem Zadusznym. Aby skutecznie modli\u0107 si\u0119 za zmar\u0142ych, a zw\u0142aszcza zyskiwa\u0107 odpusty trzeba by\u0107 w stanie \u0142aski u\u015bwiecaj\u0105cej. Zapraszamy.<\/p>\n<p>4.\tWe czwartek Uroczysto\u015b\u0107 Wszystkich \u015awi\u0119tych: Msze \u015bw. do po\u0142udnia jak w niedziel\u0119, po po\u0142udniu jedna Msza \u015bw. o 14.00 w ko\u015bciele, nast\u0119pnie procesja na cmentarz i modlitwy za zmar\u0142ych. Towarzystwo Pomocy \u015bw. Brata Alberta b\u0119dzie kwestowa\u0107  na pomoc bezdomnym.<\/p>\n<p>5.\tW pi\u0105tek  Dzie\u0144 Zaduszny \u2013 Wspomnienie Wszystkich Wiernych Zmar\u0142ych. Msze \u015bw. o 7.00 \u2013 z wystawieniem w puszce i Litani\u0105 do Serca Bo\u017cego, o  9.00  i o  18.00, po kt\u00f3rej b\u0119d\u0105 nieszpory za zmar\u0142ych. Dzie\u0144 Zaduszny jest w\u0142a\u015bciwym dniem modlitwy za zmar\u0142ych \u2013 staramy si\u0119 by\u0107 na Mszy \u015bw. i na cmentarzu. Sk\u0142adka na wyw\u00f3z \u015bmieci z cmentarza. Wypalone znicze i sztuczne kwiaty sk\u0142adamy do kontener\u00f3w blaszanych, a traw\u0119 i kwiaty do \u015bmietnika betonowego.<\/p>\n<p>6.\tW Dzie\u0144 Zaduszny przypada I pi\u0105tek miesi\u0105ca. Spowied\u017a b\u0119dzie rano o 6.30 i 8.30 i po po\u0142udniu od 16.30 \u2013 Komunia o 17.00 i 17.30, wyjazd do chorych o 10.00.<\/p>\n<p>7.\tStarajmy si\u0119 spieszy\u0107 z modlitewn\u0105 pomoc\u0105 naszym zmar\u0142ym przez: zyskiwanie odpust\u00f3w (warunki b\u0119d\u0105 wywieszone na drzwiach i na parafialnym FB), przyjmowanie Komunii \u015bw., sk\u0142adanie ja\u0142mu\u017cny \u2013 ofiara na rzecz ubogich, ofiarowanie cierpienia, polecanie modlitwie Ko\u015bcio\u0142a w wypominkach \u2013 kartki wy\u0142o\u017cone na stoliku.<\/p>\n<p>8.\tW zwi\u0105zku z tym, \u017ce plac cmentarny jest zaj\u0119ty na sk\u0142adowisko materia\u0142\u00f3w budowlanych i jest rozje\u017cd\u017cony, prosimy, aby na Wszystkich \u015awi\u0119tych i w Dzie\u0144 Zaduszny samochody parkowa\u0107 na parkingu szkolnym.<\/p>\n<p>9.\tI sobota, po Mszy \u015bw. wieczornej r\u00f3\u017caniec fatimski z wypominkami za zmar\u0142ych.<\/p>\n<p>10.\tW niedziel\u0119 po prymarii zmiana tajemnic r\u00f3\u017ca\u0144cowych, na ka\u017cdej Mszy \u015bw. aspersja, o 15.30 nieszpory za zmar\u0142ych z wypominkami. Mszy \u015bw. o 16.00 przewodniczy\u0142 b\u0119dzie ks. bp Stanis\u0142aw Jamrozek z Przemy\u015bla. R\u00f3\u017caniec r\u00f3\u017ca El\u017cbiety G\u0142odowskiej.<\/p>\n<p>11.\tSpotkania: we wtorek wszystkich ministrant\u00f3w i lektor\u00f3w, w \u015brod\u0119 kandydat\u00f3w do bierzmowania z klas. VIII, spotkania oazy w tym tygodniu nie b\u0119dzie.<\/p>\n<p>12.\tPrzez ca\u0142y listopad b\u0119dzie modlitwa wypominkowa za naszych zmar\u0142ych po Mszy wieczornej, a w niedziel\u0119 nieszpory z wypominkami o 15.30.<\/p>\n<p>13.\tB\u00f3g zap\u0142a\u0107 za ofiary na sprz\u0105tanie ko\u015bcio\u0142a, w tym tygodniu prosimy z ul. Senatorskiej nast\u0119puj\u0105ce rodziny: Doroty Gajdek, Moniki Lenar, El\u017cbiety Okarmus, Marty Argasi\u0144skiej, Barbary Filip, Jadwigi Serowik, Joanny Skoczek, Eweliny Wojciechowskiej, Wioletty Czernickiej, Katarzyny Kania, Beaty Gogol.<\/p>\n<p>14.\tW przysz\u0142ym roku OSP Budziw\u00f3j \u2013centrum obchodzi\u0107 b\u0119dzie 100-lecie istnienia. Poszukiwane s\u0105 zdj\u0119cia stra\u017cy z tego okresu. Prosimy dostarczy\u0107 je do komendanta \u2013 b\u0119d\u0105 zwr\u00f3cone. <\/p>\n<p>15.\tNa stoliczku za \u0142awkami nowy darmowy numer gazety \u201eDobre nowiny\u201d (200 sztuk) \u2013 zapraszamy do lektury.<\/p>\n<p>16.\tPocz\u0105tkiem listopada b\u0119dzie zbi\u00f3rka elektro\u015bmieci na misje. Prosimy o przygotowanie. Szczeg\u00f3\u0142y za tydzie\u0144.<\/p>\n<p>17.\tO. Romualdowi Zag\u00f3rskiemu  z Ukrainy serdecznie dzi\u0119kujemy za dzisiejsze s\u0142owo Bo\u017ce. Po Mszy \u015bw. ojciec b\u0119dzie zbiera\u0142 ofiary przed ko\u015bcio\u0142em. Wesprzyjmy hojnie jego parafi\u0119.<\/p>\n<p>Do u\u017cytku wewn\u0119trznego Parafii MB \u015anie\u017cnej w Rzeszowie<\/p>\n","protected":false},"excerpt":{"rendered":"<p>&#8230;<\/p>\n","protected":false},"author":1,"featured_media":5488,"comment_status":"closed","ping_status":"open","sticky":false,"template":"","format":"standard","meta":{"ngg_post_thumbnail":0,"footnotes":""},"categories":[14],"tags":[],"class_list":["post-5547","post","type-post","status-publish","format-standard","has-post-thumbnail","hentry","category-ogloszenia_duszp"],"_links":{"self":[{"href":"https:\/\/mbsniezna.rzeszow.pl\/index.php\/wp-json\/wp\/v2\/posts\/5547","targetHints":{"allow":["GET"]}}],"collection":[{"href":"https:\/\/mbsniezna.rzeszow.pl\/index.php\/wp-json\/wp\/v2\/posts"}],"about":[{"href":"https:\/\/mbsniezna.rzeszow.pl\/index.php\/wp-json\/wp\/v2\/types\/post"}],"author":[{"embeddable":true,"href":"https:\/\/mbsniezna.rzeszow.pl\/index.php\/wp-json\/wp\/v2\/users\/1"}],"replies":[{"embeddable":true,"href":"https:\/\/mbsniezna.rzeszow.pl\/index.php\/wp-json\/wp\/v2\/comments?post=5547"}],"version-history":[{"count":1,"href":"https:\/\/mbsniezna.rzeszow.pl\/index.php\/wp-json\/wp\/v2\/posts\/5547\/revisions"}],"predecessor-version":[{"id":5548,"href":"https:\/\/mbsniezna.rzeszow.pl\/index.php\/wp-json\/wp\/v2\/posts\/5547\/revisions\/5548"}],"wp:featuredmedia":[{"embeddable":true,"href":"https:\/\/mbsniezna.rzeszow.pl\/index.php\/wp-json\/wp\/v2\/media\/5488"}],"wp:attachment":[{"href":"https:\/\/mbsniezna.rzeszow.pl\/index.php\/wp-json\/wp\/v2\/media?parent=5547"}],"wp:term":[{"taxonomy":"category","embeddable":true,"href":"https:\/\/mbsniezna.rzeszow.pl\/index.php\/wp-json\/wp\/v2\/categories?post=5547"},{"taxonomy":"post_tag","embeddable":true,"href":"https:\/\/mbsniezna.rzeszow.pl\/index.php\/wp-json\/wp\/v2\/tags?post=5547"}],"curies":[{"name":"wp","href":"https:\/\/api.w.org\/{rel}","templated":true}]}}