{"id":5567,"date":"2018-11-16T10:24:22","date_gmt":"2018-11-16T09:24:22","guid":{"rendered":"https:\/\/mbsniezna.rzeszow.pl\/?p=5567"},"modified":"2018-11-16T10:24:22","modified_gmt":"2018-11-16T09:24:22","slug":"swiatowy-dzien-pamieci-o-ofiarach-wypadkow-drogowych","status":"publish","type":"post","link":"https:\/\/mbsniezna.rzeszow.pl\/index.php\/2018\/11\/16\/swiatowy-dzien-pamieci-o-ofiarach-wypadkow-drogowych\/","title":{"rendered":"\u015awiatowy Dzie\u0144 Pami\u0119ci o Ofiarach Wypadk\u00f3w Drogowych"},"content":{"rendered":"<p><strong>W niedziel\u0119, 18 listopada 2018 r.&nbsp; prze\u017cywa\u0107 b\u0119dziemy<\/strong><strong> \u015awiatowy Dzie\u0144 Pami\u0119ci o Ofiarach Wypadk\u00f3w Drogowych.<\/strong><\/p>\n<p>W 2005 r. Zgromadzenie Og\u00f3lne ONZ zaprosi\u0142o pa\u0144stwa cz\u0142onkowskie i spo\u0142eczno\u015b\u0107 mi\u0119dzynarodow\u0105 do obchodzenia trzeciej niedzieli listopada jako corocznego Dnia Pami\u0119ci o Ofiarach Wypadk\u00f3w Drogowych. Dzie\u0144 ten ma by\u0107 wyrazem uznania dla ofiar wypadk\u00f3w drogowych i ich rodzin. Do modlitwy za ofiary wypadk\u00f3w na drogach i uroczyste obchodzenia Dnia Pami\u0119ci zach\u0119ca\u0142 \u2013 Jan Pawe\u0142 II.<\/p>\n<p><a href=\"http:\/\/roch.rzeszow.pl\/wp-content\/uploads\/2018\/11\/Apel-do-kierowc\u00f3w-i-pieszych107668.pdf\">Apel do kierowc\u00f3w i pieszych<\/a><\/p>\n<p>Foto: <a href=\"http:\/\/www.miva.pl\/aktualnosci\/aktualnosci\/40247\/swiatowy-dzien-pamieci-ofiar-wypadkow-drogowych\">http:\/\/www.miva.pl\/aktualnosci\/aktualnosci\/40247\/swiatowy-dzien-pamieci-ofiar-wypadkow-drogowych<\/a><\/p>\n<p><strong>&nbsp;<\/strong><\/p>\n","protected":false},"excerpt":{"rendered":"<p>&#8230;<\/p>\n","protected":false},"author":1,"featured_media":5568,"comment_status":"closed","ping_status":"open","sticky":false,"template":"","format":"standard","meta":{"ngg_post_thumbnail":0,"footnotes":""},"categories":[13],"tags":[],"class_list":["post-5567","post","type-post","status-publish","format-standard","has-post-thumbnail","hentry","category-newsy"],"_links":{"self":[{"href":"https:\/\/mbsniezna.rzeszow.pl\/index.php\/wp-json\/wp\/v2\/posts\/5567","targetHints":{"allow":["GET"]}}],"collection":[{"href":"https:\/\/mbsniezna.rzeszow.pl\/index.php\/wp-json\/wp\/v2\/posts"}],"about":[{"href":"https:\/\/mbsniezna.rzeszow.pl\/index.php\/wp-json\/wp\/v2\/types\/post"}],"author":[{"embeddable":true,"href":"https:\/\/mbsniezna.rzeszow.pl\/index.php\/wp-json\/wp\/v2\/users\/1"}],"replies":[{"embeddable":true,"href":"https:\/\/mbsniezna.rzeszow.pl\/index.php\/wp-json\/wp\/v2\/comments?post=5567"}],"version-history":[{"count":1,"href":"https:\/\/mbsniezna.rzeszow.pl\/index.php\/wp-json\/wp\/v2\/posts\/5567\/revisions"}],"predecessor-version":[{"id":5569,"href":"https:\/\/mbsniezna.rzeszow.pl\/index.php\/wp-json\/wp\/v2\/posts\/5567\/revisions\/5569"}],"wp:featuredmedia":[{"embeddable":true,"href":"https:\/\/mbsniezna.rzeszow.pl\/index.php\/wp-json\/wp\/v2\/media\/5568"}],"wp:attachment":[{"href":"https:\/\/mbsniezna.rzeszow.pl\/index.php\/wp-json\/wp\/v2\/media?parent=5567"}],"wp:term":[{"taxonomy":"category","embeddable":true,"href":"https:\/\/mbsniezna.rzeszow.pl\/index.php\/wp-json\/wp\/v2\/categories?post=5567"},{"taxonomy":"post_tag","embeddable":true,"href":"https:\/\/mbsniezna.rzeszow.pl\/index.php\/wp-json\/wp\/v2\/tags?post=5567"}],"curies":[{"name":"wp","href":"https:\/\/api.w.org\/{rel}","templated":true}]}}