{"id":5572,"date":"2018-11-17T22:09:09","date_gmt":"2018-11-17T21:09:09","guid":{"rendered":"https:\/\/mbsniezna.rzeszow.pl\/?p=5572"},"modified":"2018-11-18T06:34:33","modified_gmt":"2018-11-18T05:34:33","slug":"ogloszenia-na-xxxiii-niedziele-zwykla-18-11-2018-r","status":"publish","type":"post","link":"https:\/\/mbsniezna.rzeszow.pl\/index.php\/2018\/11\/17\/ogloszenia-na-xxxiii-niedziele-zwykla-18-11-2018-r\/","title":{"rendered":"Og\u0142oszenia na XXXIII Niedziel\u0119 zwyk\u0142\u0105, 18.11.2018 r."},"content":{"rendered":"<p>XXXIII NIEDZIELA ZWYK\u0141A \u2013 OG\u0141OSZENIA<br \/>\n18 LISTOPADA 2018 R.<\/p>\n<p>1.\tDzisiaj o 15.30 nieszpory za zmar\u0142ych z wypominkami. W tygodniu wypominki za zmar\u0142ych po Mszy \u015bw. wieczornej. Wypominki mo\u017cemy sk\u0142ada\u0107 do ko\u0144ca listopada na tac\u0119 lub u siostry w zakrystii.<\/p>\n<p>2.\tWe wtorek wspomnienie \u015bw. Rafa\u0142a Kalinowskiego, nabo\u017ce\u0144stwo do \u015bw. Antoniego. Zbi\u00f3rka kandydat\u00f3w na ministrant\u00f3w.<\/p>\n<p>3.\tWe \u015brod\u0119 wspomnienie Ofiarowania NMP, Nowenna do Matki Bo\u017cej. Spotkanie kandydat\u00f3w do bierzmowania z III klas gimnazjum.<\/p>\n<p>4.\tWe czwartek wspomnienie \u015bw. Cecylii. Od 17.15 adoracja i spowied\u017a.<\/p>\n<p>5.\tW pi\u0105tek nabo\u017ce\u0144stwo do Bo\u017cego Mi\u0142osierdzia.<\/p>\n<p>6.\tW niedziel\u0119 Uroczysto\u015b\u0107 Chrystusa Kr\u00f3la. Po prymarii wystawienie i po\u015bwi\u0119cenie si\u0119 Naj\u015bwi\u0119tszemu Sercu Pana Jezusa. Na Mszy \u015bw. o 12.00 przyj\u0119cie nowych ministrant\u00f3w.<\/p>\n<p>7.\tW tym tygodniu s\u0105 spotkania dla rodzic\u00f3w kandydat\u00f3w do bierzmowania z klas VIII: w poniedzia\u0142ek dla rodzic\u00f3w uczni\u00f3w z VIIIa, a we czwartek dla rodzic\u00f3w z VIIIb i rodzic\u00f3w uczni\u00f3w spoza naszej szko\u0142y. Spotkania b\u0119d\u0105 o 18.45 w salce pod ko\u015bcio\u0142em. Zapraszamy<\/p>\n<p>8.\tW przysz\u0142ym tygodniu b\u0119d\u0105 spotkania dla rodzic\u00f3w kandydat\u00f3w do bierzmowania z klasy III gimnazjum: w poniedzia\u0142ek 26 listopada dla rodzic\u00f3w uczni\u00f3w o nazwiskach od A do L, i w czwartek 29 listopada dla rodzic\u00f3w uczni\u00f3w o nazwiskach od M do Z. Spotkania b\u0119d\u0105 o 18.45 w salce pod ko\u015bcio\u0142em.<\/p>\n<p>9.\tBierzmowanie kandydat\u00f3w z klasy VIII szko\u0142y podstawowej i III klasy gimnazjum b\u0119dzie w sobot\u0119 18 maja 2019 r. o godz. 18.00.<\/p>\n<p>10.\tOg\u0142oszenie dla uczni\u00f3w klas VII dla kt\u00f3rych te\u017c rozpocznie si\u0119 przygotowanie do bierzmowania. Na ma\u0142ym stoliczku s\u0105 karty zg\u0142oszeniowe, kt\u00f3re prosimy wype\u0142ni\u0107. Pierwsze spotkanie kandydat\u00f3w a klas VII i ich rodzic\u00f3w odb\u0119dzie si\u0119 w czwartek 6 grudnia o godz. 19.30. Wtedy kandydaci wraz z rodzicami z\u0142o\u017c\u0105 na pi\u015bmie wol\u0119 podj\u0119cia przygotowania. Przygotowanie do bierzmowania odbywa si\u0119 w parafii zamieszkania \u2013 przypomnienie dla tych co chodz\u0105 do szk\u00f3\u0142 poza parafi\u0105.<\/p>\n<p>11.\tB\u00f3g zap\u0142a\u0107 za ofiary na sprz\u0105tanie ko\u015bcio\u0142a, w tym tygodniu z ul. Senatorskiej prosimy rodziny: Izabeli Garlak, Bogus\u0142awy W\u00f3jcik, Ma\u0142gorzaty Wiszniewskiej, Agnieszki Tunia, Antoniego Jaworskiego, Zofii Pa\u0142ka, Katarzyny Rogozi\u0144skiej, Agnieszki Motyka, Sylwii Smolak, Renaty Terech, Barbary Zawi\u0142a, Iwony Firlej.<\/p>\n<p>12.\tW najbli\u017csz\u0105 \u015brod\u0119 w Bibliotece Osiedlowej b\u0119dzie spotkanie z pisarka Barbar\u0105 Kosmowsk\u0105.<\/p>\n<p>13.\tProsimy, aby na cmentarzu chryzantemy bez doniczek sk\u0142ada\u0107 w miejscu wyznaczonym tabliczk\u0105. Doniczki i wypalone znicze sk\u0142adajmy do blaszanych kontener\u00f3w.<\/p>\n<p>Tylko do u\u017cytku wewn\u0119trznego Parafii MB \u015anie\u017cnej!<\/p>\n","protected":false},"excerpt":{"rendered":"<p>&#8230;<\/p>\n","protected":false},"author":1,"featured_media":5489,"comment_status":"closed","ping_status":"open","sticky":false,"template":"","format":"standard","meta":{"ngg_post_thumbnail":0,"footnotes":""},"categories":[14],"tags":[],"class_list":["post-5572","post","type-post","status-publish","format-standard","has-post-thumbnail","hentry","category-ogloszenia_duszp"],"_links":{"self":[{"href":"https:\/\/mbsniezna.rzeszow.pl\/index.php\/wp-json\/wp\/v2\/posts\/5572","targetHints":{"allow":["GET"]}}],"collection":[{"href":"https:\/\/mbsniezna.rzeszow.pl\/index.php\/wp-json\/wp\/v2\/posts"}],"about":[{"href":"https:\/\/mbsniezna.rzeszow.pl\/index.php\/wp-json\/wp\/v2\/types\/post"}],"author":[{"embeddable":true,"href":"https:\/\/mbsniezna.rzeszow.pl\/index.php\/wp-json\/wp\/v2\/users\/1"}],"replies":[{"embeddable":true,"href":"https:\/\/mbsniezna.rzeszow.pl\/index.php\/wp-json\/wp\/v2\/comments?post=5572"}],"version-history":[{"count":2,"href":"https:\/\/mbsniezna.rzeszow.pl\/index.php\/wp-json\/wp\/v2\/posts\/5572\/revisions"}],"predecessor-version":[{"id":5574,"href":"https:\/\/mbsniezna.rzeszow.pl\/index.php\/wp-json\/wp\/v2\/posts\/5572\/revisions\/5574"}],"wp:featuredmedia":[{"embeddable":true,"href":"https:\/\/mbsniezna.rzeszow.pl\/index.php\/wp-json\/wp\/v2\/media\/5489"}],"wp:attachment":[{"href":"https:\/\/mbsniezna.rzeszow.pl\/index.php\/wp-json\/wp\/v2\/media?parent=5572"}],"wp:term":[{"taxonomy":"category","embeddable":true,"href":"https:\/\/mbsniezna.rzeszow.pl\/index.php\/wp-json\/wp\/v2\/categories?post=5572"},{"taxonomy":"post_tag","embeddable":true,"href":"https:\/\/mbsniezna.rzeszow.pl\/index.php\/wp-json\/wp\/v2\/tags?post=5572"}],"curies":[{"name":"wp","href":"https:\/\/api.w.org\/{rel}","templated":true}]}}