{"id":5577,"date":"2018-11-24T21:12:09","date_gmt":"2018-11-24T20:12:09","guid":{"rendered":"https:\/\/mbsniezna.rzeszow.pl\/?p=5577"},"modified":"2018-11-24T21:12:32","modified_gmt":"2018-11-24T20:12:32","slug":"5577","status":"publish","type":"post","link":"https:\/\/mbsniezna.rzeszow.pl\/index.php\/2018\/11\/24\/5577\/","title":{"rendered":"Intencje mszalne 26.11-2.12.2018"},"content":{"rendered":"<p><strong>Poniedzia\u0142ek: 26.11<\/strong><\/p>\n<table width=\"0\">\n<tbody>\n<tr>\n<td width=\"76\">7.00<\/td>\n<td width=\"624\">1. + Janusz Bury (26)<\/td>\n<\/tr>\n<tr>\n<td width=\"76\">18.00<\/td>\n<td width=\"624\">1. + Katarzyna, Jan Skoczylas<\/p>\n<p>2. + Dzi\u0119kczynna za 70 lat \u017cycia Ireny i o Bo\u017ce b\u0142ogos\u0142awie\u0144stwo<\/p>\n<p>3. + Agnieszka Homik od rodziny Woroszy<\/p>\n<p>4. + W\u0142adys\u0142aw S\u0142owik od Asi i Kuby Czapkowskich<\/p>\n<p><em>+ Janina Dudek od syna W\u0142odzimierza &#8211; Tarnoszyn<\/em><\/td>\n<\/tr>\n<\/tbody>\n<\/table>\n<p><strong>Wtorek: 27.11<\/strong><\/p>\n<table width=\"0\">\n<tbody>\n<tr>\n<td width=\"76\">7.00<\/td>\n<td width=\"624\">1. + Janusz Bury (27)<\/p>\n<p>2. + Katarzyna Kawa od Alicji Szala z rodzin\u0105<\/td>\n<\/tr>\n<tr>\n<td width=\"76\">18.00<\/td>\n<td width=\"624\">1. + Jaros\u0142aw Ple\u015bniak w dniu urodzin od Edyty<\/p>\n<p>2. + Anna, Stanis\u0142aw Dr\u0105g, Katarzyna Gu\u015bciora<\/p>\n<p>3. + Kazimierz Piotrowski<\/p>\n<p>4. + Les\u0142aw Matu\u0142a od siostry z m\u0119\u017cem<\/p>\n<p><em>+ Janina Dudek od syna W\u0142odzimierza- Tarnoszyn<\/em><\/td>\n<\/tr>\n<\/tbody>\n<\/table>\n<p><strong>&nbsp;\u015aroda: 28.11<\/strong><\/p>\n<table width=\"0\">\n<tbody>\n<tr>\n<td width=\"76\">7.00<\/td>\n<td width=\"624\">1. + Janusz Bury (28)<\/td>\n<\/tr>\n<tr>\n<td width=\"76\">18.00<\/td>\n<td width=\"624\">1. + O b\u0142og. Bo\u017ce dla Katarzyny i Andrzeja w dniu imienin<\/p>\n<p>2. + Henryk Lis (7 rocz.)<\/p>\n<p>3. + Adam Garlak od \u017cony<\/p>\n<p>4. + Aleksandra Pr\u0119dka od wnuczki Aldony z rodzin\u0105<\/p>\n<p><em>+ Janina Dudek od syna W\u0142odzimierza- Tarnoszyn<\/em><\/td>\n<\/tr>\n<\/tbody>\n<\/table>\n<p><strong>Czwartek: 29.11<\/strong><\/p>\n<table width=\"0\">\n<tbody>\n<tr>\n<td width=\"76\">7.00<\/td>\n<td width=\"624\">1. + Janusz Bury (29)<\/p>\n<p>2. Za parafian \u017cywych i zmar\u0142ych<\/td>\n<\/tr>\n<tr>\n<td width=\"76\">18.00<\/td>\n<td width=\"624\">1. + Dzi\u0119kczynna i o opiek\u0119 Matki Bo\u017cej dla rodziny Pasierb<\/p>\n<p>2. + Maria Pa\u015bkiewicz od rodziny Huchl\u00f3w<\/p>\n<p>3. + Andrzej Bilski od syna Rafa\u0142a z rodzin\u0105<\/p>\n<p><em>+ Janina Dudek od c\u00f3rki Joli z rodzin\u0105 &#8211; Tarnoszyn<\/em><\/td>\n<\/tr>\n<\/tbody>\n<\/table>\n<p><strong>Pi\u0105tek: 30.11<\/strong><\/p>\n<table width=\"0\">\n<tbody>\n<tr>\n<td width=\"76\">7.00<\/td>\n<td width=\"624\">1. + Maria, Marian, Edward, Anna od Bogumi\u0142y<\/td>\n<\/tr>\n<tr>\n<td width=\"76\">18.00<\/td>\n<td width=\"624\">1. + Janusz Bury (30) \u2013 zako\u0144czenie Mszy gregoria\u0144skich<\/p>\n<p>2. + Andrzej Jacek i ++ z rodziny<\/p>\n<p>3. + Adam Garlak od c\u00f3rki Klaudii, zi\u0119cia \u0141ukasza i wnuk\u00f3w Kacperka i Kai<\/p>\n<p>4. + Katarzyna Kawa od Ireny Koc\u00f3j z rodzin\u0105<\/p>\n<p><em>+ Janina Dudek od c\u00f3rki Joli z rodzin\u0105- Tarnoszyn<\/em><\/td>\n<\/tr>\n<\/tbody>\n<\/table>\n<p><strong>Sobota: 1.12<\/strong><\/p>\n<table width=\"0\">\n<tbody>\n<tr>\n<td width=\"76\">7.00<\/td>\n<td width=\"624\">1. + Stanis\u0142awa B\u0142o\u0144ska od wnuczki Barbary z rodzin\u0105<\/p>\n<p>2. + Anna Piekie\u0142ek od Stanis\u0142awa<\/td>\n<\/tr>\n<tr>\n<td width=\"76\">18.00<\/td>\n<td width=\"624\">1. + Zdzis\u0142aw Ciebiera<\/p>\n<p>2. + Emilia, Franciszek O\u017cy\u0142o<\/p>\n<p>3. + J\u00f3zef T\u0142uczek od kuzynki Marii z rodzin\u0105<\/p>\n<p><em>+ Janina Dudek od c\u00f3rki Joli z rodzin\u0105\u2013 Tarnoszyn<\/em><\/p>\n<p><em>+ Agnieszka Homik (1) od m\u0119\u017ca i c\u00f3rek \u2013 Tarnoszyn \u2013 rozpocz\u0119cie Mszy gregoria\u0144skich<\/em><\/p>\n<p><em>+ Bronis\u0142awa Warcho\u0142 (1) od c\u00f3rki Zofii z m\u0119\u017cem \u2013 Mo\u0142dawia \u2013 rozpocz\u0119cie Mszy gregoria\u0144skich<\/em><\/td>\n<\/tr>\n<\/tbody>\n<\/table>\n<p><strong>NIEDZIELA: 2.12<\/strong><\/p>\n<table width=\"0\">\n<tbody>\n<tr>\n<td width=\"76\">7.00<\/td>\n<td width=\"624\">1. + Boles\u0142aw Michalski (11 rocznica)<\/p>\n<p>2. + W\u0142adys\u0142aw, Zofia Ko\u0142wa<\/td>\n<\/tr>\n<tr>\n<td width=\"76\">9.00<\/td>\n<td width=\"624\">1. + Anna Dudek (2 rocz.)<\/p>\n<p><em>+ Janina Dudek od c\u00f3rki Joli z rodzin\u0105 &#8211; Tarnoszyn<\/em><\/td>\n<\/tr>\n<tr>\n<td width=\"76\">10.30<\/td>\n<td width=\"624\">1. + Franciszek, ++ z rodziny<\/td>\n<\/tr>\n<tr>\n<td width=\"76\">12.00<\/td>\n<td width=\"624\">1 + Ks. Kazimierz Guzy (9 rocznica)<\/p>\n<p>2. W intencji Barbary i Jana Tondera w 50-lecie \u015blubu od dzieci i wnuk\u00f3w<\/p>\n<p><em>+ Agnieszka Homik (2) od rodzic\u00f3w &#8211; Tarnoszyn<\/em><\/p>\n<p><em>+ Bronis\u0142awa Warcho\u0142 (2) od wnuczki Barbary &#8211; Mo\u0142dawia<\/em><\/td>\n<\/tr>\n<tr>\n<td width=\"76\">16.00<\/td>\n<td width=\"624\">1. + Justyna Tobiasz od Bogus\u0142awy i Piotra Bud\u00f3w<\/td>\n<\/tr>\n<tr>\n<td width=\"76\">18.00<\/td>\n<td width=\"624\">1. + Florian Lis (15 rocz.)<\/td>\n<\/tr>\n<\/tbody>\n<\/table>\n<p>Tylko do u\u017cytku wewn\u0119trznego Parafii MB \u015anie\u017cnej w Rzeszowie<\/p>\n","protected":false},"excerpt":{"rendered":"<p>&#8230;<\/p>\n","protected":false},"author":1,"featured_media":5479,"comment_status":"closed","ping_status":"open","sticky":false,"template":"","format":"standard","meta":{"ngg_post_thumbnail":0,"footnotes":""},"categories":[4],"tags":[],"class_list":["post-5577","post","type-post","status-publish","format-standard","has-post-thumbnail","hentry","category-intencje"],"_links":{"self":[{"href":"https:\/\/mbsniezna.rzeszow.pl\/index.php\/wp-json\/wp\/v2\/posts\/5577","targetHints":{"allow":["GET"]}}],"collection":[{"href":"https:\/\/mbsniezna.rzeszow.pl\/index.php\/wp-json\/wp\/v2\/posts"}],"about":[{"href":"https:\/\/mbsniezna.rzeszow.pl\/index.php\/wp-json\/wp\/v2\/types\/post"}],"author":[{"embeddable":true,"href":"https:\/\/mbsniezna.rzeszow.pl\/index.php\/wp-json\/wp\/v2\/users\/1"}],"replies":[{"embeddable":true,"href":"https:\/\/mbsniezna.rzeszow.pl\/index.php\/wp-json\/wp\/v2\/comments?post=5577"}],"version-history":[{"count":2,"href":"https:\/\/mbsniezna.rzeszow.pl\/index.php\/wp-json\/wp\/v2\/posts\/5577\/revisions"}],"predecessor-version":[{"id":5579,"href":"https:\/\/mbsniezna.rzeszow.pl\/index.php\/wp-json\/wp\/v2\/posts\/5577\/revisions\/5579"}],"wp:featuredmedia":[{"embeddable":true,"href":"https:\/\/mbsniezna.rzeszow.pl\/index.php\/wp-json\/wp\/v2\/media\/5479"}],"wp:attachment":[{"href":"https:\/\/mbsniezna.rzeszow.pl\/index.php\/wp-json\/wp\/v2\/media?parent=5577"}],"wp:term":[{"taxonomy":"category","embeddable":true,"href":"https:\/\/mbsniezna.rzeszow.pl\/index.php\/wp-json\/wp\/v2\/categories?post=5577"},{"taxonomy":"post_tag","embeddable":true,"href":"https:\/\/mbsniezna.rzeszow.pl\/index.php\/wp-json\/wp\/v2\/tags?post=5577"}],"curies":[{"name":"wp","href":"https:\/\/api.w.org\/{rel}","templated":true}]}}