{"id":5580,"date":"2018-11-24T21:13:51","date_gmt":"2018-11-24T20:13:51","guid":{"rendered":"https:\/\/mbsniezna.rzeszow.pl\/?p=5580"},"modified":"2018-11-24T21:13:51","modified_gmt":"2018-11-24T20:13:51","slug":"ogloszenia-na-uroczystosc-chrystusa-krola-25-11-2018-r","status":"publish","type":"post","link":"https:\/\/mbsniezna.rzeszow.pl\/index.php\/2018\/11\/24\/ogloszenia-na-uroczystosc-chrystusa-krola-25-11-2018-r\/","title":{"rendered":"Og\u0142oszenia na Uroczysto\u015b\u0107 Chrystusa Kr\u00f3la, 25.11.2018 r."},"content":{"rendered":"<p>UROCZYSTO\u015a\u0106 CHRYSTUSA KR\u00d3LA \u2013 OG\u0141OSZENIA<br \/>\n25 LISTOPADA 2018 R.<\/p>\n<p>1.\tDzisiaj o 15.30 nieszpory za zmar\u0142ych z wypominkami.<\/p>\n<p>2.\tWe wtorek Wspomnienie Matki Bo\u017cej od Cudownego Medalika \u2013 \u015bwi\u0119to patronalne czcicieli Cudownego Medalika. Na Mszy \u015bw. b\u0119dzie mo\u017cna otrzyma\u0107 medalik i zawierzy\u0107 si\u0119 opiece Matki Bo\u017cej. Spotkanie lektor\u00f3w i kandydat\u00f3w na ministrant\u00f3w.<\/p>\n<p>3.\tW czwartek adoracja od 17.15 i mo\u017cliwo\u015b\u0107 spowiedzi.<\/p>\n<p>4.\tI sobota \u2013 po Mszy r\u00f3\u017caniec fatimski z wypominkami za zmar\u0142ych.<\/p>\n<p>5.\tSpotkania dla rodzic\u00f3w kandydat\u00f3w do bierzmowania z klasy III gimnazjum: w poniedzia\u0142ek: dla rodzic\u00f3w uczni\u00f3w o nazwiskach od A do L, i w czwartek dla rodzic\u00f3w uczni\u00f3w o nazwiskach od M do Z. Spotkania b\u0119d\u0105 o 18.45 w salce pod ko\u015bcio\u0142em.<\/p>\n<p>6.\tDla uczni\u00f3w klas VII na ma\u0142ym stoliczku s\u0105 karty zg\u0142oszeniowe do bierzmowania, kt\u00f3re prosimy wype\u0142ni\u0107. Pierwsze spotkanie kandydat\u00f3w z klas VII i ich rodzic\u00f3w odb\u0119dzie si\u0119 w czwartek 6 grudnia o godz. 19.30. Wtedy kandydaci wraz z rodzicami z\u0142o\u017c\u0105 na pi\u015bmie wol\u0119 podj\u0119cia przygotowania. Przygotowanie do bierzmowania odbywa si\u0119 w parafii zamieszkania \u2013 przypomnienie dla tych co chodz\u0105 do szk\u00f3\u0142 poza parafi\u0105.<\/p>\n<p>7.\tW przysz\u0142\u0105 niedziel\u0119 go\u015bci\u0107 b\u0119dziemy siostry klawerianki z Krosna, kt\u00f3re wyg\u0142osz\u0105 s\u0142owo i rozprowadza\u0107 b\u0119d\u0105 kalendarze misyjne i inne materia\u0142y.<\/p>\n<p>8.\tW przysz\u0142\u0105 niedziel\u0119 rozpoczyna si\u0119 czas Adwentu, w kt\u00f3rym mamy si\u0119 duchowo przygotowywa\u0107 na przyj\u0119cie Pana Jezusa w czasie \u015awiat Bo\u017cego Narodzenia oraz w czasie jego powt\u00f3rnego. Roraty b\u0119d\u0105 wieczorem o godz. 18.00, na kt\u00f3re zapraszamy doros\u0142ych i dzieci. Prosimy, aby dzieciom zakupi\u0107 lampiony.<\/p>\n<p>9.\tW przysz\u0142\u0105 niedziel\u0119 na prymarii po\u015bwi\u0119cimy op\u0142atki. B\u0119dzie je mo\u017cna nabywa\u0107 w zakrystii \u2013 dobrowolna ofiara przeznaczona jest na ogrzewanie ko\u015bcio\u0142a. Po prymarii zmiana tajemnic r\u00f3\u017ca\u0144cowych.<\/p>\n<p>10.\tW przysz\u0142\u0105 niedziel\u0119 przypada 9 rocznica proboszcza ks. Kazimierza Guzego \u2013 Msza \u015bw. w jego intencji b\u0119dzie o godz. 12.00.<\/p>\n<p>11.\tOd przysz\u0142ej niedzieli Msze \u015bw. o godz. 12.00 chcemy prze\u017cywa\u0107 jako Msz\u0119 \u015bw. rodzinn\u0105 z udzia\u0142em dzieci, dla kt\u00f3rych g\u0142oszone b\u0119dzie specjalne s\u0142owo. Zapraszamy.<\/p>\n<p>12.\tW przysz\u0142\u0105 niedziel\u0119 o godz. 16.00  w \u201eD\u0119bin\u00f3wce\u201d spotkanie scholii, ministrant\u00f3w, lektor\u00f3w, oazy starszej i m\u0142odszej ze \u015bw. Miko\u0142ajem.<\/p>\n<p>13.\tTak\u017ce Dom Kultury \u201eBudziw\u00f3j\u201d organizuje spotkanie ze \u015bw. Miko\u0142ajem w przysz\u0142\u0105 niedziel\u0119 o godz. 15.00. Wcze\u015bniej konieczny kontakt pod numerem 17 229 90 82.<\/p>\n<p>14.\tB\u00f3g zap\u0142a\u0107 za ofiary na sprz\u0105tanie ko\u015bcio\u0142a. W tym tygodniu z ul. Senatorskiej prosimy rodziny: Ewy Borowiec, Ma\u0142gorzaty Olejnik, Agnieszki Hajduk, Magdaleny Sarek, Ewy S\u0142uchockiej, Anny Malinowskiej, Moniki Konefa\u0142, Eweliny Sowa, Agnieszki Cag, Justyny Jung, Katarzyny Nawrot.<\/p>\n<p>15.\tB\u00f3g zap\u0142a\u0107 za sk\u0142adk\u0119 inwestycyjn\u0105 z ubieg\u0142ej niedzieli, kt\u00f3ra wynios\u0142a 12 tys. z\u0142. Kontynuowane s\u0105 prace przy ocieplaniu stropu ko\u015bcio\u0142a.<\/p>\n<p>16.\tNa ma\u0142ym stoliczku jest nowy numer darmowej gazety \u201eDobre nowiny\u201d.<\/p>\n<p>17.\tW przedsionku ko\u015bcio\u0142a s\u0105 \u015bwiece Wigilijnego Dzie\u0142a pomocy Dzieciom \u2013 ma\u0142e po 5 z\u0142, du\u017ce po 12 z\u0142.<\/p>\n<p>18.\tDzi\u0119kujemy ks. Jackowi Szcz\u0119chowi \u2013 ojcu duchownemu w WSD Rzesz\u00f3w za wyg\u0142oszone  s\u0142owo o sakramencie ma\u0142\u017ce\u0144stwa i kr\u00f3lowaniu Chrystusa w rodzinie.<\/p>\n","protected":false},"excerpt":{"rendered":"<p>&#8230;<\/p>\n","protected":false},"author":1,"featured_media":5488,"comment_status":"closed","ping_status":"open","sticky":false,"template":"","format":"standard","meta":{"ngg_post_thumbnail":0,"footnotes":""},"categories":[14],"tags":[],"class_list":["post-5580","post","type-post","status-publish","format-standard","has-post-thumbnail","hentry","category-ogloszenia_duszp"],"_links":{"self":[{"href":"https:\/\/mbsniezna.rzeszow.pl\/index.php\/wp-json\/wp\/v2\/posts\/5580","targetHints":{"allow":["GET"]}}],"collection":[{"href":"https:\/\/mbsniezna.rzeszow.pl\/index.php\/wp-json\/wp\/v2\/posts"}],"about":[{"href":"https:\/\/mbsniezna.rzeszow.pl\/index.php\/wp-json\/wp\/v2\/types\/post"}],"author":[{"embeddable":true,"href":"https:\/\/mbsniezna.rzeszow.pl\/index.php\/wp-json\/wp\/v2\/users\/1"}],"replies":[{"embeddable":true,"href":"https:\/\/mbsniezna.rzeszow.pl\/index.php\/wp-json\/wp\/v2\/comments?post=5580"}],"version-history":[{"count":1,"href":"https:\/\/mbsniezna.rzeszow.pl\/index.php\/wp-json\/wp\/v2\/posts\/5580\/revisions"}],"predecessor-version":[{"id":5581,"href":"https:\/\/mbsniezna.rzeszow.pl\/index.php\/wp-json\/wp\/v2\/posts\/5580\/revisions\/5581"}],"wp:featuredmedia":[{"embeddable":true,"href":"https:\/\/mbsniezna.rzeszow.pl\/index.php\/wp-json\/wp\/v2\/media\/5488"}],"wp:attachment":[{"href":"https:\/\/mbsniezna.rzeszow.pl\/index.php\/wp-json\/wp\/v2\/media?parent=5580"}],"wp:term":[{"taxonomy":"category","embeddable":true,"href":"https:\/\/mbsniezna.rzeszow.pl\/index.php\/wp-json\/wp\/v2\/categories?post=5580"},{"taxonomy":"post_tag","embeddable":true,"href":"https:\/\/mbsniezna.rzeszow.pl\/index.php\/wp-json\/wp\/v2\/tags?post=5580"}],"curies":[{"name":"wp","href":"https:\/\/api.w.org\/{rel}","templated":true}]}}