{"id":5611,"date":"2018-12-09T19:15:25","date_gmt":"2018-12-09T18:15:25","guid":{"rendered":"https:\/\/mbsniezna.rzeszow.pl\/?p=5611"},"modified":"2018-12-09T19:19:16","modified_gmt":"2018-12-09T18:19:16","slug":"5611","status":"publish","type":"post","link":"https:\/\/mbsniezna.rzeszow.pl\/index.php\/2018\/12\/09\/5611\/","title":{"rendered":"Og\u0142oszenia na II Niedziel\u0119 Adwentu, 09.12.2018 r."},"content":{"rendered":"<p>II NIEDZIELA ADWENTU \u2013 OG\u0141OSZENIA<br \/>\n9 GRUDNIA 2018 R.<\/p>\n<p>1.\tW tygodniu Msze \u015bw. roratnie o godz. 18.00, zapraszamy doros\u0142ych, m\u0142odzie\u017c i dzieci.<\/p>\n<p>2.\tWe wtorek po Mszy spotkanie wszystkich ministrant\u00f3w i lektor\u00f3w.<\/p>\n<p>3.\tW czwartek wspomnienie \u015bw. \u0141ucji, od 17.15 adoracja i spowied\u017a.<\/p>\n<p>4.\tW pi\u0105tek wspomnienie \u015bw. Jana od Krzy\u017ca. Spotkanie oazy m\u0142odszej o 16.30, a starszej po Mszy \u015bw.<\/p>\n<p>5.\tW przysz\u0142\u0105 niedziel\u0119 po prymarii rozpocz\u0119cie nowenny do Dzieci\u0105tka Jezus, r\u00f3\u017caniec r\u00f3\u017ca Zofii Kap\u0142on. Na Msz\u0119 \u015bw. o 10.30 zapraszamy dzieci z zer\u00f3wek  wraz z rodzicami i wychowawcami \u2013 grupy 3 i 4 z Przedszkola nr 27 przy naszej szkole oraz dzieci z zer\u00f3wki z Przedszkola Si\u00f3str, b\u0119dzie po\u015bwi\u0119cenie i wr\u0119czenie figurek Bo\u017cego Dzieci\u0105tka. O 12.00 Msza \u015bw. dla rodzic\u00f3w z dzie\u0107mi.<\/p>\n<p>6.\tW przysz\u0142\u0105 niedziel\u0119 prosimy o comiesi\u0119czna sk\u0142adk\u0119 inwestycyjn\u0105. Docieplanie stropu ko\u015bcio\u0142a zosta\u0142o zako\u0144czone. Konserwacja i malowanie miejsc, kt\u00f3re przemarz\u0142y i pokry\u0142y si\u0119 ple\u015bni\u0105 planowane s\u0105 na miesi\u0105c luty.<\/p>\n<p>7.\tB\u00f3g zap\u0142a\u0107 za ofiary na sprz\u0105tanie ko\u015bcio\u0142a, w tym tygodniu z ul. Senatorskiej prosimy rodziny: Anny Telega, Bo\u017ceny Grabiec, Anny Pietrucha,  Zbigniewa Najda, Iwony Najda, Doroty F\u0105fara, Sabiny Peliszko, Krystyny S\u0142owik, Marzeny Knap, Sylwii Matejek, Ma\u0142gorzaty Chmiel, Renaty Rozborskiej.<\/p>\n<p>8.\tZapowiedzi: Zapowiedzi: Karol Mularz-Magdalena Pa\u0142ka (zap. II).<\/p>\n<p>9.\tOd jutra od godz. 17.00 przez najbli\u017csze dni nasi stra\u017cacy rozprowadza\u0107 b\u0119d\u0105 po domach stra\u017cackie kalendarze. Dobrowolne ofiary na funkcjonowanie stra\u017cy, kt\u00f3ra w przysz\u0142ym roku b\u0119dzie obchodzi\u0107 100-lecie istnienia. Prosimy o \u017cyczliwe przyj\u0119cie.<\/p>\n<p>10.\tW przysz\u0142\u0105 niedziel\u0119 w Domu Kultury \u201eBudziw\u00f3j\u201d w godz. od 10.00 do 16.00 b\u0119dzie II Budziwojski Kiermasz Bo\u017conarodzeniowy.<\/p>\n<p>11.\tDo przysz\u0142ej niedzieli prosimy  sk\u0142ada\u0107 s\u0142odycze dla dzieci z Domu Dziecka w ramach akcji \u201eS\u0142odkie \u015awi\u0119ta\u201d \u2013 kosz wystawiony jest przy obrazie \u015bw. Antoniego.<\/p>\n<p>12.\tW zakrystii mo\u017cemy nabywa\u0107 op\u0142atki na st\u00f3\u0142 wigilijny \u2013 dobrowolna ofiara na ogrzewanie ko\u015bcio\u0142a.<\/p>\n<p>13.\tDzisiaj modlitw\u0105 i ofiar\u0105 wspomagamy Ko\u015bci\u00f3\u0142 na Wschodzie \u2013 zbi\u00f3rka do puszek po Mszach \u015bw.<\/p>\n<p>14.\tW Rzeszowie wzrasta liczba \u015bmiertelnych wypadk\u00f3w z udzia\u0142em pieszych. Policja apeluje do pieszych o przechodzenie na przej\u015bciach i u\u017cywanie odblask\u00f3w, a do kierowc\u00f3w o szczeg\u00f3ln\u0105 ostro\u017cno\u015b\u0107 i kultur\u0119 w rejonie przej\u015b\u0107.<\/p>\n<p>Do u\u017cytku wewn\u0119trznego Parafii MB \u015anie\u017cnej w Rzeszowie!<\/p>\n","protected":false},"excerpt":{"rendered":"<p>&#8230;<\/p>\n","protected":false},"author":1,"featured_media":5467,"comment_status":"closed","ping_status":"open","sticky":false,"template":"","format":"standard","meta":{"ngg_post_thumbnail":0,"footnotes":""},"categories":[14],"tags":[],"class_list":["post-5611","post","type-post","status-publish","format-standard","has-post-thumbnail","hentry","category-ogloszenia_duszp"],"_links":{"self":[{"href":"https:\/\/mbsniezna.rzeszow.pl\/index.php\/wp-json\/wp\/v2\/posts\/5611","targetHints":{"allow":["GET"]}}],"collection":[{"href":"https:\/\/mbsniezna.rzeszow.pl\/index.php\/wp-json\/wp\/v2\/posts"}],"about":[{"href":"https:\/\/mbsniezna.rzeszow.pl\/index.php\/wp-json\/wp\/v2\/types\/post"}],"author":[{"embeddable":true,"href":"https:\/\/mbsniezna.rzeszow.pl\/index.php\/wp-json\/wp\/v2\/users\/1"}],"replies":[{"embeddable":true,"href":"https:\/\/mbsniezna.rzeszow.pl\/index.php\/wp-json\/wp\/v2\/comments?post=5611"}],"version-history":[{"count":3,"href":"https:\/\/mbsniezna.rzeszow.pl\/index.php\/wp-json\/wp\/v2\/posts\/5611\/revisions"}],"predecessor-version":[{"id":5614,"href":"https:\/\/mbsniezna.rzeszow.pl\/index.php\/wp-json\/wp\/v2\/posts\/5611\/revisions\/5614"}],"wp:featuredmedia":[{"embeddable":true,"href":"https:\/\/mbsniezna.rzeszow.pl\/index.php\/wp-json\/wp\/v2\/media\/5467"}],"wp:attachment":[{"href":"https:\/\/mbsniezna.rzeszow.pl\/index.php\/wp-json\/wp\/v2\/media?parent=5611"}],"wp:term":[{"taxonomy":"category","embeddable":true,"href":"https:\/\/mbsniezna.rzeszow.pl\/index.php\/wp-json\/wp\/v2\/categories?post=5611"},{"taxonomy":"post_tag","embeddable":true,"href":"https:\/\/mbsniezna.rzeszow.pl\/index.php\/wp-json\/wp\/v2\/tags?post=5611"}],"curies":[{"name":"wp","href":"https:\/\/api.w.org\/{rel}","templated":true}]}}