{"id":5618,"date":"2018-12-16T20:30:04","date_gmt":"2018-12-16T19:30:04","guid":{"rendered":"https:\/\/mbsniezna.rzeszow.pl\/?p=5618"},"modified":"2018-12-16T20:30:04","modified_gmt":"2018-12-16T19:30:04","slug":"ogloszenia-na-iii-niedziele-adwentu","status":"publish","type":"post","link":"https:\/\/mbsniezna.rzeszow.pl\/index.php\/2018\/12\/16\/ogloszenia-na-iii-niedziele-adwentu\/","title":{"rendered":"Og\u0142oszenia na III Niedziel\u0119 Adwentu"},"content":{"rendered":"<p>III NIEDZIELA ADWENTU \u2013 OG\u0141OSZENIA<br \/>\n16 GRUDNIA 2018 R.<\/p>\n<p>1.\tDzisiaj na prymarii rozpocz\u0119cie Nowenny do Dzieci\u0105tka Jezusa, nabo\u017ce\u0144stwo przy relikwiach \u015bw. Jana Paw\u0142a II. 76 dzieci z \u201ezer\u00f3wki\u201d na Mszy \u015bw. o 10.30 otrzyma figurki Bo\u017cego Dzieci\u0105tka.<\/p>\n<p>2.\tW tygodniu Msze \u015bw. roratnie o  godz. 18.00. Zapraszamy.<\/p>\n<p>3.\tWe wtorek zbi\u00f3rka dla wszystkich ministrant\u00f3w i lektor\u00f3w.<\/p>\n<p>4.\tW czwartek adoracja od 17.15.<\/p>\n<p>5.\tW sobot\u0119 dzie\u0144 spowiedzi adwentowej w naszej parafii. O 9.00 nabo\u017ce\u0144stwo pokutne w kt\u00f3rym staramy si\u0119 uczestniczy\u0107, spowied\u017a od 9.30 do 12.00 z przerw\u0105 od 10.30 do 11.00, za\u015b po po\u0142udniu spowied\u017a od 15.30 do 18.00 z przerw\u0105 od 17.00 do 17.30. Nie odk\u0142adajmy spowiedzi, jest to niejako ostatni dzwonek, aby wyspowiada\u0107 si\u0119 na \u015bwi\u0119ta. B\u0119dzie 17 spowiednik\u00f3w. Pami\u0119tajmy, aby mie\u0107 ze sob\u0105 ksi\u0105\u017ceczk\u0119 do nabo\u017ce\u0144stwa \u2013 potrzebna do zrobienia rachunku sumienia i odprawienia pokuty.<\/p>\n<p>6.\tW sobot\u0119 zaopatrzymy chorych na \u015bwi\u0119ta: o 8.30 Villa Seniora, a nast\u0119pnie chorzy po domach wg sta\u0142ego porz\u0105dku. Prosimy chorych zg\u0142asza\u0107 w zakrystii do pi\u0105tku.<\/p>\n<p>7.\tW przysz\u0142\u0105 niedziel\u0119 r\u00f3\u017caniec r\u00f3\u017ca Olgi Kotula. O 12.00 Msza \u015bw. dla rodzic\u00f3w z dzie\u0107mi.<\/p>\n<p>8.\tZapowiedzi: Karol Mularz \u2013 Magdalena Pa\u0142ka (zap. III).<\/p>\n<p>9.\tB\u00f3g zap\u0142a\u0107 za ofiary na sprz\u0105tanie i wystr\u00f3j ko\u015bcio\u0142a. W tym tygodniu z ul. Senatorskiej prosimy rodziny: Janiny S\u0142owik, Iwony Pezdan, Magdaleny D\u0105browskiej, Ma\u0142gorzaty \u015aliwi\u0144skiej, Anny Dymek, Teresy Gorczyca, Karoliny Winiarskiej, Marii Dubiel, Zofii Ra\u0142owskiej, Anny Pr\u0119dki, Agnieszki K\u0142oda, Bogus\u0142awy Bu\u0142at.<\/p>\n<p>10.\tPrzed\u015bwi\u0105teczne pr\u00f3by scholii: w pi\u0105tek o godz. 17.00 i w sobot\u0119 o 16.00 w salce pod ko\u015bcio\u0142em. Zapraszamy ca\u0142\u0105 schol\u0119 i dawne scholanki.<\/p>\n<p>11.\tW zakrystii mo\u017cemy zaopatrzy\u0107 si\u0119 w op\u0142atki na st\u00f3\u0142 wigilijny. Dobrowolne ofiary przeznaczone s\u0105 na ogrzewanie ko\u015bcio\u0142a. \u015awieczek wigilijnych ju\u017c nie ma.<\/p>\n<p>12.\tSerdecznie dzi\u0119kuj\u0119 ksi\u0119\u017com wsp\u00f3\u0142pracownikom, siostrom zakonnym, ch\u00f3rowi oraz parafianom, kt\u00f3rzy uczestniczyli w pi\u0105tek w Harcie w pogrzebie mojej mamy \u015bp. Anieli Lignowskiej, kt\u00f3rzy za ni\u0105 si\u0119 modlili i zam\u00f3wili intencje mszalne. B\u00f3g zap\u0142a\u0107!<\/p>\n<p>13.\tDzisiaj ko\u0144czymy zbi\u00f3rk\u0119 s\u0142odyczy dla dzieci z Domu Dziecka przy ul. Budziwojskiej. B\u00f3g zap\u0142a\u0107 wszystkim ofiarodawcom.<\/p>\n<p>14.\tDzisiaj w Domu Kultury \u201eBudziw\u00f3j\u201d w godz. od 10 do 16.00 odbywa si\u0119 \u201eII Budziwojski Kiermasz Bo\u017conarodzeniowy\u201d.<\/p>\n","protected":false},"excerpt":{"rendered":"<p>&#8230;<\/p>\n","protected":false},"author":1,"featured_media":5467,"comment_status":"closed","ping_status":"open","sticky":false,"template":"","format":"standard","meta":{"ngg_post_thumbnail":0,"footnotes":""},"categories":[14],"tags":[],"class_list":["post-5618","post","type-post","status-publish","format-standard","has-post-thumbnail","hentry","category-ogloszenia_duszp"],"_links":{"self":[{"href":"https:\/\/mbsniezna.rzeszow.pl\/index.php\/wp-json\/wp\/v2\/posts\/5618","targetHints":{"allow":["GET"]}}],"collection":[{"href":"https:\/\/mbsniezna.rzeszow.pl\/index.php\/wp-json\/wp\/v2\/posts"}],"about":[{"href":"https:\/\/mbsniezna.rzeszow.pl\/index.php\/wp-json\/wp\/v2\/types\/post"}],"author":[{"embeddable":true,"href":"https:\/\/mbsniezna.rzeszow.pl\/index.php\/wp-json\/wp\/v2\/users\/1"}],"replies":[{"embeddable":true,"href":"https:\/\/mbsniezna.rzeszow.pl\/index.php\/wp-json\/wp\/v2\/comments?post=5618"}],"version-history":[{"count":1,"href":"https:\/\/mbsniezna.rzeszow.pl\/index.php\/wp-json\/wp\/v2\/posts\/5618\/revisions"}],"predecessor-version":[{"id":5619,"href":"https:\/\/mbsniezna.rzeszow.pl\/index.php\/wp-json\/wp\/v2\/posts\/5618\/revisions\/5619"}],"wp:featuredmedia":[{"embeddable":true,"href":"https:\/\/mbsniezna.rzeszow.pl\/index.php\/wp-json\/wp\/v2\/media\/5467"}],"wp:attachment":[{"href":"https:\/\/mbsniezna.rzeszow.pl\/index.php\/wp-json\/wp\/v2\/media?parent=5618"}],"wp:term":[{"taxonomy":"category","embeddable":true,"href":"https:\/\/mbsniezna.rzeszow.pl\/index.php\/wp-json\/wp\/v2\/categories?post=5618"},{"taxonomy":"post_tag","embeddable":true,"href":"https:\/\/mbsniezna.rzeszow.pl\/index.php\/wp-json\/wp\/v2\/tags?post=5618"}],"curies":[{"name":"wp","href":"https:\/\/api.w.org\/{rel}","templated":true}]}}