{"id":5631,"date":"2018-12-23T17:09:33","date_gmt":"2018-12-23T16:09:33","guid":{"rendered":"https:\/\/mbsniezna.rzeszow.pl\/?p=5631"},"modified":"2018-12-23T17:10:18","modified_gmt":"2018-12-23T16:10:18","slug":"intencje-mszalne-24-12-2018-30-12-2018","status":"publish","type":"post","link":"https:\/\/mbsniezna.rzeszow.pl\/index.php\/2018\/12\/23\/intencje-mszalne-24-12-2018-30-12-2018\/","title":{"rendered":"Intencje mszalne 24.12.2018 \u2013 30.12.2018"},"content":{"rendered":"<p><strong>Poniedzia\u0142ek: 24.12<\/strong><\/p>\n<table width=\"0\">\n<tbody>\n<tr>\n<td width=\"76\">7.00<\/td>\n<td width=\"624\">1. + Adam Dudek, Wiktoria, ++ z rodziny<\/p>\n<p>2. + Jan Warcho\u0142 od rodziny Bobowskich<\/p>\n<p>3. + Eugeniusz Pa\u0142ka od c\u00f3rki<\/p>\n<p><em>+ Agnieszka Homik (24) od Basar\u00f3w i Kaszub\u00f3w ze Zg\u0142obnia \u2013 Tarnoszyn<\/em><\/p>\n<p><em>+ Bronis\u0142awa Warcho\u0142 (24) od Danuty i Zdzis\u0142awa Prokop- Mo\u0142dawia<\/em><\/td>\n<\/tr>\n<\/tbody>\n<\/table>\n<p><strong>BO\u017bE NARODZENIE 25.12<\/strong><\/p>\n<table width=\"0\">\n<tbody>\n<tr>\n<td width=\"76\">0.00<\/td>\n<td width=\"624\">1. + Za parafian \u017cywych i zmar\u0142ych<\/p>\n<p>2. + Andrzej Bilski od syna Mariusza z rodzin\u0105<\/p>\n<p>3. + Danuta Bednarz od c\u00f3rki Agnieszki z rodzin\u0105<\/p>\n<p>4. + Zofia Bana\u015b od siostry Ewy<\/td>\n<\/tr>\n<tr>\n<td width=\"76\">7.00<\/td>\n<td width=\"624\">1. + Adam, Stefania, Tadeusz Rzeszutek<\/td>\n<\/tr>\n<tr>\n<td width=\"76\">9.00<\/td>\n<td width=\"624\">1. + Grzegorz Myrda<\/td>\n<\/tr>\n<tr>\n<td width=\"76\">10.30<\/td>\n<td width=\"624\">1 + Andrzej Procyk<\/p>\n<p>2.+ Mieczys\u0142aw Basiura (2 rocz.) od c\u00f3rek Anny i Iwony<\/td>\n<\/tr>\n<tr>\n<td width=\"76\">12.00<\/td>\n<td width=\"624\">1. + Maria, J\u00f3zef Bury, ++ z rodziny<\/p>\n<p><em>+ Agnieszka Homik (25) od Drozd\u00f3w ze Zg\u0142obnia &#8211; Tarnoszyn<\/em><\/p>\n<p><em>+ Bronis\u0142awa Warcho\u0142 (25) od rodziny Rzemieniec &#8211; Mo\u0142dawia<\/em><\/td>\n<\/tr>\n<\/tbody>\n<\/table>\n<p><strong>\u015aW. SZCZEPANA&nbsp; 26.12<\/strong><\/p>\n<table width=\"0\">\n<tbody>\n<tr>\n<td width=\"76\">7.00<\/td>\n<td width=\"624\">1. Dzi\u0119kczynna&nbsp; i&nbsp; o Bo\u017ce b\u0142og. dla Marii i J\u00f3zefa G\u0142odowskich w 50-lecie ma\u0142\u017ce\u0144stwa<\/td>\n<\/tr>\n<tr>\n<td width=\"76\">9.00<\/td>\n<td width=\"624\">1. + Stanis\u0142aw, Wies\u0142awa Piekie\u0142ek; Gra\u017cyna Paluch, Dariusz Surowiec<\/p>\n<p>2. O szcz\u0119\u015bliwe rozwi\u0105zanie oraz o zdrowie dla Anny i dziecka<\/td>\n<\/tr>\n<tr>\n<td width=\"76\">10.30<\/td>\n<td width=\"624\">1. W intencjach Zygmunta<\/p>\n<p>2. O Bo\u017ce b\u0142og. dla Juliana i jego rodzic\u00f3w<\/td>\n<\/tr>\n<tr>\n<td width=\"76\">12.00<\/td>\n<td width=\"624\">1 + Antoni G\u0142odowski<\/p>\n<p>2. Dzi\u0119kczynna i o Bo\u017ce b\u0142og.dla Zofii i Czes\u0142awa Rojek w 50-lecie ma\u0142\u017ce\u0144stwa<\/p>\n<p><em>+ Agnieszka Homik (26) od Firmy Autokompex &#8211; Tarnoszyn<\/em><\/p>\n<p><em>+ Bronis\u0142awa Warcho\u0142 (26) od Ma\u0142gorzaty Przyby\u0142o &#8211; Mo\u0142dawia<\/em><\/td>\n<\/tr>\n<\/tbody>\n<\/table>\n<p><strong>Czwartek 27.12<\/strong><\/p>\n<table width=\"0\">\n<tbody>\n<tr>\n<td width=\"76\">7.00<\/td>\n<td width=\"624\">1. + Les\u0142aw Matu\u0142a od kuzyna Mateusza<\/p>\n<p>2. + Anna Piekie\u0142ek od Jopk\u00f3w z Pu\u0142anku<\/p>\n<p>3. + Aleksandra Pr\u0119dka od wnuczki Marzeny z rodz.<\/td>\n<\/tr>\n<tr>\n<td width=\"76\">18.00<\/td>\n<td width=\"624\">1. + Janusz Najda od Doroty Prokop z rodzin\u0105<\/p>\n<p><em>+ Agnieszka Homik (27) od rodziny Grub\u00f3w z Siedlisk \u2013 Tarnoszyn<\/em><\/p>\n<p><em>+ Bronis\u0142awa Warcho\u0142 (27) od Zofii Szwed z rodzin\u0105 &#8211; Mo\u0142dawia<\/em><\/td>\n<\/tr>\n<\/tbody>\n<\/table>\n<p>&nbsp;<strong>Pi\u0105tek: 28.12<\/strong><\/p>\n<table width=\"0\">\n<tbody>\n<tr>\n<td width=\"76\">7.00<\/td>\n<td width=\"624\">1. + Pa\u0142ka Tadeusz (24 rocz.)<\/p>\n<p>2. + Andrzej Bilski od siostry Marii Pud\u0142o z rodz.<\/p>\n<p>3. + Danuta Bednarz od c\u00f3rki Agnieszki z rodz.<\/td>\n<\/tr>\n<tr>\n<td width=\"76\">18.00<\/td>\n<td width=\"624\">1. + Eugeniusz Pitera od wnuczka Micha\u0142a<\/p>\n<p><em>+ Agnieszka Homik (28))&nbsp; od Domu Zdrowia z B\u0142a\u017cowej- Tarnoszyn<\/em><\/p>\n<p><em>+ Bronis\u0142awa Warcho\u0142 (28) \u2013 od rodziny \u015alusarczyk &#8211; Mo\u0142dawia<\/em><\/td>\n<\/tr>\n<\/tbody>\n<\/table>\n<p><strong>Sobota: 29.12<\/strong><\/p>\n<table width=\"0\">\n<tbody>\n<tr>\n<td width=\"76\">7.00<\/td>\n<td width=\"624\">1. + Zofia Skoczylas od rodziny Warcho\u0142\u00f3w<\/p>\n<p>2. + Pawe\u0142 Huchla od Ryszardy z rodzin\u0105<\/p>\n<p>3. + Anna Kukla od brata<\/td>\n<\/tr>\n<tr>\n<td width=\"76\">18.00<\/td>\n<td width=\"624\">1. + Adam Garlak od zony Izy<\/p>\n<p><em>+ Agnieszka Homik (29) od Firmy Full-Car \u2013 Tarnoszyn<\/em><\/p>\n<p><em>+ Bronis\u0142awa Warcho\u0142 (29) od rodz. O\u017cy\u0142o- Mo\u0142dawia<\/em><\/td>\n<\/tr>\n<\/tbody>\n<\/table>\n<p><strong>NIEDZIELA: 30.12<\/strong><\/p>\n<table width=\"0\">\n<tbody>\n<tr>\n<td width=\"76\">7.00<\/td>\n<td width=\"624\">1. + Eugeniusz Pa\u0142ka w dniu imienin&nbsp;&nbsp;&nbsp;&nbsp;&nbsp;&nbsp;&nbsp;&nbsp;&nbsp;&nbsp;&nbsp;&nbsp;&nbsp;&nbsp;&nbsp;&nbsp;&nbsp;&nbsp;&nbsp;&nbsp;&nbsp;&nbsp;&nbsp;&nbsp;&nbsp;&nbsp;&nbsp;&nbsp;&nbsp;&nbsp;&nbsp;&nbsp;&nbsp;&nbsp;&nbsp;&nbsp;<\/td>\n<\/tr>\n<tr>\n<td width=\"76\">9.00<\/td>\n<td width=\"624\">1. O b\u0142og. Bo\u017ce dla Bartosza w 18 urodziny<\/p>\n<p>2. + Andrzej Procyk (2 rocz.) od rodziny<\/td>\n<\/tr>\n<tr>\n<td width=\"76\">10.30<\/td>\n<td width=\"624\">1. + Stefan Rzeszutko (1 rocz.)<\/p>\n<p>2. + Franciszek Go\u015b, ++ z rodziny<\/td>\n<\/tr>\n<tr>\n<td width=\"76\">12.00<\/td>\n<td width=\"624\">1 + Za parafian \u017cywych i zmar\u0142ych<\/p>\n<p><em>+ Agnieszka Homik (30) od Firmy Full-Car- Tarnoszyn- zako\u0144czenie Mszy gregoria\u0144skich<\/em><\/p>\n<p><em>+ Bronis\u0142awa Warcho\u0142 (30) od Marii Gliwa z rodzin\u0105 \u2013 Mo\u0142dawia \u2013 zako\u0144czenie Mszy gregoria\u0144skich<\/em><\/td>\n<\/tr>\n<tr>\n<td width=\"76\">16.00<\/td>\n<td width=\"624\">1. + Eugeniusz Pa\u015bko<\/td>\n<\/tr>\n<tr>\n<td width=\"76\">18.00<\/td>\n<td width=\"624\">1. + Helena, Maria, Micha\u0142 Skiba<\/td>\n<\/tr>\n<\/tbody>\n<\/table>\n<p>Do u\u017cytku wewn\u0119trznego Parafii MB \u015anie\u017cnej w Rzeszowie!<\/p>\n","protected":false},"excerpt":{"rendered":"<p>&#8230;<\/p>\n","protected":false},"author":1,"featured_media":4412,"comment_status":"closed","ping_status":"open","sticky":false,"template":"","format":"standard","meta":{"ngg_post_thumbnail":0,"footnotes":""},"categories":[4],"tags":[],"class_list":["post-5631","post","type-post","status-publish","format-standard","has-post-thumbnail","hentry","category-intencje"],"_links":{"self":[{"href":"https:\/\/mbsniezna.rzeszow.pl\/index.php\/wp-json\/wp\/v2\/posts\/5631","targetHints":{"allow":["GET"]}}],"collection":[{"href":"https:\/\/mbsniezna.rzeszow.pl\/index.php\/wp-json\/wp\/v2\/posts"}],"about":[{"href":"https:\/\/mbsniezna.rzeszow.pl\/index.php\/wp-json\/wp\/v2\/types\/post"}],"author":[{"embeddable":true,"href":"https:\/\/mbsniezna.rzeszow.pl\/index.php\/wp-json\/wp\/v2\/users\/1"}],"replies":[{"embeddable":true,"href":"https:\/\/mbsniezna.rzeszow.pl\/index.php\/wp-json\/wp\/v2\/comments?post=5631"}],"version-history":[{"count":2,"href":"https:\/\/mbsniezna.rzeszow.pl\/index.php\/wp-json\/wp\/v2\/posts\/5631\/revisions"}],"predecessor-version":[{"id":5633,"href":"https:\/\/mbsniezna.rzeszow.pl\/index.php\/wp-json\/wp\/v2\/posts\/5631\/revisions\/5633"}],"wp:featuredmedia":[{"embeddable":true,"href":"https:\/\/mbsniezna.rzeszow.pl\/index.php\/wp-json\/wp\/v2\/media\/4412"}],"wp:attachment":[{"href":"https:\/\/mbsniezna.rzeszow.pl\/index.php\/wp-json\/wp\/v2\/media?parent=5631"}],"wp:term":[{"taxonomy":"category","embeddable":true,"href":"https:\/\/mbsniezna.rzeszow.pl\/index.php\/wp-json\/wp\/v2\/categories?post=5631"},{"taxonomy":"post_tag","embeddable":true,"href":"https:\/\/mbsniezna.rzeszow.pl\/index.php\/wp-json\/wp\/v2\/tags?post=5631"}],"curies":[{"name":"wp","href":"https:\/\/api.w.org\/{rel}","templated":true}]}}