{"id":5634,"date":"2018-12-23T17:11:41","date_gmt":"2018-12-23T16:11:41","guid":{"rendered":"https:\/\/mbsniezna.rzeszow.pl\/?p=5634"},"modified":"2018-12-23T17:12:14","modified_gmt":"2018-12-23T16:12:14","slug":"5634","status":"publish","type":"post","link":"https:\/\/mbsniezna.rzeszow.pl\/index.php\/2018\/12\/23\/5634\/","title":{"rendered":"Og\u0142oszenia na IV Niedziel\u0119 Adwentu, 23.12.2018 r."},"content":{"rendered":"<p>IV NIEDZIELA ADWENTU \u2013 OG\u0141OSZENIA<br \/>\n23 GRUDNIA 2018 R. <\/p>\n<p>1.\tZako\u0144czy\u0142y si\u0119 tegoroczne roraty. Dzi\u0119kujemy wszystkim, kt\u00f3rzy licznie przybywali na wsp\u00f3ln\u0105 modlitw\u0119, dzi\u0119kujemy rodzicom i dziadkom, kt\u00f3rzy przyprowadzali dzieci z lampionami. Serdecznie dzi\u0119kujemy ks. Damianowi, kt\u00f3ry ka\u017cdego dnia wyg\u0142asza\u0142 s\u0142owo do doros\u0142ych i do dzieci wg programu \u201eZ Duchem Twoim\u201d.<\/p>\n<p>2.\tJutro Msza \u015bw. tylko rano o 7.00. Spowied\u017a p\u00f3\u0142 godziny przed Msz\u0105 i p\u00f3\u0142 godziny po Mszy \u015bw. Potem sprz\u0105tanie i dekorowanie ko\u015bcio\u0142a na \u015bwi\u0119ta.<\/p>\n<p>3.\tJutro wieczorem w naszych rodzinach wieczerza wigilijna, kt\u00f3ra powinna si\u0119 rozpocz\u0105\u0107 liturgi\u0105 domow\u0105: odczytanie Ewangelii o narodzeniu Pana Jezusa, modlitwa za \u017cywych i zmar\u0142ych cz\u0142onk\u00f3w rodziny, \u017cyczenia, dzielenie si\u0119 op\u0142atkiem, \u015bpiew kol\u0119d. Tradycja nakazuje potrawy bezmi\u0119sne i powstrzymanie si\u0119 od alkoholu. W wigili\u0119 staramy si\u0119  te\u017c nawiedzi\u0107 groby naszych zmar\u0142ych.<\/p>\n<p>4.\tWe wtorek Uroczysto\u015b\u0107 Bo\u017cego Narodzenia, przed pasterk\u0105 o 23.40 ch\u00f3r i schola zaprezentuj\u0105 kilka kol\u0119d \u2013 zapraszamy, o p\u00f3\u0142nocy Pasterka \u2013 sk\u0142adka na Fundusz Obrony \u017bycia, pozosta\u0142e Msze \u015bw. w porz\u0105dku niedzielnym tylko do po\u0142udnia.<\/p>\n<p>5.\tW \u015brod\u0119  drugi dzie\u0144 \u015bwi\u0105t Bo\u017cego Narodzenia, wspomnienie \u015bw. Szczepana \u2013 Msze \u015bw. w porz\u0105dku niedzielnym  tylko do po\u0142udnia \u2013 sk\u0142adka na Instytut Teologiczny. Po Mszy o 12.00 szafarze zanios\u0105 Komunie chorym.<\/p>\n<p>6.\tW czwartek \u015bw. Jana Ap. \u2013 po\u015bwi\u0119cenie wina, adoracja od 17.15, imieniny bpa Jana.<\/p>\n<p>7.\tW przysz\u0142\u0105 niedziel\u0119 \u015awi\u0119to \u015awi\u0119tej Rodziny. R\u00f3\u017caniec r\u00f3\u017ca Marii Mr\u00f3z.<\/p>\n<p>8.\tB\u00f3g zap\u0142a\u0107 za sk\u0142adk\u0119 inwestycyjn\u0105 z ubieg\u0142ej niedzieli, kt\u00f3ra wynios\u0142a 11 000 z\u0142, dzi\u0119kujemy za ofiary sk\u0142adane w inne niedziele i wp\u0142acane na konto.<\/p>\n<p>9.\tB\u00f3g zap\u0142a\u0107 za ofiary na sprz\u0105tanie ko\u015bcio\u0142a, w tym tygodniu z ul. Senatorskiej prosimy rodziny: Ewy Lipiec, Anny P\u00f3\u0142ch\u0142opek, Anity Zygmunt, Ma\u0142gorzaty Mitka, Marcina K\u0119dzierskiego, Anety Ko\u015bci\u00f3\u0142ek, Iwony Gliwa, Wioletty Drozd, Ma\u0142gorzaty Inglot, Anny Znojek, Jadwigi Snela, Marty Pinda.<\/p>\n<p>10.\tW zakrystii  s\u0105 op\u0142atki wigilijne. Dobrowolna ofiara na ogrzewanie ko\u015bcio\u0142a.<\/p>\n<p>11.\tW czwartek rozpoczynamy duszpasterskie odwiedziny rodzin. Na kol\u0119d\u0119 prosimy przygotowa\u0107 st\u00f3\u0142 z bia\u0142ym obrusem, a na nim krzy\u017c, \u015bwiece, Pismo \u015bw., wod\u0119 \u015bwi\u0119con\u0105 i kropid\u0142o. Ofiary kol\u0119dowe mo\u017cemy sk\u0142ada\u0107 w ko\u015bciele kopertach na tac\u0119 \u2013 z zaznaczeniem, \u017ce jest to ofiara kol\u0119dowa. Plan kol\u0119dy w tym tygodniu:<\/p>\n<p>Czwartek \u2013 27 grudnia od godz.9.00<br \/>\n1) Podle\u015bna od Lubeni do numer\u00f3w 147 i 84, Przylasek, Jarz\u0119binowa, Liliowa \u2013 ks. Damian;<br \/>\n2) Nadziei, Laskowa \u2013 ks. Pawe\u0142;<br \/>\n3) Podle\u015bna od 137 do 35 oraz parzyste 46,44,26 i Podlesie \u2013 ks. proboszcz<\/p>\n<p>Pi\u0105tek- 28 grudnia<br \/>\n1)\tDoko\u0144czenie Podle\u015bnej od nr 1 \u2013 od godz.  16.00 \u2013 ks. Pawe\u0142<br \/>\n2)\tBudziwojska od Siedlisk nieparzyste od 549 do mostu i parzyste od 218 do 230 \u2013 od godz. 9.00 \u2013 ks. Damian<br \/>\n3)\tBudziwojska od Siedlisk parzyste od 398 do 234 \u2013 od godz.  9.00 \u2013 ks. proboszcz<\/p>\n<p>Sobota \u2013 29 grudnia od godz. 9.00<br \/>\n1)\tBudziwojska parzyste od 214 do 118, Por\u0105bki 1,2,9 \u2013 ks. proboszcz<br \/>\n2)\tBudziwojska nieparzyste od 399  do 293 &#8211; ks. Damian<br \/>\n3)\tStudzianki od Hermanowej, Poziomkowa, G\u00f3ra \u2013 ks. Pawe\u0142<\/p>\n<p>Do u\u017cytku wewn\u0119trznego Parafii MB \u015anie\u017cnej w Rzeszowie!<\/p>\n","protected":false},"excerpt":{"rendered":"<p>&#8230;<\/p>\n","protected":false},"author":1,"featured_media":5488,"comment_status":"closed","ping_status":"open","sticky":false,"template":"","format":"standard","meta":{"ngg_post_thumbnail":0,"footnotes":""},"categories":[14],"tags":[],"class_list":["post-5634","post","type-post","status-publish","format-standard","has-post-thumbnail","hentry","category-ogloszenia_duszp"],"_links":{"self":[{"href":"https:\/\/mbsniezna.rzeszow.pl\/index.php\/wp-json\/wp\/v2\/posts\/5634","targetHints":{"allow":["GET"]}}],"collection":[{"href":"https:\/\/mbsniezna.rzeszow.pl\/index.php\/wp-json\/wp\/v2\/posts"}],"about":[{"href":"https:\/\/mbsniezna.rzeszow.pl\/index.php\/wp-json\/wp\/v2\/types\/post"}],"author":[{"embeddable":true,"href":"https:\/\/mbsniezna.rzeszow.pl\/index.php\/wp-json\/wp\/v2\/users\/1"}],"replies":[{"embeddable":true,"href":"https:\/\/mbsniezna.rzeszow.pl\/index.php\/wp-json\/wp\/v2\/comments?post=5634"}],"version-history":[{"count":2,"href":"https:\/\/mbsniezna.rzeszow.pl\/index.php\/wp-json\/wp\/v2\/posts\/5634\/revisions"}],"predecessor-version":[{"id":5636,"href":"https:\/\/mbsniezna.rzeszow.pl\/index.php\/wp-json\/wp\/v2\/posts\/5634\/revisions\/5636"}],"wp:featuredmedia":[{"embeddable":true,"href":"https:\/\/mbsniezna.rzeszow.pl\/index.php\/wp-json\/wp\/v2\/media\/5488"}],"wp:attachment":[{"href":"https:\/\/mbsniezna.rzeszow.pl\/index.php\/wp-json\/wp\/v2\/media?parent=5634"}],"wp:term":[{"taxonomy":"category","embeddable":true,"href":"https:\/\/mbsniezna.rzeszow.pl\/index.php\/wp-json\/wp\/v2\/categories?post=5634"},{"taxonomy":"post_tag","embeddable":true,"href":"https:\/\/mbsniezna.rzeszow.pl\/index.php\/wp-json\/wp\/v2\/tags?post=5634"}],"curies":[{"name":"wp","href":"https:\/\/api.w.org\/{rel}","templated":true}]}}