{"id":5667,"date":"2019-01-20T10:02:36","date_gmt":"2019-01-20T09:02:36","guid":{"rendered":"https:\/\/mbsniezna.rzeszow.pl\/?p=5667"},"modified":"2019-01-20T10:02:57","modified_gmt":"2019-01-20T09:02:57","slug":"intencje-mszalne-21-01-27-01-2019","status":"publish","type":"post","link":"https:\/\/mbsniezna.rzeszow.pl\/index.php\/2019\/01\/20\/intencje-mszalne-21-01-27-01-2019\/","title":{"rendered":"Intencje mszalne 21.01 \u2013 27.01.2019"},"content":{"rendered":"<p><strong>Poniedzia\u0142ek: 21.01<\/strong><\/p>\n<table width=\"0\">\n<tbody>\n<tr>\n<td width=\"76\">7.00<\/td>\n<td width=\"624\">1. + Agnieszka Homik<\/p>\n<p>2. + Les\u0142aw Matu\u0142a od cioci Zofii z Podlesia<\/p>\n<p>3. + Anna Piekie\u0142ek od Micha\u0142a Kotula z rodz.<\/td>\n<\/tr>\n<tr>\n<td width=\"76\">18.00<\/td>\n<td width=\"624\">1. + Genowefa, Eugeniusz Tondera<\/p>\n<p><em>+ Kamil Fornal (21) od rodziny Dudk\u00f3w- DDTabor<\/em><\/p>\n<p><em>+ Adam Garlak (6) od pracownik\u00f3w Firmy Igar -DKS<\/em><\/p>\n<p><em>+ Piotr Mi\u0105sik od w\u0142a\u015bcicieli Villa Seniora \u2013 Hajfa (Izrael)<\/em><\/td>\n<\/tr>\n<\/tbody>\n<\/table>\n<p><strong>Wtorek: 22.01<\/strong><\/p>\n<table width=\"0\">\n<tbody>\n<tr>\n<td width=\"76\">7.00<\/td>\n<td width=\"624\">1. + Aniela Lignowska od uczestnik\u00f3w pogrzebu z Budziwoja<\/p>\n<p>2. + Aleksandra Pr\u0119dka od rodziny Boczar\u00f3w<\/p>\n<p>3. + Andrzej Bilski od rodziny P\u0142odze\u0144<\/td>\n<\/tr>\n<tr>\n<td width=\"76\">18.00<\/td>\n<td width=\"624\">1. + O zdrowie dla Joanny<\/p>\n<p><em>+ Kamil Fornal (22) od kole\u017canek z oddzia\u0142u neonatologii Szpitala Pro Familia- DDTabor<\/em><\/p>\n<p><em>+ Adam Garlak (7) od pracownik\u00f3w Firmy Igar- DKS<\/em><\/p>\n<p><em>+ Piotr Mi\u0105sik od pracownik\u00f3w Villi Seniora \u2013 Hajfa (Izrael)<\/em><\/td>\n<\/tr>\n<\/tbody>\n<\/table>\n<p>&nbsp;<strong>\u015aroda: 23.01<\/strong><\/p>\n<table width=\"0\">\n<tbody>\n<tr>\n<td width=\"76\">7.00<\/td>\n<td width=\"624\">1. + Eugeniusz Pitera od bratanicy Agaty z rodzin\u0105<\/p>\n<p>2. + Marian drewniak od Justyny i Macieja Nowak<\/p>\n<p>3. +&nbsp; Danuta Bednarz od brata Zbigniewa z rodzin\u0105<\/td>\n<\/tr>\n<tr>\n<td width=\"76\">18.00<\/td>\n<td width=\"624\">1. O b\u0142og. Bo\u017ce dla Kingi i Jerzego w dniu urodzin<\/p>\n<p><em>+ Adam Garlak (8 )od pracownik\u00f3w Firmy Igar\u2013 Dom Ksi\u0119\u017cy Senior\u00f3w w Rzeszowie<\/em><\/p>\n<p><em>+ Kamil Fornal (23)- od kole\u017canek z oddzia\u0142u neonatologii Szpitala Pro Familia \u2013 DDTabor<\/em><\/p>\n<p><em>+ Piotr Mi\u0105sik od pracownik\u00f3w Villi Seniora \u2013 Hajfa (Izrael)<\/em><\/td>\n<\/tr>\n<\/tbody>\n<\/table>\n<p><strong>Czwartek: 24.01<\/strong><\/p>\n<table width=\"0\">\n<tbody>\n<tr>\n<td width=\"76\">7.00<\/td>\n<td width=\"624\">1. + Zofia Skoczylas od rodziny Ro\u017ckiewicz<\/p>\n<p>2. + Maksymilian Ciebiera od rodziny Sikor\u00f3w<\/p>\n<p>3. + Pawe\u0142 Huchla od rodziny Morycz<\/td>\n<\/tr>\n<tr>\n<td width=\"76\">18.00<\/td>\n<td width=\"624\">1. + Marian Wr\u00f3bel<\/p>\n<p><em>+ Adam Garlak (9) \u2013 od pracownik\u00f3w Firmy Igar &#8211; DKS<\/em><\/p>\n<p><em>+ Kamil Fornal (24) od kole\u017canek z oddzia\u0142u neonatologii Szpitala Pro Familia \u2013 DDTabor<\/em><\/p>\n<p><em>+ Piotr Mi\u0105sik od koleg\u00f3w z pracy z Firmy Borek Drinks \u2013 Hajfa (Izrael)<\/em><\/td>\n<\/tr>\n<\/tbody>\n<\/table>\n<p><strong>Pi\u0105tek: 25.01<\/strong><\/p>\n<table width=\"0\">\n<tbody>\n<tr>\n<td width=\"76\">7.00<\/td>\n<td width=\"624\">1.&nbsp; + Andrzej Szymkowski od siostry Anny z rodz.&nbsp; \u2013 zako\u0144czenie Mszy pogrzebowych<\/p>\n<p>2. +&nbsp; Teresa Borowiec od rodziny Gawron<\/p>\n<p>3. + Janusz Bury od rodziny Szcz\u0119ch<\/td>\n<\/tr>\n<tr>\n<td width=\"76\">18.00<\/td>\n<td width=\"624\">1.&nbsp; + Piotr Mi\u0105sik od rodziny Kotowicz i Ferenc<\/p>\n<p><em>+ Adam Garlak (10) od pracownik\u00f3w Firmy Igar &#8211; DKS<\/em><\/p>\n<p><em>+ Kamil Fornal (25) od Ewy Jachna z rodzin\u0105 \u2013 DDTabor<\/em><\/p>\n<p><em>+ Piotr Mi\u0105sik od koleg\u00f3w z pracy z Firmy Borek Drinks \u2013 Hajfa (Izrael)<\/em><\/td>\n<\/tr>\n<\/tbody>\n<\/table>\n<p><strong>Sobota: 26.01<\/strong><\/p>\n<table width=\"0\">\n<tbody>\n<tr>\n<td width=\"76\">7.00<\/td>\n<td width=\"624\">1. + Bronis\u0142aw B\u0142o\u0144ski (10 rocz.)<\/p>\n<p>2. + Stefan Rzeszutko od wnuk\u00f3w<\/p>\n<p>3. + Anna Kukla od wnuka Konrada<\/td>\n<\/tr>\n<tr>\n<td width=\"76\">18.00<\/td>\n<td width=\"624\">1. + Edward, Helena pa\u015bkiewicz od wnuk\u00f3w<\/p>\n<p><em>+ Adam Garlak (11) od pracownik\u00f3w Firmy Igar &#8211; DKS<\/em><\/p>\n<p><em>+ Kamil Fornal (26) od rodziny Borowiec i Luba\u015b &nbsp;&#8211; DDTabor<\/em><\/p>\n<p><em>+ Piotr Mi\u0105sik od koleg\u00f3w z pracy z Firmy Borek Drinks \u2013 Hajfa (Izrael)<\/em><\/td>\n<\/tr>\n<\/tbody>\n<\/table>\n<p><strong>NIEDZIELA: 27.01<\/strong><\/p>\n<table width=\"0\">\n<tbody>\n<tr>\n<td width=\"76\">7.00<\/td>\n<td width=\"624\">1.&nbsp; + Anna, Mieczys\u0142aw Czwarno<\/td>\n<\/tr>\n<tr>\n<td width=\"76\">9.00<\/td>\n<td width=\"624\">1. + Helena, Jan Grzebyk<\/p>\n<p>2. + Aniela, Pawe\u0142 Kozik, ++ z rodz. Dr\u0105\u017cek<\/td>\n<\/tr>\n<tr>\n<td width=\"76\">10.30<\/td>\n<td width=\"624\">1. + Dzi\u0119kczynno-b\u0142agalna w 25-lecie \u015blubu Joanny i Mariusza Pa\u0142ka<\/td>\n<\/tr>\n<tr>\n<td width=\"76\">12.00<\/td>\n<td width=\"624\">1 + Za parafian \u017cywych i zmar\u0142ych<\/p>\n<p><em>+ Adam Garlak (12) od Aleksandra i Zygmunta Szala- DKS<\/em><\/p>\n<p><em>+ Kamil Fornal (27) od ciotki Heleny \u2013 DDTabor<\/em><\/p>\n<p><em>+ Piotr Mi\u0105sik od koleg\u00f3w z pracy z Firmy Borek Drinks \u2013 Hajfa (Izrael)<\/em><\/td>\n<\/tr>\n<tr>\n<td width=\"76\">16.00<\/td>\n<td width=\"624\">1. + Marian Borowiec (3 rocz.)<\/td>\n<\/tr>\n<tr>\n<td width=\"76\">18.00<\/td>\n<td width=\"624\">1. + Antoni Chuchla (3 rocz.), W\u0142adys\u0142awa i Tadeusz Korbecki<\/td>\n<\/tr>\n<\/tbody>\n<\/table>\n","protected":false},"excerpt":{"rendered":"<p>&#8230;<\/p>\n","protected":false},"author":1,"featured_media":5479,"comment_status":"closed","ping_status":"open","sticky":false,"template":"","format":"standard","meta":{"ngg_post_thumbnail":0,"footnotes":""},"categories":[4],"tags":[],"class_list":["post-5667","post","type-post","status-publish","format-standard","has-post-thumbnail","hentry","category-intencje"],"_links":{"self":[{"href":"https:\/\/mbsniezna.rzeszow.pl\/index.php\/wp-json\/wp\/v2\/posts\/5667","targetHints":{"allow":["GET"]}}],"collection":[{"href":"https:\/\/mbsniezna.rzeszow.pl\/index.php\/wp-json\/wp\/v2\/posts"}],"about":[{"href":"https:\/\/mbsniezna.rzeszow.pl\/index.php\/wp-json\/wp\/v2\/types\/post"}],"author":[{"embeddable":true,"href":"https:\/\/mbsniezna.rzeszow.pl\/index.php\/wp-json\/wp\/v2\/users\/1"}],"replies":[{"embeddable":true,"href":"https:\/\/mbsniezna.rzeszow.pl\/index.php\/wp-json\/wp\/v2\/comments?post=5667"}],"version-history":[{"count":2,"href":"https:\/\/mbsniezna.rzeszow.pl\/index.php\/wp-json\/wp\/v2\/posts\/5667\/revisions"}],"predecessor-version":[{"id":5669,"href":"https:\/\/mbsniezna.rzeszow.pl\/index.php\/wp-json\/wp\/v2\/posts\/5667\/revisions\/5669"}],"wp:featuredmedia":[{"embeddable":true,"href":"https:\/\/mbsniezna.rzeszow.pl\/index.php\/wp-json\/wp\/v2\/media\/5479"}],"wp:attachment":[{"href":"https:\/\/mbsniezna.rzeszow.pl\/index.php\/wp-json\/wp\/v2\/media?parent=5667"}],"wp:term":[{"taxonomy":"category","embeddable":true,"href":"https:\/\/mbsniezna.rzeszow.pl\/index.php\/wp-json\/wp\/v2\/categories?post=5667"},{"taxonomy":"post_tag","embeddable":true,"href":"https:\/\/mbsniezna.rzeszow.pl\/index.php\/wp-json\/wp\/v2\/tags?post=5667"}],"curies":[{"name":"wp","href":"https:\/\/api.w.org\/{rel}","templated":true}]}}