{"id":5682,"date":"2019-02-02T22:41:18","date_gmt":"2019-02-02T21:41:18","guid":{"rendered":"https:\/\/mbsniezna.rzeszow.pl\/?p=5682"},"modified":"2019-02-02T22:41:18","modified_gmt":"2019-02-02T21:41:18","slug":"ogloszenia-na-iv-niedziele-zwykla-3-02-2019-r","status":"publish","type":"post","link":"https:\/\/mbsniezna.rzeszow.pl\/index.php\/2019\/02\/02\/ogloszenia-na-iv-niedziele-zwykla-3-02-2019-r\/","title":{"rendered":"Og\u0142oszenia na IV Niedziel\u0119 zwyk\u0142\u0105, 3.02.2019 r."},"content":{"rendered":"<p>IV NIEDZIELA ZWYK\u0141A \u2013 OG\u0141OSZENIA<br \/>\n3 LUTEGO 2019 R.<\/p>\n<p>1.\tWe wtorek wspomnienie \u015bw. Agaty \u2013 na Mszy wieczornej po\u015bwi\u0119cenie chleba i soli. Nabo\u017ce\u0144stwo do \u015bw. Antoniego.<\/p>\n<p>2.\tW \u015brod\u0119 Nowenna do Matki Bo\u017cej. Spotkanie kandydat\u00f3w do bierzmowania z III klasy gimnazjum.<\/p>\n<p>3.\tI czwartek miesi\u0105ca \u2013 dzie\u0144 modlitw o powo\u0142ania do s\u0142u\u017cby Bo\u017cej, od 17.15 adoracja i spowied\u017a.<\/p>\n<p>4.\tW pi\u0105tek nabo\u017ce\u0144stwo do Bo\u017cego Mi\u0142osierdzia.<\/p>\n<p>5.\tW sobot\u0119 obchodzi\u0107 b\u0119dziemy w naszej parafii \u015awiatowy Dzie\u0144 Chorego \u2013 zapraszamy ludzi starszych i chorych: 8.30 spowied\u017a, o 9.00 Msza \u015bw. z udzielaniem sakramentu chorych, po Mszy \u015bw. zawierzenie si\u0119 Bo\u017cemu Sercu i b\u0142ogos\u0142awie\u0144stwo lurdzkie Naj\u015bwi\u0119tszym Sakramentem.<\/p>\n<p>6.\tB\u00f3g zap\u0142a\u0107 za ofiary na sprz\u0105tanie ko\u015bcio\u0142a, w tym tygodniu z ul. Por\u0105bki prosimy rodziny: Moniki Duli\u0144skiej, Stanis\u0142awa K\u0105kol, Alicji Serdeczny, Marii Gawron, Zofii Pa\u015bko, Moniki Pa\u015bko, Bernadety Kalandyk, Danuty Lassota, Aliny Borowiec, Tadeusza Kozik, Pauliny Pu\u0142awskiej.<\/p>\n<p>7.\tJutro rozpoczn\u0105 si\u0119 prace renowacyjne przy tych miejscach sufitu ko\u015bcio\u0142a, kt\u00f3re uleg\u0142y przemarzni\u0119ciu i zagrzybieniu.<\/p>\n<p>8.\tW tym tygodniu parafia nasza przekaza\u0142a pomoc wysoko\u015bci 500 dolar\u00f3w o\u015brodkowi zdrowia, kt\u00f3ry w miejscowo\u015bci Chamilala (czyt.: Ciamilala) w Zambii prowadz\u0105 polskie Siostry Boromeuszki. Pieni\u0105dze, pochodz\u0105 ze zbi\u00f3rki makulatury i z ofiar z\u0142o\u017conych do puszki \u201eChleb \u015bw. Antoniego\u201d,  przeznaczone b\u0119d\u0105 na zakup darmowych lek\u00f3w dla chorych dzieci. B\u00f3g zap\u0142a\u0107 ofiarodawcom. Akcja b\u0119dzie kontynuowana.<\/p>\n<p>9.\tW niedziel\u0119 24 lutego nasza parafia go\u015bci\u0107 b\u0119dzie relikwie \u015bw. Gerarda Majelli, kt\u00f3ry jest patronem matek oczekuj\u0105cych narodzin dziecka, or\u0119downikiem ma\u0142\u017ce\u0144stw prosz\u0105cych o potomstwo oraz patronem dobrej spowiedzi.<\/p>\n<p>10.\tW przysz\u0142a niedziel\u0119 w godzinach od  10.30 do 12.00 na parkingu przy Szkole Podstawowej odb\u0119dzie si\u0119 spotkanie przedstawicieli r\u00f3\u017cnych wydzia\u0142\u00f3w Urz\u0119du Miasta z mieszka\u0144cami Osiedla w sprawie ochrony powietrza w mie\u015bcie i ograniczenia emisji truj\u0105cych spalin.<\/p>\n<p>11.\tJednostka OSP Rzesz\u00f3w-Budziw\u00f3j, kt\u00f3ra w tym roku b\u0119dzie \u015bwi\u0119towa\u0107 100-lecie istnienia prowadzi nab\u00f3r nowych cz\u0142onk\u00f3w. Zach\u0119camy ludzi m\u0142odych do wst\u0119powania w szeregi OSP. Szczeg\u00f3\u0142y na plakacie na drzwiach.<\/p>\n","protected":false},"excerpt":{"rendered":"<p>&#8230;<\/p>\n","protected":false},"author":1,"featured_media":5470,"comment_status":"closed","ping_status":"open","sticky":false,"template":"","format":"standard","meta":{"ngg_post_thumbnail":0,"footnotes":""},"categories":[14],"tags":[],"class_list":["post-5682","post","type-post","status-publish","format-standard","has-post-thumbnail","hentry","category-ogloszenia_duszp"],"_links":{"self":[{"href":"https:\/\/mbsniezna.rzeszow.pl\/index.php\/wp-json\/wp\/v2\/posts\/5682","targetHints":{"allow":["GET"]}}],"collection":[{"href":"https:\/\/mbsniezna.rzeszow.pl\/index.php\/wp-json\/wp\/v2\/posts"}],"about":[{"href":"https:\/\/mbsniezna.rzeszow.pl\/index.php\/wp-json\/wp\/v2\/types\/post"}],"author":[{"embeddable":true,"href":"https:\/\/mbsniezna.rzeszow.pl\/index.php\/wp-json\/wp\/v2\/users\/1"}],"replies":[{"embeddable":true,"href":"https:\/\/mbsniezna.rzeszow.pl\/index.php\/wp-json\/wp\/v2\/comments?post=5682"}],"version-history":[{"count":1,"href":"https:\/\/mbsniezna.rzeszow.pl\/index.php\/wp-json\/wp\/v2\/posts\/5682\/revisions"}],"predecessor-version":[{"id":5683,"href":"https:\/\/mbsniezna.rzeszow.pl\/index.php\/wp-json\/wp\/v2\/posts\/5682\/revisions\/5683"}],"wp:featuredmedia":[{"embeddable":true,"href":"https:\/\/mbsniezna.rzeszow.pl\/index.php\/wp-json\/wp\/v2\/media\/5470"}],"wp:attachment":[{"href":"https:\/\/mbsniezna.rzeszow.pl\/index.php\/wp-json\/wp\/v2\/media?parent=5682"}],"wp:term":[{"taxonomy":"category","embeddable":true,"href":"https:\/\/mbsniezna.rzeszow.pl\/index.php\/wp-json\/wp\/v2\/categories?post=5682"},{"taxonomy":"post_tag","embeddable":true,"href":"https:\/\/mbsniezna.rzeszow.pl\/index.php\/wp-json\/wp\/v2\/tags?post=5682"}],"curies":[{"name":"wp","href":"https:\/\/api.w.org\/{rel}","templated":true}]}}