{"id":5685,"date":"2019-02-10T08:46:00","date_gmt":"2019-02-10T07:46:00","guid":{"rendered":"https:\/\/mbsniezna.rzeszow.pl\/?p=5685"},"modified":"2019-02-10T08:46:14","modified_gmt":"2019-02-10T07:46:14","slug":"5685","status":"publish","type":"post","link":"https:\/\/mbsniezna.rzeszow.pl\/index.php\/2019\/02\/10\/5685\/","title":{"rendered":"Intencje mszalne 11.02 \u2013 17.02.2019"},"content":{"rendered":"<p><strong>Poniedzia\u0142ek: 11.02<\/strong><\/p>\n<table width=\"0\">\n<tbody>\n<tr>\n<td width=\"76\">7.00<\/td>\n<td width=\"624\">1. + Bronis\u0142aw Pa\u015bko od Danuty Giero\u0144<\/p>\n<p>2. + Zofia P\u0142onka od Bogumi\u0142y, Mariana i Edwarda P\u0142onka<\/td>\n<\/tr>\n<tr>\n<td width=\"76\">18.00<\/td>\n<td width=\"624\">1. + Katarzyna Sworze\u0144 (11)<\/p>\n<p>2. + Les\u0142aw Matu\u0142a od rodziny O\u017cy\u0142\u00f3w i Miesiewicz\u00f3w \u2013 zako\u0144czenie Mszy pogrzebowych<\/p>\n<p>3. + Eugeniusz Pitera od Zespo\u0142u Budziwojce<\/p>\n<p><em>+ Adam Garlak (27) od Anny i Zygmunta Dusza z rodzin\u0105 &nbsp;-DKS<\/em><\/p>\n<p><em>+ Stanis\u0142aw \u017bmuda (11)) od rodziny \u017buczk\u00f3w z Jas\u0142az \u2013 Tarnoszyn<\/em><\/p>\n<p><em>+ Piotr Mi\u0105sik (11))- od wsp\u00f3\u0142pracownik\u00f3w z Linker i Filler &#8211; Mo\u0142dawia<\/em><\/td>\n<\/tr>\n<\/tbody>\n<\/table>\n<p><strong>Wtorek: 12.02<\/strong><\/p>\n<table width=\"0\">\n<tbody>\n<tr>\n<td width=\"76\">7.00<\/td>\n<td width=\"624\">1. + J\u00f3zefa, Stanis\u0142aw Syno\u015b<\/td>\n<\/tr>\n<tr>\n<td width=\"76\">18.00<\/td>\n<td width=\"624\">1. + Katarzyna Sworze\u0144 (12)<\/p>\n<p>2. + Anna Piekie\u0142ek od Danuty i Adama Bednarz<\/p>\n<p>3. + Marian Drewniak od chrzestnej Bo\u017ceny z rodzin\u0105<\/p>\n<p><em>+ Zofia P\u0142onka od Sylwii i Piotra Nowak i Genowefy Wilk \u2013 ks. Damian poza parafi\u0105<\/em><\/p>\n<p><em>+Bronis\u0142aw Pa\u015bko od rodziny Patrzyk\u00f3w z Borku Starego \u2013 ks. proboszcz poza parafi\u0105<\/em><\/p>\n<p><em>+ Adam Garlak (28) od wsp\u00f3\u0142pracownik\u00f3w z rady nadzorczej Sp\u00f3\u0142dzielni Respan- DKS<\/em><\/p>\n<p><em>+ Stanis\u0142aw \u017bmuda (12) od Paluch\u00f3w, Ziemb\u00f3w, Flasi\u0144skich z Rog\u00f3\u017cna \u2013 Tarnoszyn<\/em><\/p>\n<p><em>+ Piotr Mi\u0105sik (12) od koleg\u00f3w z Linker i Filler &#8211; Mo\u0142dawia<\/em><\/td>\n<\/tr>\n<\/tbody>\n<\/table>\n<p>&nbsp;<strong>\u015aroda: 13.02<\/strong><\/p>\n<table width=\"0\">\n<tbody>\n<tr>\n<td width=\"76\">7.00<\/td>\n<td width=\"624\">1. + Eleonora Pa\u015bko od c\u00f3rki Gra\u017cyny z rodzin\u0105<\/td>\n<\/tr>\n<tr>\n<td width=\"76\">18.00<\/td>\n<td width=\"624\">1. + Katarzyna Sworze\u0144 (13)<\/p>\n<p>2. + Aleksandra Pr\u0119dka od Magdaleny Ku\u017aniar z rodzina \u2013 zako\u0144czenie Mszy pogrzebowych<\/p>\n<p>3.&nbsp; + Zofia Skoczylas od c\u00f3rki Krystyny z m\u0119\u017cem<\/p>\n<p><em>+ Zofia P\u0142onka od kole\u017canek Krystyny i Iwony \u2013 ks. Damian poza parafi\u0105<\/em><\/p>\n<p><em>+ Bronis\u0142aw Pa\u015bko od rodziny Kuziel\u00f3w \u2013 ks. proboszcz poza parafi\u0105<\/em><\/p>\n<p><em>+ Adam Garlak (29) od wsp\u00f3\u0142pracownik\u00f3w z rady nadzorczej Sp\u00f3\u0142dzielni Respan\u2013 DKS<\/em><\/p>\n<p><em>+ Stanis\u0142aw \u017bmuda (13) od Marii Szyma\u0144skiej z rodzin\u0105 &#8211; Tarnoszyn<\/em><\/p>\n<p><em>+ Piotr Mi\u0105sik (13) od koleg\u00f3w z Linker i Filler &#8211; Mo\u0142dawia<\/em><\/td>\n<\/tr>\n<\/tbody>\n<\/table>\n<p><strong>Czwartek: 14.02<\/strong><\/p>\n<table width=\"0\">\n<tbody>\n<tr>\n<td width=\"76\">7.00<\/td>\n<td width=\"624\">1. + Katarzyna Sworze\u0144 (14)<\/td>\n<\/tr>\n<tr>\n<td width=\"76\">18.00<\/td>\n<td width=\"624\">1. O dary Ducha \u015awi\u0119tego dla Magdaleny w 18 urodziny<\/p>\n<p>2. + J\u00f3zef T\u0142uczek od Marii i Stanis\u0142awa G\u0105sior \u2013 zako\u0144czenie Mszy pogrzebowych<\/p>\n<p>3. + Pawe\u0142 Huchla od siostry Urszuli<\/p>\n<p><em>+ Zofia P\u0142onka o Jadwigi Warcho\u0142 z dzie\u0107mi \u2013 ks. Damian poza parafi\u0105<\/em><\/p>\n<p><em>+ Adam Garlak (30) od wsp\u00f3\u0142pracownik\u00f3w z rady nadzorczej Sp\u00f3\u0142dzielni Respan- zako\u0144czenie Mszy greg.<\/em><\/p>\n<p><em>+ Stanis\u0142aw \u017bmuda (14) od rodziny Janusza Ko\u015bciaka \u2013 Tarnoszyn<\/em><\/p>\n<p><em>+ Piotr Mi\u0105sik (14) od koleg\u00f3w z Linker i Filler &#8211; Mo\u0142dawia<\/em><\/td>\n<\/tr>\n<\/tbody>\n<\/table>\n<p><strong>Pi\u0105tek: 15.02<\/strong><\/p>\n<table width=\"0\">\n<tbody>\n<tr>\n<td width=\"76\">7.00<\/td>\n<td width=\"624\">1.&nbsp; + Katarzyna Sworze\u0144 (15)<\/td>\n<\/tr>\n<tr>\n<td width=\"76\">18.00<\/td>\n<td width=\"624\">1.&nbsp; + Edward, Helena Pa\u015bkiewicz<\/p>\n<p>2. + Andrzej Bilski od Jolanty i Mieczys\u0142awa Burdasz z rodzin\u0105<\/p>\n<p>3. + Helena Pa\u015bkiewicz od c\u00f3rki Renaty z rodzin\u0105<\/p>\n<p><em>+ Zofia P\u0142onka od kole\u017canki Agaty i kolegi Konrada z pracy \u2013 ks. Damian poza parafi\u0105<\/em><\/p>\n<p><em>+&nbsp; Bronis\u0142aw Pa\u015bko od Romana Pa\u0142ki z rodzin\u0105 \u2013 ks. proboszcz poza parafi\u0105<\/em><\/p>\n<p><em>+ Stanis\u0142aw \u017bmuda (15) od Jadwigi Michalicha &nbsp;&#8211; Tarnoszyn<\/em><\/p>\n<p><em>+ Piotr Mi\u0105sik (15) od wsp\u00f3\u0142pracownik\u00f3w z Linker i Filler &#8211; Bielce na Mo\u0142dawii<\/em><\/td>\n<\/tr>\n<\/tbody>\n<\/table>\n<p><strong>Sobota: 16.02<\/strong><\/p>\n<table width=\"0\">\n<tbody>\n<tr>\n<td width=\"76\">7.00<\/td>\n<td width=\"624\">1. + Katarzyna Sworze\u0144 (16)<\/td>\n<\/tr>\n<tr>\n<td width=\"76\">18.00<\/td>\n<td width=\"624\">1. O b\u0142ogos\u0142awie\u0144stwo Bo\u017ce dla Dariusza w 28 urodziny<\/p>\n<p>2. + Zofia P\u0142onka od Jana i J\u00f3zefy Jucha<\/p>\n<p>3. + Stefan Rzeszutko od syna Zbigniewa z rodzin\u0105<\/p>\n<p><em>+ Bronis\u0142aw Pa\u015bko od rodziny Borowc\u00f3w \u2013 ks. proboszcz poza parafi\u0105<\/em><\/p>\n<p><em>+ Stanis\u0142aw \u017bmuda (16) od rodziny Ko\u015bciak\u00f3w- Tarnoszyn<\/em><\/p>\n<p><em>+ Piotr Mi\u0105sik (16)-od wsp\u00f3\u0142pracownik\u00f3w z Linker i Filler &#8211;&nbsp; Bielce na Mo\u0142dawii<\/em><\/td>\n<\/tr>\n<\/tbody>\n<\/table>\n<p><strong>NIEDZIELA: 17.02<\/strong><\/p>\n<table width=\"0\">\n<tbody>\n<tr>\n<td width=\"76\">7.00<\/td>\n<td width=\"624\">1. + Aleksandra, Eugeniusz Stachyra<\/td>\n<\/tr>\n<tr>\n<td width=\"76\">9.00<\/td>\n<td width=\"624\">1. + Eugeniusz Pa\u015bko<\/p>\n<p>2. + Stefan Szwed, Helena, Stefan, W\u0142adys\u0142aw<\/td>\n<\/tr>\n<tr>\n<td width=\"76\">10.30<\/td>\n<td width=\"624\">1. + Andrzej Pa\u0142ka (20 rocz.), ++ z rodziny Jack\u00f3w<\/td>\n<\/tr>\n<tr>\n<td width=\"76\">12.00<\/td>\n<td width=\"624\">1 + Za parafian &nbsp;\u017cywych i zmar\u0142ych<\/p>\n<p><em>+ Stanis\u0142aw \u017bmuda (17) od rodziny \u017buczk\u00f3w i Czy\u017c\u00f3w- Tarnoszyn<\/em><\/p>\n<p><em>+ Piotr Mi\u0105sik (17)- od wsp\u00f3\u0142pracownik\u00f3w z Linker i Filler &#8211; Bielce na Mo\u0142dawii<\/em><\/td>\n<\/tr>\n<tr>\n<td width=\"76\">16.00<\/td>\n<td width=\"624\">1. + Barbara Ho\u0142ody (10 rocz.)<\/td>\n<\/tr>\n<tr>\n<td width=\"76\">18.00<\/td>\n<td width=\"624\">1. + Katarzyna (17)<\/td>\n<\/tr>\n<\/tbody>\n<\/table>\n<p>Do u\u017cytku wewn\u0119trznego parafii MB \u015anie\u017cnej w Rzeszowie<\/p>\n<p>&nbsp;<\/p>\n","protected":false},"excerpt":{"rendered":"<p>&#8230;<\/p>\n","protected":false},"author":1,"featured_media":5483,"comment_status":"closed","ping_status":"open","sticky":false,"template":"","format":"standard","meta":{"ngg_post_thumbnail":0,"footnotes":""},"categories":[4],"tags":[],"class_list":["post-5685","post","type-post","status-publish","format-standard","has-post-thumbnail","hentry","category-intencje"],"_links":{"self":[{"href":"https:\/\/mbsniezna.rzeszow.pl\/index.php\/wp-json\/wp\/v2\/posts\/5685","targetHints":{"allow":["GET"]}}],"collection":[{"href":"https:\/\/mbsniezna.rzeszow.pl\/index.php\/wp-json\/wp\/v2\/posts"}],"about":[{"href":"https:\/\/mbsniezna.rzeszow.pl\/index.php\/wp-json\/wp\/v2\/types\/post"}],"author":[{"embeddable":true,"href":"https:\/\/mbsniezna.rzeszow.pl\/index.php\/wp-json\/wp\/v2\/users\/1"}],"replies":[{"embeddable":true,"href":"https:\/\/mbsniezna.rzeszow.pl\/index.php\/wp-json\/wp\/v2\/comments?post=5685"}],"version-history":[{"count":2,"href":"https:\/\/mbsniezna.rzeszow.pl\/index.php\/wp-json\/wp\/v2\/posts\/5685\/revisions"}],"predecessor-version":[{"id":5687,"href":"https:\/\/mbsniezna.rzeszow.pl\/index.php\/wp-json\/wp\/v2\/posts\/5685\/revisions\/5687"}],"wp:featuredmedia":[{"embeddable":true,"href":"https:\/\/mbsniezna.rzeszow.pl\/index.php\/wp-json\/wp\/v2\/media\/5483"}],"wp:attachment":[{"href":"https:\/\/mbsniezna.rzeszow.pl\/index.php\/wp-json\/wp\/v2\/media?parent=5685"}],"wp:term":[{"taxonomy":"category","embeddable":true,"href":"https:\/\/mbsniezna.rzeszow.pl\/index.php\/wp-json\/wp\/v2\/categories?post=5685"},{"taxonomy":"post_tag","embeddable":true,"href":"https:\/\/mbsniezna.rzeszow.pl\/index.php\/wp-json\/wp\/v2\/tags?post=5685"}],"curies":[{"name":"wp","href":"https:\/\/api.w.org\/{rel}","templated":true}]}}