{"id":5688,"date":"2019-02-10T08:47:28","date_gmt":"2019-02-10T07:47:28","guid":{"rendered":"https:\/\/mbsniezna.rzeszow.pl\/?p=5688"},"modified":"2019-02-10T08:47:58","modified_gmt":"2019-02-10T07:47:58","slug":"5688","status":"publish","type":"post","link":"https:\/\/mbsniezna.rzeszow.pl\/index.php\/2019\/02\/10\/5688\/","title":{"rendered":"Og\u0142oszenia  na V Niedziel\u0119 zwyk\u0142\u0105, 10.02.2019 r."},"content":{"rendered":"<p>V NIEDZIELA ZWYK\u0141A \u2013 OG\u0141OSZENIA<br \/>\n10 LUTEGO 2019 R.<\/p>\n<p>1.\tWe wtorek o 17.30 r\u00f3\u017caniec w intencji poszanowania \u017cycia, po Mszy nabo\u017ce\u0144stwo do \u015bw. Antoniego.<\/p>\n<p>2.\tW \u015brod\u0119 Nowenna do Matki Bo\u017cej.<\/p>\n<p>3.\tW czwartek \u015bw. Cyryla i Metodego  &#8211; aposto\u0142\u00f3w S\u0142owian, od 17.15 adoracja i spowied\u017a.<\/p>\n<p>4.\tW pi\u0105tek Nabo\u017ce\u0144stwo do Bo\u017cego Mi\u0142osierdzia.<\/p>\n<p>5.\tW sobot\u0119 po Mszy wieczornej nabo\u017ce\u0144stwo przy relikwiach \u015bw. Jana Paw\u0142a II \u2013 prosimy o sk\u0142adanie pr\u00f3\u015bb i podzi\u0119kowa\u0144.<\/p>\n<p>6.\tZa tydzie\u0144 prosimy o sk\u0142adk\u0119 na cele inwestycyjne. Zaplanowane na ten tydzie\u0144 prace renowacyjne  w prezbiterium zosta\u0142y zako\u0144czone. R\u00f3\u017caniec r\u00f3\u017ca Zofii Pa\u0142ka.<\/p>\n<p>7.\tZapowiedzi: Adrian Byjo\u015b i Kinga G\u0142odowska (zap. I).<\/p>\n<p>8.\tB\u00f3g zap\u0142a\u0107 za ofiary na sprz\u0105tanie ko\u015bcio\u0142a, w tym tygodniu prosimy rodziny: z ul. Senatorskiej -Ma\u0142gorzaty Kurzyd\u0142o, Anny Nowickiej, Doroty Skiba, Magdaleny Karda\u015b, Bogus\u0142awy Zimierowicz oraz z ul. Por\u0105bki rodziny \u2013 Wioletty Konik, Gra\u017cyny Chrzanowicz, Agnieszki \u0141abaj, Bo\u017ceny R\u0105czy, Magdaleny Rz\u0105ca.<\/p>\n<p>9.\tW \u015brod\u0119 27 lutego po Mszy \u015bw. w salce pod ko\u015bcio\u0142em odb\u0119dzie si\u0119 spotkanie uczestnik\u00f3w pielgrzymki do Lwowa i na Podole. Prosimy ze sob\u0105 przynie\u015b\u0107 dokumenty to\u017csamo\u015bci \u2013 dow\u00f3d osobisty i paszport oraz zaliczk\u0119 wysoko\u015bci 270 z\u0142. Przedstawiciel biura turystycznego om\u00f3wi wszystkie sprawy organizacyjne, rozda umowy i program wyjazdu.<\/p>\n<p>10.\tW najbli\u017cszych tygodniach naszej parafii podejmiemy pr\u00f3b\u0119 o\u017cywienia religijnego poprzez tworzenie  ma\u0142ych grup domowych, do kt\u00f3rych mog\u0105 nale\u017ce\u0107 krewni, s\u0105siedzi, znajomi. Grupy te b\u0119d\u0105 gromadzi\u0107 si\u0119 w domach na spotkaniach formacyjnych, kt\u00f3re przeprowadzane b\u0119d\u0105 w oparciu o otrzymane materia\u0142y. W programie spotkania jest te\u017c  czytanie i rozwa\u017canie s\u0142owa Bo\u017cego oraz modlitwa. Celem tych grup jest budowanie i umacnianie relacji mi\u0119dzyludzkich oraz formacja \u2013 systematyczne pog\u0142\u0119bianie wiary.<br \/>\nW najbli\u017cszym czasie tworzy\u0107 b\u0119dziemy grup\u0119 pilota\u017cow\u0105 oraz poszukiwa\u0107  tzw. gospodarzy \u2013 osoby gotowe przyj\u0105\u0107 grupy na spotkanie w swoim domu. Na parafialnym FB publikowane b\u0119d\u0105 informacje odno\u015bnie tworzenia grup.<br \/>\nMamy nadziej\u0119, \u017ce ta nowa forma duszpasterska przyjmie si\u0119 i rozwinie w naszej parafii. Bardzo liczymy na tych ludzi, kt\u00f3rzy w wierze chc\u0105 czego\u015b wi\u0119cej. Zapraszamy tych wszystkich, kt\u00f3rzy kiedy\u015b przeszli formacj\u0119 oazow\u0105 lub w Liturgicznej S\u0142u\u017cbie O\u0142tarza<br \/>\nOdpowiedzialnym w parafii za tworzenie tego dzie\u0142a b\u0119dzie ks. Damian, kt\u00f3ry za tydzie\u0144 wyg\u0142osi na ten temat kazanie. Zapraszam do wsp\u00f3\u0142pracy z ks. Damianem.<\/p>\n<p>Do u\u017cytku wewn\u0119trznego Parafii MB \u015anie\u017cnej w Rzeszowie<\/p>\n","protected":false},"excerpt":{"rendered":"<p>&#8230;<\/p>\n","protected":false},"author":1,"featured_media":5489,"comment_status":"closed","ping_status":"open","sticky":false,"template":"","format":"standard","meta":{"ngg_post_thumbnail":0,"footnotes":""},"categories":[14],"tags":[],"class_list":["post-5688","post","type-post","status-publish","format-standard","has-post-thumbnail","hentry","category-ogloszenia_duszp"],"_links":{"self":[{"href":"https:\/\/mbsniezna.rzeszow.pl\/index.php\/wp-json\/wp\/v2\/posts\/5688","targetHints":{"allow":["GET"]}}],"collection":[{"href":"https:\/\/mbsniezna.rzeszow.pl\/index.php\/wp-json\/wp\/v2\/posts"}],"about":[{"href":"https:\/\/mbsniezna.rzeszow.pl\/index.php\/wp-json\/wp\/v2\/types\/post"}],"author":[{"embeddable":true,"href":"https:\/\/mbsniezna.rzeszow.pl\/index.php\/wp-json\/wp\/v2\/users\/1"}],"replies":[{"embeddable":true,"href":"https:\/\/mbsniezna.rzeszow.pl\/index.php\/wp-json\/wp\/v2\/comments?post=5688"}],"version-history":[{"count":2,"href":"https:\/\/mbsniezna.rzeszow.pl\/index.php\/wp-json\/wp\/v2\/posts\/5688\/revisions"}],"predecessor-version":[{"id":5690,"href":"https:\/\/mbsniezna.rzeszow.pl\/index.php\/wp-json\/wp\/v2\/posts\/5688\/revisions\/5690"}],"wp:featuredmedia":[{"embeddable":true,"href":"https:\/\/mbsniezna.rzeszow.pl\/index.php\/wp-json\/wp\/v2\/media\/5489"}],"wp:attachment":[{"href":"https:\/\/mbsniezna.rzeszow.pl\/index.php\/wp-json\/wp\/v2\/media?parent=5688"}],"wp:term":[{"taxonomy":"category","embeddable":true,"href":"https:\/\/mbsniezna.rzeszow.pl\/index.php\/wp-json\/wp\/v2\/categories?post=5688"},{"taxonomy":"post_tag","embeddable":true,"href":"https:\/\/mbsniezna.rzeszow.pl\/index.php\/wp-json\/wp\/v2\/tags?post=5688"}],"curies":[{"name":"wp","href":"https:\/\/api.w.org\/{rel}","templated":true}]}}