{"id":5693,"date":"2019-02-17T20:45:13","date_gmt":"2019-02-17T19:45:13","guid":{"rendered":"https:\/\/mbsniezna.rzeszow.pl\/?p=5693"},"modified":"2019-02-17T20:45:51","modified_gmt":"2019-02-17T19:45:51","slug":"intencje-mszalne-18-02-24-02-2019","status":"publish","type":"post","link":"https:\/\/mbsniezna.rzeszow.pl\/index.php\/2019\/02\/17\/intencje-mszalne-18-02-24-02-2019\/","title":{"rendered":"Intencje mszalne 18.02 \u2013 24.02.2019"},"content":{"rendered":"<p><strong>Intencje mszalne 18.02 \u2013 24.02.2019<\/strong><\/p>\n<p><strong>Poniedzia\u0142ek: 18.02<\/strong><\/p>\n<table width=\"0\">\n<tbody>\n<tr>\n<td width=\"76\">7.00<\/td>\n<td width=\"624\">1. + Katarzyna (18)<\/td>\n<\/tr>\n<tr>\n<td width=\"76\">18.00<\/td>\n<td width=\"624\">1 + Teresa Czapla od brata z rodzin\u0105<\/p>\n<p>2. + Stefan Rzeszutko od syna Krzysztofa z rodzin\u0105<\/p>\n<p>3. + Helena Pa\u015bkiewicz od Stanis\u0142awa i Alfredy Lasota<\/p>\n<p>4. + Pawe\u0142 Huchla od chrzestnego z rodzin\u0105<\/p>\n<p><em>+ Stanis\u0142aw \u017bmuda (18) od Synosi\u00f3w i G\u0142odowskich\u2013 Tarnoszyn<\/em><\/p>\n<p><em>+ Piotr Mi\u0105sik (18)- od wsp\u00f3\u0142pracownik\u00f3w z Linker i Filler &#8211; Mo\u0142dawia<\/em><\/td>\n<\/tr>\n<\/tbody>\n<\/table>\n<p><strong>Wtorek: 19.02<\/strong><\/p>\n<table width=\"0\">\n<tbody>\n<tr>\n<td width=\"76\">7.00<\/td>\n<td width=\"624\">1. + Katarzyna Sworze\u0144 (19)<\/td>\n<\/tr>\n<tr>\n<td width=\"76\">18.00<\/td>\n<td width=\"624\">1. + J\u00f3zefa Kuc, J\u00f3zef, Czes\u0142awa Burdasz<\/p>\n<p>2. + Zofia Skoczylas od c\u00f3rki Krystyny z m\u0119\u017cem<\/p>\n<p>3. + Danuta Bednarz od rodziny Grodeckich z Poselskiej<\/p>\n<p>4. + Marian Drewniak od El\u017cbiety i Katarzyny<\/p>\n<p><em>+ Stanis\u0142aw \u017bmuda (19) od Synosi\u00f3w i G\u0142odowskich \u2013 Tarnoszyn<\/em><\/p>\n<p><em>+ Piotr Mi\u0105sik (19) od koleg\u00f3w z Linker i Filler &#8211; Mo\u0142dawia<\/em><\/td>\n<\/tr>\n<\/tbody>\n<\/table>\n<p><strong>&nbsp;\u015aroda: 20.02<\/strong><\/p>\n<table width=\"0\">\n<tbody>\n<tr>\n<td width=\"76\">7.00<\/td>\n<td width=\"624\">1. + Katarzyna Sworze\u0144 (19)<\/p>\n<p>2. + Eugeniusz Pitera od kuzyna Wies\u0142awa z rodzina z ul. Mi\u0142ej<\/td>\n<\/tr>\n<tr>\n<td width=\"76\">18.00<\/td>\n<td width=\"624\">1. + Mieczys\u0142aw Trojan<\/p>\n<p>2. + Andrzej Bilski od kolegi Zbigniewa Wilka z rodzin\u0105<\/p>\n<p>3. + Anna Piekie\u0142ek od Genowefy Pi\u0119ta<\/p>\n<p><em>+ Stanis\u0142aw \u017bmuda (20) od Teresy&nbsp; z rodzin\u0105 &#8211; Tarnoszyn<\/em><\/p>\n<p><em>+ Piotr Mi\u0105sik (20) od koleg\u00f3w z Linker i Filler &#8211; Mo\u0142dawia<\/em><\/td>\n<\/tr>\n<\/tbody>\n<\/table>\n<p><strong>Czwartek: 21.02<\/strong><\/p>\n<table width=\"0\">\n<tbody>\n<tr>\n<td width=\"76\">7.00<\/td>\n<td width=\"624\">1. + Katarzyna Sworze\u0144 (21)<\/td>\n<\/tr>\n<tr>\n<td width=\"76\">18.00<\/td>\n<td width=\"624\">1. + Stanis\u0142aw, Franciszek, Danuta Hajnosz<\/p>\n<p>2. + Stefan Rzeszutko od c\u00f3rki Marty z m\u0119\u017cem<\/p>\n<p>3. + Helena Pa\u015bkiewicz od brata J\u00f3zefa Tondera<\/p>\n<p>4. + Marian Drewniak od rodz. Rachelskich, Kontor\u00f3w i W\u0105sowskich \u2013 zak. Mszy pogrzeb.<\/p>\n<p><em>+ Stanis\u0142aw \u017bmuda (21) od Bo\u017ceny z rodzin\u0105\u2013 Tarnoszyn<\/em><\/p>\n<p><em>+ Piotr Mi\u0105sik (21) od koleg\u00f3w z Linker i Filler &#8211; Mo\u0142dawia<\/em><\/td>\n<\/tr>\n<\/tbody>\n<\/table>\n<p><strong>Pi\u0105tek: 22.02<\/strong><\/p>\n<table width=\"0\">\n<tbody>\n<tr>\n<td width=\"76\">7.00<\/td>\n<td width=\"624\">1.&nbsp; + Katarzyna Sworze\u0144 (22)<\/p>\n<p>2. + Anna Piekie\u0142ek od rodz. Myrd\u00f3w<\/td>\n<\/tr>\n<tr>\n<td width=\"76\">18.00<\/td>\n<td width=\"624\">1.&nbsp; + Stanis\u0142aw Naw\u00f3j, Emilia, Andrzej, Jan, J\u00f3zef od Marii i Grzegorza z rodz.<\/p>\n<p>2. + El\u017cbieta P\u0105czek od chrze\u015bniaka Damiana z mam\u0105<\/p>\n<p>3. + Anna G\u0142odowska od wnuka Krzysztofa z rodz.<\/p>\n<p><em>+ Stanis\u0142aw \u017bmuda (22) od chrze\u015bniaka z rodzin\u0105 &#8211; Tarnoszyn<\/em><\/p>\n<p><em>+ Piotr Mi\u0105sik (22) od wsp\u00f3\u0142pracownik\u00f3w z Linker i Filler &#8211; Bielce na Mo\u0142dawii<\/em><\/td>\n<\/tr>\n<\/tbody>\n<\/table>\n<p><strong>Sobota: 23.02<\/strong><\/p>\n<table width=\"0\">\n<tbody>\n<tr>\n<td width=\"76\">7.00<\/td>\n<td width=\"624\">1. + Katarzyna Sworze\u0144 (23)<\/td>\n<\/tr>\n<tr>\n<td width=\"76\">18.00<\/td>\n<td width=\"624\">1. + Jan Ziemniak<\/p>\n<p>2. + Zofia P\u0142onka od c\u00f3rki z rodzin\u0105<\/p>\n<p><em>+ Stanis\u0142aw \u017bmuda (23) od rodziny Pa\u0142k\u00f3w- Tarnoszyn<\/em><\/p>\n<p><em>+ Piotr Mi\u0105sik (23)-od wsp\u00f3\u0142pracownik\u00f3w z Linker i Filler &#8211;&nbsp; Bielce na Mo\u0142dawii<\/em><\/td>\n<\/tr>\n<\/tbody>\n<\/table>\n<p><strong>NIEDZIELA: 24.02<\/strong><\/p>\n<table width=\"0\">\n<tbody>\n<tr>\n<td width=\"76\">7.00<\/td>\n<td width=\"624\">1. + Katarzyna, Czes\u0142aw Mazur<\/td>\n<\/tr>\n<tr>\n<td width=\"76\">9.00<\/td>\n<td width=\"624\">1. + Franciszek pasierb (5 rocz.)<\/p>\n<p>2. O b\u0142og. Bo\u017ce dla Jana w 19 urodziny<\/td>\n<\/tr>\n<tr>\n<td width=\"76\">10.30<\/td>\n<td width=\"624\">1. + Katarzyna (24)<\/td>\n<\/tr>\n<tr>\n<td width=\"76\">12.00<\/td>\n<td width=\"624\">1 + Za parafian&nbsp; \u017cywych i zmar\u0142ych<\/p>\n<p><em>+ Stanis\u0142aw \u017bmuda (24) od rodziny Kaszuba ze Zg\u0142obnia- Tarnoszyn<\/em><\/p>\n<p><em>+ Piotr Mi\u0105sik (24)- od wsp\u00f3\u0142pracownik\u00f3w z Linker i Filler &#8211; Bielce na Mo\u0142dawii<\/em><\/td>\n<\/tr>\n<tr>\n<td width=\"76\">16.00<\/td>\n<td width=\"624\">1. Dzi\u0119kczynna w 15 rocz. \u015blubu Beaty i Jakuba i o b\u0142og. Bo\u017ce dla ca\u0142ej rodziny<\/td>\n<\/tr>\n<tr>\n<td width=\"76\">18.00<\/td>\n<td width=\"624\">1. + Janina, Marian Kotula<\/td>\n<\/tr>\n<\/tbody>\n<\/table>\n<p>Do u\u017cytku wewn\u0119trznego Parafii MB \u015anie\u017cnej w Rzeszowie!<\/p>\n","protected":false},"excerpt":{"rendered":"<p>&#8230;<\/p>\n","protected":false},"author":1,"featured_media":5475,"comment_status":"closed","ping_status":"open","sticky":false,"template":"","format":"standard","meta":{"ngg_post_thumbnail":0,"footnotes":""},"categories":[4],"tags":[],"class_list":["post-5693","post","type-post","status-publish","format-standard","has-post-thumbnail","hentry","category-intencje"],"_links":{"self":[{"href":"https:\/\/mbsniezna.rzeszow.pl\/index.php\/wp-json\/wp\/v2\/posts\/5693","targetHints":{"allow":["GET"]}}],"collection":[{"href":"https:\/\/mbsniezna.rzeszow.pl\/index.php\/wp-json\/wp\/v2\/posts"}],"about":[{"href":"https:\/\/mbsniezna.rzeszow.pl\/index.php\/wp-json\/wp\/v2\/types\/post"}],"author":[{"embeddable":true,"href":"https:\/\/mbsniezna.rzeszow.pl\/index.php\/wp-json\/wp\/v2\/users\/1"}],"replies":[{"embeddable":true,"href":"https:\/\/mbsniezna.rzeszow.pl\/index.php\/wp-json\/wp\/v2\/comments?post=5693"}],"version-history":[{"count":2,"href":"https:\/\/mbsniezna.rzeszow.pl\/index.php\/wp-json\/wp\/v2\/posts\/5693\/revisions"}],"predecessor-version":[{"id":5695,"href":"https:\/\/mbsniezna.rzeszow.pl\/index.php\/wp-json\/wp\/v2\/posts\/5693\/revisions\/5695"}],"wp:featuredmedia":[{"embeddable":true,"href":"https:\/\/mbsniezna.rzeszow.pl\/index.php\/wp-json\/wp\/v2\/media\/5475"}],"wp:attachment":[{"href":"https:\/\/mbsniezna.rzeszow.pl\/index.php\/wp-json\/wp\/v2\/media?parent=5693"}],"wp:term":[{"taxonomy":"category","embeddable":true,"href":"https:\/\/mbsniezna.rzeszow.pl\/index.php\/wp-json\/wp\/v2\/categories?post=5693"},{"taxonomy":"post_tag","embeddable":true,"href":"https:\/\/mbsniezna.rzeszow.pl\/index.php\/wp-json\/wp\/v2\/tags?post=5693"}],"curies":[{"name":"wp","href":"https:\/\/api.w.org\/{rel}","templated":true}]}}