{"id":5696,"date":"2019-02-17T20:47:10","date_gmt":"2019-02-17T19:47:10","guid":{"rendered":"https:\/\/mbsniezna.rzeszow.pl\/?p=5696"},"modified":"2019-02-17T20:47:10","modified_gmt":"2019-02-17T19:47:10","slug":"ogloszenia-na-vi-niedziele-zwykla-17-02-2019-r","status":"publish","type":"post","link":"https:\/\/mbsniezna.rzeszow.pl\/index.php\/2019\/02\/17\/ogloszenia-na-vi-niedziele-zwykla-17-02-2019-r\/","title":{"rendered":"Og\u0142oszenia  na VI Niedziel\u0119 zwyk\u0142\u0105, 17.02.2019 r."},"content":{"rendered":"<p>VI NIEDZIELA ZWYK\u0141A \u2013 OG\u0141OSZENIA<br \/>\n17 LUTEGO 2019 R.<\/p>\n<p>1.\tWe wtorek nabo\u017ce\u0144stwo do \u015bw. Antoniego.<\/p>\n<p>2.\tW \u015brod\u0119 Nowenna do Matki Bo\u017cej.<\/p>\n<p>3.\tW czwartek od 17.15 adoracja i mo\u017cliwo\u015b\u0107 spowiedzi.<\/p>\n<p>4.\tW pi\u0105tek Nabo\u017ce\u0144stwo do Bo\u017cego mi\u0142osierdzia.<\/p>\n<p>5.\tW sobot\u0119 na  godz. 19.00  zapraszamy kandydat\u00f3w do bierzmowania z kl. VII, VIII i III gimnazjum przy relikwiach \u015bw. Gerarda Majelli  &#8211; patrona dobrej spowiedzi. Na spotkaniu b\u0119dzie przedstawienie sylwetki \u015bwi\u0119tego, czuwanie, \u015bpiewy i modlitwy przygotowane przez m\u0142odzie\u017c z oazy oraz katecheza o sakramencie pokuty i pojednania. Zapraszamy m\u0142odych.<\/p>\n<p>6.\tSpotkanie ze \u015bw. Gerardem b\u0119dzie trwa\u0107 ca\u0142\u0105 niedziel\u0119. Przez jego wstawiennictwo dzi\u0119kowa\u0107 b\u0119dziemy Bogu za dar macierzy\u0144stwa i ojcostwa, poleca\u0107 b\u0119dziemy matki oczekuj\u0105ce narodzin dziecka oraz wspomaga\u0107 b\u0119dziemy modlitw\u0105 ma\u0142\u017ce\u0144stwa prosz\u0105ce o potomstwo.<\/p>\n<p>7.\tB\u00f3g zap\u0142a\u0107 za ofiary na sprz\u0105tanie ko\u015bcio\u0142a, w tym tygodniu prosimy rodziny: z ul. Jesionowej- Edyty Kmiotek, Anny Borowiec, Bo\u017ceny Klimczak, Marii Pa\u0142ka, Krzysztofy  Miciuda oraz z ul. Por\u0105bki rodziny- Karoliny Bil, Jolanty Blili\u0144skiej, Barbary Macko\u015b, Ma\u0142gorzaty Chabko, Urszuli Bomba, Eweliny Hus, Krystyny Gardu\u0142a.<\/p>\n<p>8.\tZapraszamy na stron\u0119 po\u015bwi\u0119con\u0105 ma\u0142ym grupom domowym: https:\/\/newpastoral.net\/<\/p>\n<p>9.\tW \u015brod\u0119 27 lutego po Mszy \u015bw. wieczornej w salce pod ko\u015bcio\u0142em b\u0119dzie  spotkanie uczestnik\u00f3w pielgrzymki do Lwowa i na Podole.<\/p>\n<p>10.\tZapisy dzieci do przedszkola si\u00f3str na rok szkolny 2019\/2020 rozpoczn\u0105 si\u0119 od pi\u0105tku 01.03.2019 r. Przedszkole dysponuje miejscami tylko dla dzieci 3-letnich. Kart\u0119 zapisu mo\u017cna odebra\u0107 w biurze (parter) lub pobra\u0107 ze strony internetowej przedszkola. Wydawanie i przyjmowanie kart trwa\u0107 b\u0119dzie od 01 do 15 marca.<br \/>\nNa stronie internetowej przedszkola dost\u0119pne s\u0105 szczeg\u00f3\u0142owe zasady oraz regulamin rekrutacji. Rozstrzygni\u0119cie rekrutacji nast\u0105pi 28 marca 2019 r. Strona przedszkola si\u00f3str: http:\/\/www.przedszkolefrm.rzeszow.pl\/<br \/>\n11.\tZapowiedzi: Adrian Byjo\u015b i Kinga G\u0142odowska (zap. II).<\/p>\n<p>Do u\u017cytku wewn\u0119trznego Parafii MB \u015anie\u017cnej w Rzeszowie!<\/p>\n","protected":false},"excerpt":{"rendered":"<p>&#8230;<\/p>\n","protected":false},"author":1,"featured_media":5467,"comment_status":"closed","ping_status":"open","sticky":false,"template":"","format":"standard","meta":{"ngg_post_thumbnail":0,"footnotes":""},"categories":[13],"tags":[],"class_list":["post-5696","post","type-post","status-publish","format-standard","has-post-thumbnail","hentry","category-newsy"],"_links":{"self":[{"href":"https:\/\/mbsniezna.rzeszow.pl\/index.php\/wp-json\/wp\/v2\/posts\/5696","targetHints":{"allow":["GET"]}}],"collection":[{"href":"https:\/\/mbsniezna.rzeszow.pl\/index.php\/wp-json\/wp\/v2\/posts"}],"about":[{"href":"https:\/\/mbsniezna.rzeszow.pl\/index.php\/wp-json\/wp\/v2\/types\/post"}],"author":[{"embeddable":true,"href":"https:\/\/mbsniezna.rzeszow.pl\/index.php\/wp-json\/wp\/v2\/users\/1"}],"replies":[{"embeddable":true,"href":"https:\/\/mbsniezna.rzeszow.pl\/index.php\/wp-json\/wp\/v2\/comments?post=5696"}],"version-history":[{"count":1,"href":"https:\/\/mbsniezna.rzeszow.pl\/index.php\/wp-json\/wp\/v2\/posts\/5696\/revisions"}],"predecessor-version":[{"id":5697,"href":"https:\/\/mbsniezna.rzeszow.pl\/index.php\/wp-json\/wp\/v2\/posts\/5696\/revisions\/5697"}],"wp:featuredmedia":[{"embeddable":true,"href":"https:\/\/mbsniezna.rzeszow.pl\/index.php\/wp-json\/wp\/v2\/media\/5467"}],"wp:attachment":[{"href":"https:\/\/mbsniezna.rzeszow.pl\/index.php\/wp-json\/wp\/v2\/media?parent=5696"}],"wp:term":[{"taxonomy":"category","embeddable":true,"href":"https:\/\/mbsniezna.rzeszow.pl\/index.php\/wp-json\/wp\/v2\/categories?post=5696"},{"taxonomy":"post_tag","embeddable":true,"href":"https:\/\/mbsniezna.rzeszow.pl\/index.php\/wp-json\/wp\/v2\/tags?post=5696"}],"curies":[{"name":"wp","href":"https:\/\/api.w.org\/{rel}","templated":true}]}}