{"id":5699,"date":"2019-02-24T14:41:04","date_gmt":"2019-02-24T13:41:04","guid":{"rendered":"https:\/\/mbsniezna.rzeszow.pl\/?p=5699"},"modified":"2019-02-24T14:41:04","modified_gmt":"2019-02-24T13:41:04","slug":"intencje-mszalne-25-02-3-03-2019","status":"publish","type":"post","link":"https:\/\/mbsniezna.rzeszow.pl\/index.php\/2019\/02\/24\/intencje-mszalne-25-02-3-03-2019\/","title":{"rendered":"Intencje mszalne 25.02 \u2013 3.03.2019"},"content":{"rendered":"<p><strong>Poniedzia\u0142ek: 25.02<\/strong><\/p>\n<table width=\"0\">\n<tbody>\n<tr>\n<td width=\"76\">7.00<\/td>\n<td width=\"624\">1. + Piotr, Karolina Rybka<\/td>\n<\/tr>\n<tr>\n<td width=\"76\">18.00<\/td>\n<td width=\"624\">1 + Katarzyna Sworze\u0144 (25)<\/p>\n<p>2. + Teresa Czapla od brata z rodzin\u0105<\/p>\n<p>3. + Agata Dr\u0105\u017cek<\/p>\n<p>4. + Andrzej Biski od kuzyn\u00f3w: Zofii, Anny, Jana i Adama z rodzinami<\/p>\n<p><em>+ Stanis\u0142aw \u017bmuda (24) od kole\u017canek Bogusi z grupy\u2013 Tarnoszyn<\/em><\/p>\n<p><em>+ Piotr Mi\u0105sik (24)- od wsp\u00f3\u0142pracownik\u00f3w z Linker i Filler &#8211; Mo\u0142dawia<\/em><\/td>\n<\/tr>\n<\/tbody>\n<\/table>\n<p><strong>Wtorek: 26.02<\/strong><\/p>\n<table width=\"0\">\n<tbody>\n<tr>\n<td width=\"76\">7.00<\/td>\n<td width=\"624\">1. + O zdrowie dla W\u0142adys\u0142awa<\/td>\n<\/tr>\n<tr>\n<td width=\"76\">18.00<\/td>\n<td width=\"624\">1. + Katarzyna sworze\u0144 (26)<\/p>\n<p>2. + Aleksandra Kubicka<\/p>\n<p>3. + Eugeniusz Pitera od kuzyna Jana z rodzin\u0105<\/p>\n<p>4. + Danuta Bednarz od Jerzego Kotula<\/p>\n<p><em>+ Stanis\u0142aw \u017bmuda (26) \u2013 od s\u0105siad\u00f3w z Herbowej i Hmielnej \u2013 Tarnoszyn<\/em><\/p>\n<p><em>+ Piotr Mi\u0105sik (26)) od koleg\u00f3w z Linker i Filler &#8211; Mo\u0142dawia<\/em><\/td>\n<\/tr>\n<\/tbody>\n<\/table>\n<p><strong>&nbsp;\u015aroda: 27.02<\/strong><\/p>\n<table width=\"0\">\n<tbody>\n<tr>\n<td width=\"76\">7.00<\/td>\n<td width=\"624\">1. + Agata Borowiec<\/td>\n<\/tr>\n<tr>\n<td width=\"76\">18.00<\/td>\n<td width=\"624\">1. + Katarzyna Sworze\u0144 (27)<\/p>\n<p>2. + Janina, Micha\u0142 Cygan<\/p>\n<p>3. + Zofia Skoczylas od Ryszarda Barana &nbsp;z rodzin\u0105<\/p>\n<p>4. + Pawe\u0142 Huchla od wujka J\u00f3zefa<\/p>\n<p><em>+ Stanis\u0142aw \u017bmuda (27)- od s\u0105siad\u00f3w z Chmielnej i Herbowej &#8211; &nbsp;Tarnoszyn<\/em><\/p>\n<p><em>+ Piotr Mi\u0105sik (27) od koleg\u00f3w z Linker i Filler &#8211; Mo\u0142dawia<\/em><\/td>\n<\/tr>\n<\/tbody>\n<\/table>\n<p><strong>Czwartek: 28.02<\/strong><\/p>\n<table width=\"0\">\n<tbody>\n<tr>\n<td width=\"76\">7.00<\/td>\n<td width=\"624\">1. + Micha\u0142, Maria Lasota<\/p>\n<p>2. + Stefan Rzeszutko od siostry Stanis\u0142awy z m\u0119\u017cem<\/td>\n<\/tr>\n<tr>\n<td width=\"76\">18.00<\/td>\n<td width=\"624\">1. + Katarzyna&nbsp; (28)<\/p>\n<p>2. O zdrowie i Bo\u017ce b\u0142og. dla Julii w 3 urodziny<\/p>\n<p>3. + Helena Pa\u015bkiewicz od rodziny Lasot\u00f3w<\/p>\n<p><em>+ Stanis\u0142aw \u017bmuda (28) \u2013 od ch\u00f3ru Fontes\u2013 Tarnoszyn<\/em><\/p>\n<p><em>+ Piotr Mi\u0105sik (28) od koleg\u00f3w z Linker i Filler &#8211; Mo\u0142dawia<\/em><\/td>\n<\/tr>\n<\/tbody>\n<\/table>\n<p><strong>Pi\u0105tek: 1.03<\/strong><\/p>\n<table width=\"0\">\n<tbody>\n<tr>\n<td width=\"76\">7.00<\/td>\n<td width=\"624\">1. +&nbsp; Katarzyna Sworze\u0144 (29)<\/p>\n<p>2. + Anna Piekie\u0142ek od kuzynki Katarzyny Opio\u0142y<\/p>\n<p>3. + Eugeniusz Pitera od rodziny Nowackich ze Straszydla<\/td>\n<\/tr>\n<tr>\n<td width=\"76\">18.00<\/td>\n<td width=\"624\">1.&nbsp; + Bronis\u0142aw Krasowski (1).<\/p>\n<p>2. + El\u017cbieta P\u0105czek od c\u00f3rki Malwiny \u2013 zako\u0144czenie Mszy pogrzebowych<\/p>\n<p>3. + Anna G\u0142odowska od s\u0105siad\u00f3w t\u0142uczk\u00f3w i Wac\u0142awk\u00f3w<\/p>\n<p><em>+ Stanis\u0142aw \u017bmuda (29) od Homik\u00f3w i Baran\u00f3w- Tarnoszyn<\/em><\/p>\n<p><em>+ Piotr Mi\u0105sik (29) od wsp\u00f3\u0142pracownik\u00f3w z Linker i Filler &#8211; Bielce na Mo\u0142dawii<\/em><\/p>\n<p><em>+ Katarzyna Trojan (1) \u2013 Mo\u0142dawia<\/em><\/p>\n<p><em>+ Stanis\u0142aw Ziemniak (1) od c\u00f3rki Anny z rodzin\u0105 &#8211; Tarnoszyn<\/em><\/td>\n<\/tr>\n<\/tbody>\n<\/table>\n<p><strong>Sobota: 2.03<\/strong><\/p>\n<table width=\"0\">\n<tbody>\n<tr>\n<td width=\"76\">7.00<\/td>\n<td width=\"624\">1. + Stefan Rzeszutko od wnuczki Agaty<\/td>\n<\/tr>\n<tr>\n<td width=\"76\">18.00<\/td>\n<td width=\"624\">1. + Katarzyna Sworze\u0144 (30) \u2013 zako\u0144czenie Mszy gregoria\u0144skich<\/p>\n<p>2. + Bronis\u0142aw Krasowski (2)<\/p>\n<p>3. + Helena, Kazimierz Jacek<\/p>\n<p><em>+ Stanis\u0142aw \u017bmuda (30) od rodziny ze Zg\u0142obnia \u2013 Tarnoszyn \u2013 zako\u0144czenie Mszy gregoria\u0144skich<\/em><\/p>\n<p><em>+ Piotr Mi\u0105sik (30)-od wsp\u00f3\u0142pracownik\u00f3w z Linker i Filler \u2013Mo\u0142dawii \u2013 zako\u0144czenie. Mszy greg.<\/em><\/p>\n<p><em>+ Katarzyna Trojan (2) \u2013 Mo\u0142dawia<\/em><\/p>\n<p><em>+ Stanis\u0142aw Ziemniak od c\u00f3rki Bo\u017ceny &#8211; Tarnoszyn<\/em><\/td>\n<\/tr>\n<\/tbody>\n<\/table>\n<p><strong>NIEDZIELA: 3.03<\/strong><\/p>\n<table width=\"0\">\n<tbody>\n<tr>\n<td width=\"76\">7.00<\/td>\n<td width=\"624\">1. + Gra\u017cyna Paluch, Wies\u0142awa, Stanis\u0142aw Piekie\u0142ek (19 rocz.)<\/p>\n<p>2. + Antoni, Albina Go\u015b<\/p>\n<p><em>+ Katarzyna Trojan (3) &#8211; Mo\u0142dawia<\/em><\/p>\n<p><em>+ Stanis\u0142aw Ziemniak (3) od Zespo\u0142u Weso\u0142e Kumoszki &#8211; Tarnoszyn<\/em><\/td>\n<\/tr>\n<tr>\n<td width=\"76\">9.00<\/td>\n<td width=\"624\">1. + Bronis\u0142aw Krasowski (3)<\/td>\n<\/tr>\n<tr>\n<td width=\"76\">10.30<\/td>\n<td width=\"624\">1. + + z rodzin zarzeckich, Zieli\u0144skich, Igner\u00f3w<\/td>\n<\/tr>\n<tr>\n<td width=\"76\">12.00<\/td>\n<td width=\"624\">1 + Za parafian&nbsp; \u017cywych i zmar\u0142ych<\/td>\n<\/tr>\n<tr>\n<td width=\"76\">16.00<\/td>\n<td width=\"624\">1. + Jan Ciura (18 rocz.) od c\u00f3rki z rodzin\u0105<\/td>\n<\/tr>\n<tr>\n<td width=\"76\">18.00<\/td>\n<td width=\"624\">1. + Pawe\u0142 Ferenc<\/td>\n<\/tr>\n<\/tbody>\n<\/table>\n<p>Do u\u017cytku Parafii MB \u015anie\u017cnej w Rzeszowie!<\/p>\n","protected":false},"excerpt":{"rendered":"<p>&#8230;<\/p>\n","protected":false},"author":1,"featured_media":5479,"comment_status":"closed","ping_status":"open","sticky":false,"template":"","format":"standard","meta":{"ngg_post_thumbnail":0,"footnotes":""},"categories":[4],"tags":[],"class_list":["post-5699","post","type-post","status-publish","format-standard","has-post-thumbnail","hentry","category-intencje"],"_links":{"self":[{"href":"https:\/\/mbsniezna.rzeszow.pl\/index.php\/wp-json\/wp\/v2\/posts\/5699","targetHints":{"allow":["GET"]}}],"collection":[{"href":"https:\/\/mbsniezna.rzeszow.pl\/index.php\/wp-json\/wp\/v2\/posts"}],"about":[{"href":"https:\/\/mbsniezna.rzeszow.pl\/index.php\/wp-json\/wp\/v2\/types\/post"}],"author":[{"embeddable":true,"href":"https:\/\/mbsniezna.rzeszow.pl\/index.php\/wp-json\/wp\/v2\/users\/1"}],"replies":[{"embeddable":true,"href":"https:\/\/mbsniezna.rzeszow.pl\/index.php\/wp-json\/wp\/v2\/comments?post=5699"}],"version-history":[{"count":1,"href":"https:\/\/mbsniezna.rzeszow.pl\/index.php\/wp-json\/wp\/v2\/posts\/5699\/revisions"}],"predecessor-version":[{"id":5700,"href":"https:\/\/mbsniezna.rzeszow.pl\/index.php\/wp-json\/wp\/v2\/posts\/5699\/revisions\/5700"}],"wp:featuredmedia":[{"embeddable":true,"href":"https:\/\/mbsniezna.rzeszow.pl\/index.php\/wp-json\/wp\/v2\/media\/5479"}],"wp:attachment":[{"href":"https:\/\/mbsniezna.rzeszow.pl\/index.php\/wp-json\/wp\/v2\/media?parent=5699"}],"wp:term":[{"taxonomy":"category","embeddable":true,"href":"https:\/\/mbsniezna.rzeszow.pl\/index.php\/wp-json\/wp\/v2\/categories?post=5699"},{"taxonomy":"post_tag","embeddable":true,"href":"https:\/\/mbsniezna.rzeszow.pl\/index.php\/wp-json\/wp\/v2\/tags?post=5699"}],"curies":[{"name":"wp","href":"https:\/\/api.w.org\/{rel}","templated":true}]}}