{"id":5724,"date":"2019-03-17T07:51:29","date_gmt":"2019-03-17T06:51:29","guid":{"rendered":"https:\/\/mbsniezna.rzeszow.pl\/?p=5724"},"modified":"2019-03-17T07:51:29","modified_gmt":"2019-03-17T06:51:29","slug":"ogloszenia-na-ii-niedziele-wielkiego-postu-17-03-2019-r","status":"publish","type":"post","link":"https:\/\/mbsniezna.rzeszow.pl\/index.php\/2019\/03\/17\/ogloszenia-na-ii-niedziele-wielkiego-postu-17-03-2019-r\/","title":{"rendered":"Og\u0142oszenia na II Niedziel\u0119 Wielkiego Postu, 17.03.2019 r."},"content":{"rendered":"<p>II NIEDZIELA WIELKIEGO POSTU \u2013 OG\u0141OSZENIA<br \/>\n17 MARCA 2019<\/p>\n<p>1.\tDzisiaj o 17.00 Gorzkie \u017bale z kazaniem pasyjnym.<\/p>\n<p>2.\tWe wtorek Uroczysto\u015b\u0107 \u015bw. J\u00f3zefa Oblubie\u0144ca NMP i Opiekuna Pana Jezusa.<\/p>\n<p>3.\tW \u015brod\u0119 nabo\u017ce\u0144stwo do Siedmiu Bole\u015bci Matki Bo\u017cej. Spotkanie kandydat\u00f3w do bierzmowania z klasy III gimnazjum.<\/p>\n<p>4.\tW czwartek od 17.15 adoracja i mo\u017cliwo\u015b\u0107 spowiedzi. Katecheza dla doros\u0142ych \u201eRado\u015b\u0107 Ewangelii\u201d.<\/p>\n<p>5.\tW pi\u0105tek Nabo\u017ce\u0144stwo Drogi Krzy\u017cowej o 17.30 i 20.00. Spotkania oazy.<\/p>\n<p>6.\tW sobot\u0119 o 6.30 z dolnego parkingu ko\u015bcielnego wyjazd na parafialn\u0105 Drog\u0119 Krzy\u017cowa w Bieszczady \u2013 jedzie 100 os\u00f3b (2 autobusy) pod kierunkiem ks. Damiana. Program: o 10.00 Msza \u015bw. w cerkwi w \u0141opiance, nast\u0119pnie Droga Krzy\u017cowa na Korbanie, obiad w Wo\u0142kowyi, nawiedzenie cerkwi w G\u00f3rzance \u2013 je\u015bli czas pozwoli.<\/p>\n<p>7.\tW przysz\u0142\u0105 niedziel\u0119 Droga Krzy\u017cowa o 6.30, Gorzkie \u017cale o 17.00 na kt\u00f3rych b\u0119dzie taca na Ciemnic\u0119 i Bo\u017cy Gr\u00f3b.<\/p>\n<p>8.\tW przysz\u0142\u0105 niedziel\u0119 m\u0142odzie\u017c ze Szkolnego Ko\u0142a Caritas b\u0119dzie rozprowadza\u0107 baranki wielkanocne po 5 z\u0142.<\/p>\n<p>9.\tZapowiedzi: Wojciech Matwij \u2013 Paulina Trzyna (zap. I); Daniel Lory\u015b \u2013 Justyna Krupczak (zap. II); P. Kawalec \u2013 A. Policha (zap. III).<\/p>\n<p>10.\tB\u00f3g zap\u0142a\u0107 za  ofiary na sprz\u0105tanie ko\u015bcio\u0142a, w tym tygodniu z ul. Por\u0105bki prosimy rodziny: Beaty Kud, Agnieszki Mosi\u0119\u017cny, Bo\u017ceny Wo\u017aniak, Barbary Czachor, Ma\u0142gorzaty Ba\u0142\u0105j, Anny Jedynak, Iwony Wyskiel, Aleksandry Kopackiej, Tomasza Tobiasz, Aldony Biele\u0144, Patrycji Tur.<\/p>\n<p>11.\tWe wtorek 26 marca po Mszy \u015bw. wieczornej b\u0119dzie spotkanie organizacyjne dla rodzic\u00f3w dzieci komunijnych. Zapraszamy.<\/p>\n<p>12.\tW sobot\u0119 30 marca w Domu Kultury Budziw\u00f3j b\u0119dzie Osiedlowy Turniej Tenisa Sto\u0142owego dla dzieci i doros\u0142ych. Trwaj\u0105 zapisy. Wpisowe 5 z\u0142.<\/p>\n<p>13.\tDzisiaj po Mszach \u015bw. og\u00f3lnopolska zbi\u00f3rka do puszek na misje. B\u00f3g zap\u0142a\u0107.<\/p>\n<p>Tylko do u\u017cytku wewn\u0119trznego Parafii MB \u015anie\u017cnej w Rzeszowie!<\/p>\n","protected":false},"excerpt":{"rendered":"<p>&#8230;<\/p>\n","protected":false},"author":1,"featured_media":5488,"comment_status":"closed","ping_status":"open","sticky":false,"template":"","format":"standard","meta":{"ngg_post_thumbnail":0,"footnotes":""},"categories":[14],"tags":[],"class_list":["post-5724","post","type-post","status-publish","format-standard","has-post-thumbnail","hentry","category-ogloszenia_duszp"],"_links":{"self":[{"href":"https:\/\/mbsniezna.rzeszow.pl\/index.php\/wp-json\/wp\/v2\/posts\/5724","targetHints":{"allow":["GET"]}}],"collection":[{"href":"https:\/\/mbsniezna.rzeszow.pl\/index.php\/wp-json\/wp\/v2\/posts"}],"about":[{"href":"https:\/\/mbsniezna.rzeszow.pl\/index.php\/wp-json\/wp\/v2\/types\/post"}],"author":[{"embeddable":true,"href":"https:\/\/mbsniezna.rzeszow.pl\/index.php\/wp-json\/wp\/v2\/users\/1"}],"replies":[{"embeddable":true,"href":"https:\/\/mbsniezna.rzeszow.pl\/index.php\/wp-json\/wp\/v2\/comments?post=5724"}],"version-history":[{"count":1,"href":"https:\/\/mbsniezna.rzeszow.pl\/index.php\/wp-json\/wp\/v2\/posts\/5724\/revisions"}],"predecessor-version":[{"id":5725,"href":"https:\/\/mbsniezna.rzeszow.pl\/index.php\/wp-json\/wp\/v2\/posts\/5724\/revisions\/5725"}],"wp:featuredmedia":[{"embeddable":true,"href":"https:\/\/mbsniezna.rzeszow.pl\/index.php\/wp-json\/wp\/v2\/media\/5488"}],"wp:attachment":[{"href":"https:\/\/mbsniezna.rzeszow.pl\/index.php\/wp-json\/wp\/v2\/media?parent=5724"}],"wp:term":[{"taxonomy":"category","embeddable":true,"href":"https:\/\/mbsniezna.rzeszow.pl\/index.php\/wp-json\/wp\/v2\/categories?post=5724"},{"taxonomy":"post_tag","embeddable":true,"href":"https:\/\/mbsniezna.rzeszow.pl\/index.php\/wp-json\/wp\/v2\/tags?post=5724"}],"curies":[{"name":"wp","href":"https:\/\/api.w.org\/{rel}","templated":true}]}}