{"id":5730,"date":"2019-03-24T08:19:36","date_gmt":"2019-03-24T07:19:36","guid":{"rendered":"https:\/\/mbsniezna.rzeszow.pl\/?p=5730"},"modified":"2019-03-24T08:22:17","modified_gmt":"2019-03-24T07:22:17","slug":"intencje-mszalne-25-03-31-03-2019","status":"publish","type":"post","link":"https:\/\/mbsniezna.rzeszow.pl\/index.php\/2019\/03\/24\/intencje-mszalne-25-03-31-03-2019\/","title":{"rendered":"Intencje mszalne 25.03 \u2013 31.03.2019"},"content":{"rendered":"<p><strong>Poniedzia\u0142ek: 25.03<\/strong><\/p>\n<table width=\"0\">\n<tbody>\n<tr>\n<td width=\"76\">7.00<\/td>\n<td width=\"624\">1. + Bronis\u0142aw Krasowski (25)<\/td>\n<\/tr>\n<tr>\n<td width=\"76\">18.00<\/td>\n<td width=\"624\">1 + Zofia Stachurska (12 rocz.)<\/p>\n<p>2. + Wies\u0142aw G\u0142odowski od szwagierki Danuty<\/p>\n<p>3. + Helena Majcher (4 rocz.)<\/p>\n<p><em>+ Stefan Rzeszutko od rodziny Kuziel\u00f3w \u2013 Dom Ksi\u0119zy Senior\u00f3w w Rzeszowie-S\u0142ocinie<\/em><\/p>\n<p><em>+ Katarzyna Trojan (25) &#8211; Mo\u0142dawia<\/em><\/p>\n<p><em>+ Stanis\u0142aw Ziemniak (25) od Danuty i Mieczys\u0142awa Noga &#8211; Tarnoszyn<\/em><\/td>\n<\/tr>\n<\/tbody>\n<\/table>\n<p><strong>Wtorek: 26.03<\/strong><\/p>\n<table width=\"0\">\n<tbody>\n<tr>\n<td width=\"76\">7.00<\/td>\n<td width=\"624\">1. + Bronis\u0142aw Krasowski (16)<\/p>\n<p>2. O zdrowie dla Jana<\/td>\n<\/tr>\n<tr>\n<td width=\"76\">18.00<\/td>\n<td width=\"624\">1. + Maria<\/p>\n<p>2. + Leon Pitera (27 rocz.)<\/p>\n<p>3. + Teodozja Majcher (3 rocz.)<\/p>\n<p>4. + Zbigniew Filip od \u017cony<\/p>\n<p><em>+ Stefan Rzeszutko od rodziny Ku\u015bnierzy &#8211; DKS<\/em><\/p>\n<p><em>+ Katarzyna Trojan (26) &#8211; Mo\u0142dawia<\/em><\/p>\n<p><em>+ Stanis\u0142aw Ziemniak (26) od rodziny Wisz\u00f3w &#8211; Tarnoszyn<\/em><\/td>\n<\/tr>\n<\/tbody>\n<\/table>\n<p>&nbsp;<strong>\u015aroda 27.03<\/strong><\/p>\n<table width=\"0\">\n<tbody>\n<tr>\n<td width=\"76\">7.00<\/td>\n<td width=\"624\">1. + Bronis\u0142aw Krasowski (27)<\/td>\n<\/tr>\n<tr>\n<td width=\"76\">18.00<\/td>\n<td width=\"624\">1. + J\u00f3zef, Maria Bury i ++ z rodziny<\/p>\n<p>2. O b\u0142og. Bo\u017ce i rozeznanie drogi \u017cyciowej dla Micha\u0142a w 15 urodziny<\/p>\n<p><em>+ Stefan Rzeszutko od Doroty i Grzegorza W\u00f3jcik &#8211; DKS<\/em><\/p>\n<p><em>+ Agnieszka Homik od s\u0105siad\u00f3w z ul. Herbowej i Chmielnej- ks. Pawe\u0142 poza parafi\u0105<\/em><\/p>\n<p><em>+ Katarzyna Trojan (27) &#8211; Mo\u0142dawia<\/em><\/p>\n<p><em>+ Stanis\u0142aw Ziemniak (27) od rodziny Kukla- Tarnoszyn<\/em><\/td>\n<\/tr>\n<\/tbody>\n<\/table>\n<p><strong>Czwartek: 28.03<\/strong><\/p>\n<table width=\"0\">\n<tbody>\n<tr>\n<td width=\"76\">7.00<\/td>\n<td width=\"624\">1. + Bronis\u0142aw Krasowski (28)<\/p>\n<p>2. + Janusz Bury od rodziny Sarn\u00f3w<\/td>\n<\/tr>\n<tr>\n<td width=\"76\">18.00<\/td>\n<td width=\"624\">1. + Janina Pr\u0119dka od wnuka Arka<\/p>\n<p>2. + Czes\u0142aw \u015alemp od \u017cony<\/p>\n<p><em>+ Stefan Rzeszutko od Doroty i Tadeusza Matu\u0142a \u2013 DKS<\/em><\/p>\n<p><em>+ Agnieszka Homik od s\u0105siad\u00f3w z Herbowej i Chmielnej \u2013 ks. Pawe\u0142 poza parafi\u0105<\/em><\/p>\n<p><em>+ Katarzyna Trojan (28) &#8211; Mo\u0142dawia<\/em><\/p>\n<p><em>+ Stanis\u0142aw Ziemniak (28) \u2013 od &nbsp;rodziny Kot\u00f3w &#8211; Tarnoszyn<\/em><\/td>\n<\/tr>\n<\/tbody>\n<\/table>\n<p><strong>Pi\u0105tek: 29.03<\/strong><\/p>\n<table width=\"0\">\n<tbody>\n<tr>\n<td width=\"76\">7.00<\/td>\n<td width=\"624\">1. + Bronis\u0142aw Krasowski (29)<\/td>\n<\/tr>\n<tr>\n<td width=\"76\">18.00<\/td>\n<td width=\"624\">1.&nbsp; + J\u00f3zef, Stanis\u0142aw Naw\u00f3j i ++ z rodziny<\/p>\n<p>2.&nbsp; + J\u00f3zef Kalandyk, J\u00f3zef Cis\u0142o, J\u00f3zef i Zofia S\u0142owik<\/p>\n<p><em>+ Stefan Rzeszutko od Zofii Matu\u0142a \u2013 DKS<\/em><\/p>\n<p><em>+ Agnieszka Homik od s\u0105siad\u00f3w z Herbowej i Chmielnej<\/em><\/p>\n<p><em>+ Katarzyna Trojan (29) \u2013 Mo\u0142dawia<\/em><\/p>\n<p><em>+ Stanis\u0142aw Ziemniak (29) od rodziny Szwed\u00f3w- Tarnoszyn<\/em><\/td>\n<\/tr>\n<\/tbody>\n<\/table>\n<p><strong>Sobota: 30.03<\/strong><\/p>\n<table width=\"0\">\n<tbody>\n<tr>\n<td width=\"76\">7.00<\/td>\n<td width=\"624\">1. + Stanis\u0142awa, Boles\u0142aw Gliwa<\/p>\n<p>2. + Danuta Bednarz od Katarzyny i Piotra Marcinek<\/td>\n<\/tr>\n<tr>\n<td width=\"76\">18.00<\/td>\n<td width=\"624\">1. + Bronis\u0142aw Krasowski (30) \u2013 zako\u0144czenie Mszy gregoria\u0144skich<\/p>\n<p><em>+ Stefan Rzeszutko od J\u00f3zefa Kuc z rodzina \u2013 DKS<\/em><\/p>\n<p><em>+ Agnieszka Homik od Anny i Wojciecha Cioch z rodzin\u0105 \u2013 ks. Pawe\u0142 poza parafi\u0105<\/em><\/p>\n<p><em>+ Katarzyna Trojan (30) \u2013 Mo\u0142dawia \u2013 zako\u0144czenie Mszy gregoria\u0144skich<\/em><\/p>\n<p><em>+ Stanis\u0142aw Ziemniak (30) od Anny Mazur- Tarnoszyn \u2013 zako\u0144czenie Mszy gregoria\u0144skich<\/em><\/td>\n<\/tr>\n<\/tbody>\n<\/table>\n<p><strong>NIEDZIELA: 31 .03<\/strong><\/p>\n<table width=\"0\">\n<tbody>\n<tr>\n<td width=\"76\">7.00<\/td>\n<td width=\"624\">1. + Gra\u017cyna Pa\u015bkiewicz<\/td>\n<\/tr>\n<tr>\n<td width=\"76\">9.00<\/td>\n<td width=\"624\">1. + Les\u0142aw Skowron (5 rocz.) od \u017cony z rodzin\u0105<\/td>\n<\/tr>\n<tr>\n<td width=\"76\">10.30<\/td>\n<td width=\"624\">1. + Pawe\u0142 Stanis\u0142awa Jopek<\/p>\n<p><em>+ Agnieszka Homik od El\u017cbiety i Bogdana Bury \u2013 ks. Pawe\u0142 poza parafi\u0105<\/em><\/td>\n<\/tr>\n<tr>\n<td width=\"76\">12.00<\/td>\n<td width=\"624\">1 + Za parafian&nbsp; \u017cywych i zmar\u0142ych<\/td>\n<\/tr>\n<tr>\n<td width=\"76\">16.00<\/td>\n<td width=\"624\">1.&nbsp; Dzi\u0119kczynna i o dalsze \u0142aski<\/td>\n<\/tr>\n<tr>\n<td width=\"76\">18.00<\/td>\n<td width=\"624\">1. + Janina Sitek (8 rocz.) i ++ z rodziny Sitk\u00f3w<\/td>\n<\/tr>\n<\/tbody>\n<\/table>\n<p>Tylko do u\u017cytku wewn\u0119trznego Parafii MB \u015anie\u017cnej w Rzeszowie!<\/p>\n","protected":false},"excerpt":{"rendered":"<p>&#8230;<\/p>\n","protected":false},"author":1,"featured_media":5479,"comment_status":"closed","ping_status":"open","sticky":false,"template":"","format":"standard","meta":{"ngg_post_thumbnail":0,"footnotes":""},"categories":[4],"tags":[],"class_list":["post-5730","post","type-post","status-publish","format-standard","has-post-thumbnail","hentry","category-intencje"],"_links":{"self":[{"href":"https:\/\/mbsniezna.rzeszow.pl\/index.php\/wp-json\/wp\/v2\/posts\/5730","targetHints":{"allow":["GET"]}}],"collection":[{"href":"https:\/\/mbsniezna.rzeszow.pl\/index.php\/wp-json\/wp\/v2\/posts"}],"about":[{"href":"https:\/\/mbsniezna.rzeszow.pl\/index.php\/wp-json\/wp\/v2\/types\/post"}],"author":[{"embeddable":true,"href":"https:\/\/mbsniezna.rzeszow.pl\/index.php\/wp-json\/wp\/v2\/users\/1"}],"replies":[{"embeddable":true,"href":"https:\/\/mbsniezna.rzeszow.pl\/index.php\/wp-json\/wp\/v2\/comments?post=5730"}],"version-history":[{"count":2,"href":"https:\/\/mbsniezna.rzeszow.pl\/index.php\/wp-json\/wp\/v2\/posts\/5730\/revisions"}],"predecessor-version":[{"id":5735,"href":"https:\/\/mbsniezna.rzeszow.pl\/index.php\/wp-json\/wp\/v2\/posts\/5730\/revisions\/5735"}],"wp:featuredmedia":[{"embeddable":true,"href":"https:\/\/mbsniezna.rzeszow.pl\/index.php\/wp-json\/wp\/v2\/media\/5479"}],"wp:attachment":[{"href":"https:\/\/mbsniezna.rzeszow.pl\/index.php\/wp-json\/wp\/v2\/media?parent=5730"}],"wp:term":[{"taxonomy":"category","embeddable":true,"href":"https:\/\/mbsniezna.rzeszow.pl\/index.php\/wp-json\/wp\/v2\/categories?post=5730"},{"taxonomy":"post_tag","embeddable":true,"href":"https:\/\/mbsniezna.rzeszow.pl\/index.php\/wp-json\/wp\/v2\/tags?post=5730"}],"curies":[{"name":"wp","href":"https:\/\/api.w.org\/{rel}","templated":true}]}}