{"id":5732,"date":"2019-03-24T08:21:06","date_gmt":"2019-03-24T07:21:06","guid":{"rendered":"https:\/\/mbsniezna.rzeszow.pl\/?p=5732"},"modified":"2019-03-24T08:21:51","modified_gmt":"2019-03-24T07:21:51","slug":"ogloszenia-na-iii-niedziele-wielkiego-postu-24-03-2019-r","status":"publish","type":"post","link":"https:\/\/mbsniezna.rzeszow.pl\/index.php\/2019\/03\/24\/ogloszenia-na-iii-niedziele-wielkiego-postu-24-03-2019-r\/","title":{"rendered":"Og\u0142oszenia na III Niedziel\u0119 Wielkiego Postu, 24.03.2019 r."},"content":{"rendered":"<p>III NIEDZIELA WIELKIEGO POSTU \u2013 OG\u0141OSZENIA<br \/>\n24 MARCA 2019 R.<\/p>\n<p>1.\tDzisiaj o 17.00 Gorzkie \u017bale &#8211; taca na urz\u0105dzenie Ciemnicy i Bo\u017cego Grobu.<\/p>\n<p>2.\tJutro \u015awi\u0119to Zwiastowania Pa\u0144skiego, jednocze\u015bnie Dzie\u0144 \u015awi\u0119to\u015bci \u017bycia. Na wieczornej Mszy \u015bw. b\u0119dzie przyj\u0119cie do Duchowej Adopcji Dziecka Pocz\u0119tego. Na stoliczku za \u0142awkami s\u0105 deklaracje \u2013 wype\u0142nion\u0105 cz\u0119\u015b\u0107 odcinamy i sk\u0142adamy do koszyka podczas obrz\u0119du przyj\u0119cia. Zapraszamy do podj\u0119cia Duchowej Adopcji. B\u0105d\u017amy obro\u0144cami \u017cycia.<\/p>\n<p>3.\tWe wtorek po Mszy wieczornej spotkanie rodzic\u00f3w dzieci komunijnych w salce.<\/p>\n<p>4.\tWe \u015brod\u0119 Nabo\u017ce\u0144stwo do Siedmiu Bole\u015bci Matki Bo\u017cej, spotkanie  wszystkich ministrant\u00f3w i lektor\u00f3w.<\/p>\n<p>5.\tW czwartek od 17.15 adoracja i mo\u017cliwo\u015b\u0107  spowiedzi. Po Mszy wieczornej katecheza dla doros\u0142ych  \u201eRado\u015b\u0107  Ewangelii\u201d.<\/p>\n<p>6.\tW pi\u0105tek nabo\u017ce\u0144stwo Drogi Krzy\u017cowej  o godz. 17.00 i 20.00. Spotkania oazy.<\/p>\n<p>7.\tW niedziel\u0119 Droga Krzy\u017cowa o 6.30,  Gorzkie \u017bale o 17.00 \u2013 sk\u0142adka na kwiaty do Bo\u017cego Grobu.<\/p>\n<p>8.\tZapowiedzi: Patryk Stolarski \u2013 Sylwia Rzemieniec, Jakub Szyma\u0144ski \u2013 Magdalena Drza\u0142, \u0141ukasz Kozio\u0142 \u2013 Joanna Pitera, Tomasz G\u0142\u00f3d \u2013 Agata Konieczny (zap. I); Wojciech Matwij \u2013 Paulina Trzyna (zap. II); Daniel Lory\u015b \u2013 Justyna Krupczak (zap. III).<\/p>\n<p>9.\tB\u00f3g zap\u0142a\u0107 za ofiary na sprz\u0105tanie ko\u015bcio\u0142a, w tym tygodniu z ul. Por\u0105bki prosimy rodziny: Agnieszki Pociask, Lidii Obacz, Anety Kusz, Anny Stanio, Ewy Bomba, Agnieszki \u015al\u0119czka, Ma\u0142gorzaty Stoch\u0142a, Moniki Teterling, Anety Rokosz, Angeliki \u017b\u00f3\u0142kiewicz, Katarzyny Myrda.<\/p>\n<p>10.\tB\u00f3g zap\u0142a\u0107 za sk\u0142adk\u0119 inwestycyjn\u0105 z ubieg\u0142ej niedzieli, kt\u00f3ra wynios\u0142a 10 600z\u0142.<\/p>\n<p>11.\tDzi\u0119kujemy za sk\u0142adan\u0105 makulatur\u0119, kt\u00f3rej by\u0142o 4 600 kilogram\u00f3w, za kt\u00f3re otrzymali\u015bmy 700 z\u0142, dw\u00f3ch ofiarodawc\u00f3w do\u0142o\u017cy\u0142o 300 z\u0142. I przekazali\u015bmy do Zambii 1 000 z\u0142, za kt\u00f3re zostanie zakupione 10 k\u00f3z. Zbi\u00f3rka makulatury na ten cel b\u0119dzie kontunuowania  po \u015awi\u0119tach Wielkanocnych.<\/p>\n<p>12.\tDzi\u0119kujemy wszystkim, kt\u00f3rzy pod przewodnictwem ks. Damiana wczoraj uczestniczyli w Drodze Krzy\u017cowej w Bieszczadach. Planujemy jeszcze przed wakacjami zorganizowa\u0107 wypraw\u0119 w najdziksze rejony Bieszczad \u2013 6 godzin pieszej w\u0119dr\u00f3wki wzd\u0142u\u017c granicy z Ukrain\u0105 do \u017ar\u00f3de\u0142 Sanu.<\/p>\n<p>13.\tW \u015brod\u0119 o godz. 9.00 w Urz\u0119dzie Gminy w Tyczynie b\u0119dzie szkolenie rolnik\u00f3w nt. \u201eInnowacje w uprawach warzywniczych\u201d. B\u0119d\u0105 te\u017c sprzedawana nasiona.<\/p>\n<p>14.\tCaritas Diecezji Rzeszowskiej prosi o przekazanie 1% podatku. Ulotki s\u0105 na stoliczku.<\/p>\n<p>15.\t29 i 30 marca cz\u0142onkowie Szkolnego Ko\u0142a Caritas w \u201eBiedronce\u201d na Pu\u0142anku zbiera\u0107 b\u0119d\u0105 produkty \u017cywno\u015bciowe w ramach akcji \u201e\u015awi\u0105teczna zbi\u00f3rka\u201d prowadzonej przez Caritas Diecezji Rzeszowskiej.<\/p>\n<p>16.\tW przedsionku ko\u015bcio\u0142a u m\u0142odzie\u017cy ze Szkolnego Ko\u0142a Caritas mo\u017cemy naby\u0107 wielkanocne baranki Caritas po 5 z\u0142.<\/p>\n<p>Tylko do u\u017cytku wewn\u0119trznego Parafii MB \u015anie\u017cnej w Rzeszowie!<\/p>\n","protected":false},"excerpt":{"rendered":"<p>&#8230;<\/p>\n","protected":false},"author":1,"featured_media":5467,"comment_status":"closed","ping_status":"open","sticky":false,"template":"","format":"standard","meta":{"ngg_post_thumbnail":0,"footnotes":""},"categories":[14],"tags":[],"class_list":["post-5732","post","type-post","status-publish","format-standard","has-post-thumbnail","hentry","category-ogloszenia_duszp"],"_links":{"self":[{"href":"https:\/\/mbsniezna.rzeszow.pl\/index.php\/wp-json\/wp\/v2\/posts\/5732","targetHints":{"allow":["GET"]}}],"collection":[{"href":"https:\/\/mbsniezna.rzeszow.pl\/index.php\/wp-json\/wp\/v2\/posts"}],"about":[{"href":"https:\/\/mbsniezna.rzeszow.pl\/index.php\/wp-json\/wp\/v2\/types\/post"}],"author":[{"embeddable":true,"href":"https:\/\/mbsniezna.rzeszow.pl\/index.php\/wp-json\/wp\/v2\/users\/1"}],"replies":[{"embeddable":true,"href":"https:\/\/mbsniezna.rzeszow.pl\/index.php\/wp-json\/wp\/v2\/comments?post=5732"}],"version-history":[{"count":2,"href":"https:\/\/mbsniezna.rzeszow.pl\/index.php\/wp-json\/wp\/v2\/posts\/5732\/revisions"}],"predecessor-version":[{"id":5734,"href":"https:\/\/mbsniezna.rzeszow.pl\/index.php\/wp-json\/wp\/v2\/posts\/5732\/revisions\/5734"}],"wp:featuredmedia":[{"embeddable":true,"href":"https:\/\/mbsniezna.rzeszow.pl\/index.php\/wp-json\/wp\/v2\/media\/5467"}],"wp:attachment":[{"href":"https:\/\/mbsniezna.rzeszow.pl\/index.php\/wp-json\/wp\/v2\/media?parent=5732"}],"wp:term":[{"taxonomy":"category","embeddable":true,"href":"https:\/\/mbsniezna.rzeszow.pl\/index.php\/wp-json\/wp\/v2\/categories?post=5732"},{"taxonomy":"post_tag","embeddable":true,"href":"https:\/\/mbsniezna.rzeszow.pl\/index.php\/wp-json\/wp\/v2\/tags?post=5732"}],"curies":[{"name":"wp","href":"https:\/\/api.w.org\/{rel}","templated":true}]}}