{"id":5737,"date":"2019-04-01T14:08:56","date_gmt":"2019-04-01T12:08:56","guid":{"rendered":"https:\/\/mbsniezna.rzeszow.pl\/?p=5737"},"modified":"2019-04-01T14:08:56","modified_gmt":"2019-04-01T12:08:56","slug":"intencje-mszalne-1-04-7-04-2019","status":"publish","type":"post","link":"https:\/\/mbsniezna.rzeszow.pl\/index.php\/2019\/04\/01\/intencje-mszalne-1-04-7-04-2019\/","title":{"rendered":"Intencje mszalne 1.04 \u2013 7.04.2019"},"content":{"rendered":"<p><strong>Poniedzia\u0142ek: 1.04<\/strong><\/p>\n<table width=\"0\">\n<tbody>\n<tr>\n<td width=\"76\">7.00<\/td>\n<td width=\"624\">1. + W intencji pielgrzym\u00f3w do \u0141agiewnik i ich rodzin<\/td>\n<\/tr>\n<tr>\n<td width=\"76\">18.00<\/td>\n<td width=\"624\">1 + Szczepan Chmiel (1)<\/p>\n<p>2. + Janusz Najda od Stanis\u0142awy Tondera<\/p>\n<p><em>+ Emil Borowiec (1) &#8211; Tarnoszyn<\/em><\/p>\n<p><em>+ Rozalia Jacek od rodziny Bana\u015b z Krasnego- Dom Ksi\u0119\u017cy Senior\u00f3w Rzesz\u00f3w-S\u0142ocina<\/em><\/p>\n<p><em>+ Janusz Bury od El\u017cbiety i Wies\u0142awa Sikora z rodz. \u2013 ks. Pawe\u0142 poza parafi\u0105<\/em><\/td>\n<\/tr>\n<\/tbody>\n<\/table>\n<p><strong>Wtorek: 2.04<\/strong><\/p>\n<table width=\"0\">\n<tbody>\n<tr>\n<td width=\"76\">7.00<\/td>\n<td width=\"624\">1. Szczepan Chmiel (2)<\/td>\n<\/tr>\n<tr>\n<td width=\"76\">18.00<\/td>\n<td width=\"624\">1. + Stanis\u0142aw Szczygie\u0142<\/p>\n<p>2. + Anna Piekie\u0142ek od Kuzynki Zofii i Anny Kalita<\/p>\n<p><em>+ Emil Borowiec (2) &#8211; Tarnoszyn<\/em><\/p>\n<p><em>+ Rozalia Jacek od Romana Bo\u017cka \u2013 DKS<\/em><\/p>\n<p><em>+ Janusz Bury od Danuty i Aleksandra Mazur z rodzin\u0105 \u2013 ks. Pawe\u0142 poza parafi\u0105<\/em><\/td>\n<\/tr>\n<\/tbody>\n<\/table>\n<p>&nbsp;<strong>\u015aroda 3.04<\/strong><\/p>\n<table width=\"0\">\n<tbody>\n<tr>\n<td width=\"76\">7.00<\/td>\n<td width=\"624\">1. + Zofia Chuchla<\/td>\n<\/tr>\n<tr>\n<td width=\"76\">18.00<\/td>\n<td width=\"624\">1. + Szczepan Chmiel (3)<\/p>\n<p>2. + Adam Gawe\u0142 (10 rocz.)<\/p>\n<p>3. + Zofia Skoczylas od wnuka \u0141ukasza z rodzin\u0105<\/p>\n<p><em>+ Emil Borowiec (3) \u2013 Tarnoszyn<\/em><\/p>\n<p><em>+ Rozalia Jacek od Doroty i Kazimierza Cie\u015bli z rodzin\u0105<\/em><\/p>\n<p><em>+Janusz Bury od s\u0105siad\u00f3w Ko\u015bci\u00f3\u0142k\u00f3w \u2013 ks. Pawe\u0142 poza parafi\u0105<\/em><\/td>\n<\/tr>\n<\/tbody>\n<\/table>\n<p><strong>Czwartek: 4.04<\/strong><\/p>\n<table width=\"0\">\n<tbody>\n<tr>\n<td width=\"76\">7.00<\/td>\n<td width=\"624\">1. + Ks. Kazimierz Guzy od pielgrzym\u00f3w do \u0141agiewnik<\/p>\n<p>2. O&nbsp; zdrowie i b\u0142og. Bo\u017ce dla m\u0119\u017ca i o opiek\u0119 Matki Bo\u017cej od Ma\u0142gorzaty<\/td>\n<\/tr>\n<tr>\n<td width=\"76\">18.00<\/td>\n<td width=\"624\">1. + Szczepan (4)<\/p>\n<p>2. + Henryk Wojturski<\/p>\n<p>3. + Helena Pa\u015bkiewicz od Stanis\u0142awy i Alfreda Lasota<\/p>\n<p><em>+ Emil Borowiec (4)- Tarnoszyn<\/em><\/p>\n<p><em>+ Czes\u0142aw \u015alemp od rodziny \u0141ukaszk\u00f3w z Rzeszowa \u2013 DKS<\/em><\/p>\n<p><em>+ Janusz Bury od El\u017cbiety i Tadeusza Pr\u0119dkich \u2013 ks. Pawe\u0142 poza parafi\u0105<\/em><\/td>\n<\/tr>\n<\/tbody>\n<\/table>\n<p><strong>Pi\u0105tek: 5.04<\/strong><\/p>\n<table width=\"0\">\n<tbody>\n<tr>\n<td width=\"76\">7.00<\/td>\n<td width=\"624\">1. + Marian, Bronis\u0142awa, Stanis\u0142aw Kotula, Teresa Szczygie\u0142<\/p>\n<p>2. + Adam Garlak od rodziny Bal\u00f3w i Myrd\u00f3w<\/p>\n<p>3. W intencji uczestnik\u00f3w Drogi Krzy\u017cowej w Bieszczadach<\/td>\n<\/tr>\n<tr>\n<td width=\"76\">18.00<\/td>\n<td width=\"624\">1.&nbsp; + Szczepan Chmiel (5)<\/p>\n<p>2.&nbsp; + Stanis\u0142aw (2 rocz.), Janusz Kotula<\/p>\n<p>3. + Anna S\u0142owik od c\u00f3rki Magdaleny z rodzin\u0105<\/p>\n<p><em>+ Emil Borowiec (5) &#8211; Tarnoszyn<\/em><\/p>\n<p><em>+ Czes\u0142aw \u015alemp od Wojciecha Kut z rodzina z Czudca &#8211; DKS<\/em><\/td>\n<\/tr>\n<\/tbody>\n<\/table>\n<p><strong>Sobota: 6.04<\/strong><\/p>\n<table width=\"0\">\n<tbody>\n<tr>\n<td width=\"76\">7.00<\/td>\n<td width=\"624\">1. + Ks. Kazimierz \u017bydzik od pielgrzym\u00f3w do \u0141agiewnik<\/p>\n<p>2. + Stefan Rzeszutko od wnuka Rafa\u0142a z Gabriel\u0105<\/td>\n<\/tr>\n<tr>\n<td width=\"76\">18.00<\/td>\n<td width=\"624\">1. + Szczepan Chmiel (6)<\/p>\n<p>2. + Julia, J\u00f3zef Pa\u015bko od wnuczki Bo\u017ceny<\/p>\n<p>3. + Czes\u0142aw Cyganik<\/p>\n<p><em>+ Emil Borowiec (6) \u2013 Tarnoszyn<\/em><\/p>\n<p><em>+ Czes\u0142aw \u015alemp od rodziny Pryk\u00f3w ze Siedlisk &#8211; DKS<\/em><\/td>\n<\/tr>\n<\/tbody>\n<\/table>\n<p><strong>NIEDZIELA:7.04<\/strong><\/p>\n<table width=\"0\">\n<tbody>\n<tr>\n<td width=\"76\">7.00<\/td>\n<td width=\"624\">1. O b\u0142og. Bo\u017ce dla si\u00f3str z nowej r\u00f3\u017cy Doroty Nowosiad\u0142o<\/p>\n<p>2. + Janina Pr\u0119dka (1 rocz.) od siostry Marii<\/td>\n<\/tr>\n<tr>\n<td width=\"76\">9.00<\/td>\n<td width=\"624\">1. Dzi\u0119kczynna i o Bo\u017ce b\u0142og. dla Aleksandry G\u0142odowskiej w 90 urodziny<\/p>\n<p>2. + Stefania, Jan Tabisz<\/p>\n<p><em>+ Emil Borowiec (7) &#8211; Tarnoszyn<\/em><\/td>\n<\/tr>\n<tr>\n<td width=\"76\">10.30<\/td>\n<td width=\"624\">1. + Szczepan Chmiel (7)<\/p>\n<p>2. Dzi\u0119kczynna i o Bo\u017ce b\u0142og. dla Gabrieli w 18 urodziny<\/td>\n<\/tr>\n<tr>\n<td width=\"76\">12.00<\/td>\n<td width=\"624\">1 + Za parafian&nbsp; \u017cywych i zmar\u0142ych<\/td>\n<\/tr>\n<tr>\n<td width=\"76\">16.00<\/td>\n<td width=\"624\">1. O b\u0142og. Bo\u017ce i pomy\u015blno\u015b\u0107 w egzaminach dla Macieja<\/td>\n<\/tr>\n<tr>\n<td width=\"76\">18.00<\/td>\n<td width=\"624\">1. Dzi\u0119kczynna i o Bo\u017ce b\u0142og. dla J\u00f3zefy Huchla w 90 urodziny<\/td>\n<\/tr>\n<\/tbody>\n<\/table>\n","protected":false},"excerpt":{"rendered":"<p>&#8230;<\/p>\n","protected":false},"author":1,"featured_media":5311,"comment_status":"closed","ping_status":"open","sticky":false,"template":"","format":"standard","meta":{"ngg_post_thumbnail":0,"footnotes":""},"categories":[4],"tags":[],"class_list":["post-5737","post","type-post","status-publish","format-standard","has-post-thumbnail","hentry","category-intencje"],"_links":{"self":[{"href":"https:\/\/mbsniezna.rzeszow.pl\/index.php\/wp-json\/wp\/v2\/posts\/5737","targetHints":{"allow":["GET"]}}],"collection":[{"href":"https:\/\/mbsniezna.rzeszow.pl\/index.php\/wp-json\/wp\/v2\/posts"}],"about":[{"href":"https:\/\/mbsniezna.rzeszow.pl\/index.php\/wp-json\/wp\/v2\/types\/post"}],"author":[{"embeddable":true,"href":"https:\/\/mbsniezna.rzeszow.pl\/index.php\/wp-json\/wp\/v2\/users\/1"}],"replies":[{"embeddable":true,"href":"https:\/\/mbsniezna.rzeszow.pl\/index.php\/wp-json\/wp\/v2\/comments?post=5737"}],"version-history":[{"count":1,"href":"https:\/\/mbsniezna.rzeszow.pl\/index.php\/wp-json\/wp\/v2\/posts\/5737\/revisions"}],"predecessor-version":[{"id":5738,"href":"https:\/\/mbsniezna.rzeszow.pl\/index.php\/wp-json\/wp\/v2\/posts\/5737\/revisions\/5738"}],"wp:featuredmedia":[{"embeddable":true,"href":"https:\/\/mbsniezna.rzeszow.pl\/index.php\/wp-json\/wp\/v2\/media\/5311"}],"wp:attachment":[{"href":"https:\/\/mbsniezna.rzeszow.pl\/index.php\/wp-json\/wp\/v2\/media?parent=5737"}],"wp:term":[{"taxonomy":"category","embeddable":true,"href":"https:\/\/mbsniezna.rzeszow.pl\/index.php\/wp-json\/wp\/v2\/categories?post=5737"},{"taxonomy":"post_tag","embeddable":true,"href":"https:\/\/mbsniezna.rzeszow.pl\/index.php\/wp-json\/wp\/v2\/tags?post=5737"}],"curies":[{"name":"wp","href":"https:\/\/api.w.org\/{rel}","templated":true}]}}