{"id":5752,"date":"2019-04-13T23:51:24","date_gmt":"2019-04-13T21:51:24","guid":{"rendered":"https:\/\/mbsniezna.rzeszow.pl\/?p=5752"},"modified":"2019-04-13T23:51:24","modified_gmt":"2019-04-13T21:51:24","slug":"intencje-mszalne-15-04-22-04-2019","status":"publish","type":"post","link":"https:\/\/mbsniezna.rzeszow.pl\/index.php\/2019\/04\/13\/intencje-mszalne-15-04-22-04-2019\/","title":{"rendered":"Intencje mszalne 15.04 \u2013 22.04.2019"},"content":{"rendered":"<p><strong>Wielki Poniedzia\u0142ek: 15.04<\/strong><\/p>\n<table width=\"0\">\n<tbody>\n<tr>\n<td width=\"76\">7.00<\/td>\n<td width=\"624\">1.W intencji uczestnik\u00f3w Drogi Krzy\u017cowej w Bieszczadach<\/p>\n<p>2.+Pawe\u0142 Huchla od Joanny i Ryszardy<\/td>\n<\/tr>\n<tr>\n<td width=\"76\">18.00<\/td>\n<td width=\"624\">1 + Szczepan (15)<\/p>\n<p>2. + Danuta Bednarz od Bronis\u0142awa Borowca z rodzin\u0105<\/p>\n<p><em>+ Emil Borowiec (15) &#8211; Tarnoszyn<\/em><\/p>\n<p><em>+ Teresa Czapla od rodziny Pa\u015bk\u00f3w &#8211; &nbsp;Dom Ksi\u0119\u017cy Senior\u00f3w Rzesz\u00f3w-S\u0142ocina<\/em><\/td>\n<\/tr>\n<\/tbody>\n<\/table>\n<p><strong>Wielki Wtorek: 16.04<\/strong><\/p>\n<table width=\"0\">\n<tbody>\n<tr>\n<td width=\"76\">7.00<\/td>\n<td width=\"624\">1. + Teofil, Maria Szwed<\/p>\n<p>1. + Zofia, Stanis\u0142aw Szwed<\/td>\n<\/tr>\n<tr>\n<td width=\"76\">18.00<\/td>\n<td width=\"624\">1. + Szczepan Chmiel (16)<\/p>\n<p>2. + Adam Garlak od s\u0105siad\u00f3w Pask\u00f3w i Matu\u0142\u00f3w<\/p>\n<p><em>+ Emil Borowiec (16) &#8211; Tarnoszyn<\/em><\/p>\n<p><em>+ Teresa Czapla od chrze\u015bniaka Krzysztofa z rodzin\u0105 &#8211; DKS<\/em><\/td>\n<\/tr>\n<\/tbody>\n<\/table>\n<p>&nbsp;<strong>Wielka \u015aroda 17.04<\/strong><\/p>\n<table width=\"0\">\n<tbody>\n<tr>\n<td width=\"76\">7.00<\/td>\n<td width=\"624\">1. + Anna Piekie\u0142ek od rodziny Lisowicz\u00f3w<\/p>\n<p>2.&nbsp; + Anna S\u0142owik od prawnuk\u00f3w z Hermanowej z rodzinami<\/td>\n<\/tr>\n<tr>\n<td width=\"76\">18.00<\/td>\n<td width=\"624\">1. + Szczepan Chmiel (17)<\/p>\n<p>2. + W\u0142adys\u0142aw Ko\u015bciak (17 rocz.), Apolonia, Piotr, Zofia<\/p>\n<p>3. + Helena Pa\u015bkiewicz od Stanis\u0142awy Pa\u015bko z rodzin\u0105 \u2013 zako\u0144czenie Mszy pogrzebowych<\/p>\n<p><em>+ Emil Borowiec (17) \u2013 Tarnoszyn<\/em><\/p>\n<p><em>+ Teresa Czapla od bratanicy Ewy &#8211; DKS<\/em><\/td>\n<\/tr>\n<\/tbody>\n<\/table>\n<p><strong>Wielki Czwartek: 18.04<\/strong><\/p>\n<table width=\"0\">\n<tbody>\n<tr>\n<td width=\"76\">18.00<\/td>\n<td width=\"624\">1 Dzi\u0119kczynna za dar kap\u0142a\u0144stwa i Eucharystii<\/p>\n<p>2. + Szczepan Chmiel (18)<\/p>\n<p>3. + Stanis\u0142aw \u017bmuda od Patrycji i Johna Goodrich<\/p>\n<p><em>+ Emil Borowiec (18)- Tarnoszyn<\/em><\/td>\n<\/tr>\n<\/tbody>\n<\/table>\n<p><strong>Wielka Sobota: 20.04<\/strong><\/p>\n<table width=\"0\">\n<tbody>\n<tr>\n<td width=\"76\">19.00<\/td>\n<td width=\"624\">1. + Szczepan Chmiel (19)<\/p>\n<p>2. + Helena, Marianna, Franciszek Go\u015b, ++ z rodziny<\/p>\n<p>3. + Helena, Stanis\u0142aw Guzik<\/p>\n<p><em>+ Emil Borowiec (19) \u2013 Tarnoszyn<\/em><\/td>\n<\/tr>\n<\/tbody>\n<\/table>\n<p><strong>WIELKA NIEDZIELA:21.04<\/strong><\/p>\n<table width=\"0\">\n<tbody>\n<tr>\n<td width=\"76\">6.00<\/td>\n<td width=\"624\">1. + Za parafian \u017cywych i zmar\u0142ych<\/p>\n<p>2. + Kotula Tadeusz (10 rocz.)<\/p>\n<p>3. + Wies\u0142awa, Stanis\u0142aw Piekie\u0142ek, Gra\u017cyna Paluch<\/td>\n<\/tr>\n<tr>\n<td width=\"76\">9.00<\/td>\n<td width=\"624\">1. + Eugeniusz Czajkowski (1 rocz.)<\/p>\n<p><em>+ Emil Borowiec (20) &#8211; Tarnoszyn<\/em><\/td>\n<\/tr>\n<tr>\n<td width=\"76\">10.30<\/td>\n<td width=\"624\">1. O b\u0142og. Bo\u017ce dla Oliwii w 18 urodziny<\/p>\n<p>2. O b\u0142og. Bo\u017ce dla Micha\u0142a w 16 urodziny<\/td>\n<\/tr>\n<tr>\n<td width=\"76\">12.00<\/td>\n<td width=\"624\">1 + Szczepan (20)<\/p>\n<p>2. O zdrowie i b\u0142og. Bo\u017ce dla Tymona<\/td>\n<\/tr>\n<\/tbody>\n<\/table>\n<p><strong>PONIEDZIA\u0141EK WIELKANOCNY:22.04<\/strong><\/p>\n<table width=\"0\">\n<tbody>\n<tr>\n<td width=\"76\">7.00<\/td>\n<td width=\"624\">1. + Maria, Marian, Zdzis\u0142aw Wac\u0142awek<\/td>\n<\/tr>\n<tr>\n<td width=\"76\">9.00<\/td>\n<td width=\"624\">1. + Szczepan (21)<\/p>\n<p>2. + Bogdan, J\u00f3zef Szcz\u0119ch<\/p>\n<p><em>+ Emil Borowiec (21) &#8211; Tarnoszyn<\/em><\/td>\n<\/tr>\n<tr>\n<td width=\"76\">10.30<\/td>\n<td width=\"624\">1. + Stanis\u0142aw \u017bmuda od Maryli z rodzin\u0105<\/p>\n<p>2. + Bronis\u0142aw, Gra\u017cyna Syno\u015b<\/td>\n<\/tr>\n<tr>\n<td width=\"76\">12.00<\/td>\n<td width=\"624\">1 Dzi\u0119kczynna i o Bo\u017ce b\u0142og. dla Darii w 18 urodziny<\/td>\n<\/tr>\n<\/tbody>\n<\/table>\n<p>&nbsp;Do u\u017cytku wewn\u0119trznego Parafii MB \u015anie\u017cnej!<strong><br \/>\n<\/strong><\/p>\n","protected":false},"excerpt":{"rendered":"<p>&#8230;<\/p>\n","protected":false},"author":1,"featured_media":5493,"comment_status":"closed","ping_status":"open","sticky":false,"template":"","format":"standard","meta":{"ngg_post_thumbnail":0,"footnotes":""},"categories":[4],"tags":[],"class_list":["post-5752","post","type-post","status-publish","format-standard","has-post-thumbnail","hentry","category-intencje"],"_links":{"self":[{"href":"https:\/\/mbsniezna.rzeszow.pl\/index.php\/wp-json\/wp\/v2\/posts\/5752","targetHints":{"allow":["GET"]}}],"collection":[{"href":"https:\/\/mbsniezna.rzeszow.pl\/index.php\/wp-json\/wp\/v2\/posts"}],"about":[{"href":"https:\/\/mbsniezna.rzeszow.pl\/index.php\/wp-json\/wp\/v2\/types\/post"}],"author":[{"embeddable":true,"href":"https:\/\/mbsniezna.rzeszow.pl\/index.php\/wp-json\/wp\/v2\/users\/1"}],"replies":[{"embeddable":true,"href":"https:\/\/mbsniezna.rzeszow.pl\/index.php\/wp-json\/wp\/v2\/comments?post=5752"}],"version-history":[{"count":1,"href":"https:\/\/mbsniezna.rzeszow.pl\/index.php\/wp-json\/wp\/v2\/posts\/5752\/revisions"}],"predecessor-version":[{"id":5753,"href":"https:\/\/mbsniezna.rzeszow.pl\/index.php\/wp-json\/wp\/v2\/posts\/5752\/revisions\/5753"}],"wp:featuredmedia":[{"embeddable":true,"href":"https:\/\/mbsniezna.rzeszow.pl\/index.php\/wp-json\/wp\/v2\/media\/5493"}],"wp:attachment":[{"href":"https:\/\/mbsniezna.rzeszow.pl\/index.php\/wp-json\/wp\/v2\/media?parent=5752"}],"wp:term":[{"taxonomy":"category","embeddable":true,"href":"https:\/\/mbsniezna.rzeszow.pl\/index.php\/wp-json\/wp\/v2\/categories?post=5752"},{"taxonomy":"post_tag","embeddable":true,"href":"https:\/\/mbsniezna.rzeszow.pl\/index.php\/wp-json\/wp\/v2\/tags?post=5752"}],"curies":[{"name":"wp","href":"https:\/\/api.w.org\/{rel}","templated":true}]}}