{"id":5765,"date":"2019-05-05T20:40:23","date_gmt":"2019-05-05T18:40:23","guid":{"rendered":"https:\/\/mbsniezna.rzeszow.pl\/?p=5765"},"modified":"2019-05-05T20:40:23","modified_gmt":"2019-05-05T18:40:23","slug":"intencje-mszalne-6-12-05-2019","status":"publish","type":"post","link":"https:\/\/mbsniezna.rzeszow.pl\/index.php\/2019\/05\/05\/intencje-mszalne-6-12-05-2019\/","title":{"rendered":"Intencje mszalne 6 \u2013 12.05.2019"},"content":{"rendered":"<p><strong>Poniedzia\u0142ek&nbsp; 6 maja<\/strong><\/p>\n<table width=\"0\">\n<tbody>\n<tr>\n<td width=\"76\">7.00<\/td>\n<td width=\"624\">1. + Andrzej Stopka (6)<\/p>\n<p>2. + Marianna, J\u00f3zef Waliccy<\/td>\n<\/tr>\n<tr>\n<td width=\"76\">18.00<\/td>\n<td width=\"624\">1 +&nbsp; Stanis\u0142aw, Edward, Anna, Karol Mazur<\/p>\n<p>2. + Czes\u0142aw Cyganik<\/p>\n<p>3. + Pawe\u0142 Gorczyca&nbsp; od Alfredy i Stanis\u0142awa Witowskich<\/p>\n<p><em>+ Roman Pa\u0142ka (6) od s\u0105siad\u00f3w Dryj\u00f3w- Tarnoszyn<\/em><\/p>\n<p><em>+ Zbigniew Filip od rodziny Krzto\u0144\u2013 Dom Ksi\u0119\u017cy Senior\u00f3w Rzesz\u00f3w-S\u0142ocina (DKS)<\/em><\/p>\n<p><em>+ Zofia Bana\u015b od Si\u00f3str Franciszkanek Rodziny Maryi z Budziwoja \u2013 Hajfa (Izrael)<\/em><\/td>\n<\/tr>\n<\/tbody>\n<\/table>\n<p><strong>Wtorek&nbsp; 7 maja<\/strong><\/p>\n<table width=\"0\">\n<tbody>\n<tr>\n<td width=\"76\">7.00<\/td>\n<td width=\"624\">1. + Andrzej Stopka (7)<\/td>\n<\/tr>\n<tr>\n<td width=\"76\">18.00<\/td>\n<td width=\"624\">1. + Anna, Stanis\u0142aw, Karolina Soleccy<\/p>\n<p>2. + Franciszka, Franciszek<\/p>\n<p>3. + Jerzy Pasierb<\/p>\n<p><em>+ Roman Pa\u0142ka (7) od s\u0105siad\u00f3w Mazur &#8211; Tarnoszyn<\/em><\/p>\n<p><em>+ Zbigniew Filip od rodziny Matu\u0142\u00f3w &nbsp;&#8211; DKS<\/em><\/p>\n<p><em>+ Zofia Bana\u015b od Janiny i Eugeniusza Pa\u0142ka&nbsp; \u2013 Hajfa <\/em><\/td>\n<\/tr>\n<\/tbody>\n<\/table>\n<p>&nbsp;<strong>\u015aroda 8 maja<\/strong><\/p>\n<table width=\"0\">\n<tbody>\n<tr>\n<td width=\"76\">7.00<\/td>\n<td width=\"624\">1. + Andrzej Stopka (8)<\/td>\n<\/tr>\n<tr>\n<td width=\"76\">18.00<\/td>\n<td width=\"624\">1. + Stanis\u0142aw, Wiktoria Zych, ++ z rodziny<\/p>\n<p>2&nbsp; + Stanis\u0142aw Ziemniak<\/p>\n<p>3. + Stanis\u0142aw, Katarzyna Ko\u015bci\u00f3\u0142ek<\/p>\n<p>4. + Anna G\u0142odowska od Zdzis\u0142awa Myrda<\/p>\n<p><em>+ Roman Pa\u0142ka (8) od chrzestnych Bo\u017ceny i Janusza z rodzinami &#8211; Tarnoszyn<\/em><\/p>\n<p><em>+ Zbigniew Filip od rodziny Ra\u0142owskich &#8211; &nbsp;DKS<\/em><\/p>\n<p><em>+Zofia Bana\u015b od Zofii Jacek z rodzin\u0105 &#8211; Hajfa<\/em><\/td>\n<\/tr>\n<\/tbody>\n<\/table>\n<p><strong>Czwartek 9 maja<\/strong><\/p>\n<table width=\"0\">\n<tbody>\n<tr>\n<td width=\"76\">7.00<\/td>\n<td width=\"624\">1. + Andrzej Stopka (9)<\/td>\n<\/tr>\n<tr>\n<td width=\"76\">18.00<\/td>\n<td width=\"624\">1 + Stanis\u0142awa, Pawe\u0142 Mikrut<\/p>\n<p>2. + J\u00f3zef, Stanis\u0142awa, Zofia, Eugeniusz Skoczylas, Bogus\u0142aw Baran<\/p>\n<p>3. + Janusz Bury od syna Damiana<\/p>\n<p><em>+ Roman Pa\u0142ka (9) od W\u0142adys\u0142awa i Czes\u0142awy Kuter &#8211; Tarnoszyn<\/em><\/p>\n<p><em>+ Zbigniew Filip od rodziny Piz\u0142\u00f3w- DKS<\/em><\/p>\n<p><em>+ Zofia Bana\u015b od Ma\u0142gorzaty i Eugeniusza Demk\u00f3w z rodzin\u0105 &#8211; Hajfa<\/em><\/td>\n<\/tr>\n<\/tbody>\n<\/table>\n<p><strong>Pi\u0105tek 10 maja<\/strong><\/p>\n<table width=\"0\">\n<tbody>\n<tr>\n<td width=\"76\">7.00<\/td>\n<td width=\"624\">1. + Andrzej Stopka (10)<\/td>\n<\/tr>\n<tr>\n<td width=\"76\">18.00<\/td>\n<td width=\"624\">1. + Anna Nitka (4 rocz.) od m\u0119\u017ca z rodzin\u0105<\/p>\n<p>2. + Janusz, \u0141ukasz Pa\u015bko (7 rocz.);&nbsp; Helena, Antoni Borowiec;&nbsp; Zofia, Antoni Pa\u015bko<\/p>\n<p>3. + Anna S\u0142owik od siostry Marii Cis\u0142o z Hermanowej<\/p>\n<p>4. + Janusz Najda od Moniki i Krzysztofa z dzie\u0107mi<\/p>\n<p><em>+ Roman Pa\u0142ka (10) od rodziny Tonder\u00f3w i G\u00f3rk\u00f3w \u2013 Tarnoszyn<\/em><\/p>\n<p><em>+ Zbigniew Filip od rodziny Raczak\u00f3w &#8211; DKS<\/em><\/td>\n<\/tr>\n<\/tbody>\n<\/table>\n<p><strong>Sobota 11 maja<\/strong><\/p>\n<table width=\"0\">\n<tbody>\n<tr>\n<td width=\"76\">7.00<\/td>\n<td width=\"624\">1. + Andrzej Stopka (11)<\/td>\n<\/tr>\n<tr>\n<td width=\"76\">18.00<\/td>\n<td width=\"624\">1 + Zofia, Tomasz Pr\u0119dki<\/p>\n<p>2. + Daniel Pawlak (17 rocz.)<\/p>\n<p>3. + Leon Dr\u0105\u017cek<\/p>\n<p>4. W intencji \u017cywych i zmar\u0142ych stra\u017cak\u00f3w OSP Rzesz\u00f3w-Budziw\u00f3j i OSP Rzesz\u00f3w- D\u0119bina<\/p>\n<p><em>+ Roman Pa\u0142ka (11) od Barbary i Marka Kotula- Tarnoszyn<\/em><\/p>\n<p><em>+ Zbigniew Filip od rodziny Homik\u00f3w- DKS<\/em><\/p>\n<p><em>+ Zofia Bana\u015b od Krystyny Jakubowskiej z rodzina &#8211; Hajfa<\/em><\/td>\n<\/tr>\n<\/tbody>\n<\/table>\n<p><strong>NIEDZIELA 12 maja<\/strong><\/p>\n<table width=\"0\">\n<tbody>\n<tr>\n<td width=\"76\">7.00<\/td>\n<td width=\"624\">1. + Maria (6 rocz.) ++ z rodziny<\/td>\n<\/tr>\n<tr>\n<td width=\"76\">9.00<\/td>\n<td width=\"624\">1. ++ z rodziny Buczak i Chru\u015bcik<\/p>\n<p>2. + Zofia Bochenek, J\u00f3zef<\/td>\n<\/tr>\n<tr>\n<td width=\"76\">10.30<\/td>\n<td width=\"624\">1. + Bronis\u0142aw Pa\u0142ka, ++ z rodziny Pa\u0142k\u00f3w<\/p>\n<p><em>+ Roman Pa\u0142ka (12) od rodziny Trojanowskich i Szczepanik\u00f3w \u2013 Tarnoszyn<\/em><\/p>\n<p><em>+ Zofia Bana\u015b od syna z \u017con\u0105 &#8211; Hajfa<\/em><\/td>\n<\/tr>\n<tr>\n<td width=\"76\">12.00<\/td>\n<td width=\"624\">1 W intencji dzieci rocznicowych&nbsp; i ich rodzin<\/td>\n<\/tr>\n<tr>\n<td width=\"76\">16.00<\/td>\n<td width=\"624\">1. + Andrzej Stopka (12)<\/td>\n<\/tr>\n<tr>\n<td width=\"76\">18.00<\/td>\n<td width=\"624\">1. + Za parafian \u017cywych i zmar\u0142ych<\/td>\n<\/tr>\n<\/tbody>\n<\/table>\n<p>Tylko do u\u017cytku wewn\u0119trznego Parafii MB \u015anie\u017cnej w Rzeszowie!<\/p>\n","protected":false},"excerpt":{"rendered":"<p>&#8230;<\/p>\n","protected":false},"author":1,"featured_media":5483,"comment_status":"closed","ping_status":"open","sticky":false,"template":"","format":"standard","meta":{"ngg_post_thumbnail":0,"footnotes":""},"categories":[14],"tags":[],"class_list":["post-5765","post","type-post","status-publish","format-standard","has-post-thumbnail","hentry","category-ogloszenia_duszp"],"_links":{"self":[{"href":"https:\/\/mbsniezna.rzeszow.pl\/index.php\/wp-json\/wp\/v2\/posts\/5765","targetHints":{"allow":["GET"]}}],"collection":[{"href":"https:\/\/mbsniezna.rzeszow.pl\/index.php\/wp-json\/wp\/v2\/posts"}],"about":[{"href":"https:\/\/mbsniezna.rzeszow.pl\/index.php\/wp-json\/wp\/v2\/types\/post"}],"author":[{"embeddable":true,"href":"https:\/\/mbsniezna.rzeszow.pl\/index.php\/wp-json\/wp\/v2\/users\/1"}],"replies":[{"embeddable":true,"href":"https:\/\/mbsniezna.rzeszow.pl\/index.php\/wp-json\/wp\/v2\/comments?post=5765"}],"version-history":[{"count":1,"href":"https:\/\/mbsniezna.rzeszow.pl\/index.php\/wp-json\/wp\/v2\/posts\/5765\/revisions"}],"predecessor-version":[{"id":5766,"href":"https:\/\/mbsniezna.rzeszow.pl\/index.php\/wp-json\/wp\/v2\/posts\/5765\/revisions\/5766"}],"wp:featuredmedia":[{"embeddable":true,"href":"https:\/\/mbsniezna.rzeszow.pl\/index.php\/wp-json\/wp\/v2\/media\/5483"}],"wp:attachment":[{"href":"https:\/\/mbsniezna.rzeszow.pl\/index.php\/wp-json\/wp\/v2\/media?parent=5765"}],"wp:term":[{"taxonomy":"category","embeddable":true,"href":"https:\/\/mbsniezna.rzeszow.pl\/index.php\/wp-json\/wp\/v2\/categories?post=5765"},{"taxonomy":"post_tag","embeddable":true,"href":"https:\/\/mbsniezna.rzeszow.pl\/index.php\/wp-json\/wp\/v2\/tags?post=5765"}],"curies":[{"name":"wp","href":"https:\/\/api.w.org\/{rel}","templated":true}]}}