{"id":5767,"date":"2019-05-05T20:41:39","date_gmt":"2019-05-05T18:41:39","guid":{"rendered":"https:\/\/mbsniezna.rzeszow.pl\/?p=5767"},"modified":"2019-05-05T20:41:39","modified_gmt":"2019-05-05T18:41:39","slug":"ogloszenia-na-iii-niedziele-wielkanocna-05-05-2019-r","status":"publish","type":"post","link":"https:\/\/mbsniezna.rzeszow.pl\/index.php\/2019\/05\/05\/ogloszenia-na-iii-niedziele-wielkanocna-05-05-2019-r\/","title":{"rendered":"Og\u0142oszenia na III Niedziel\u0119 Wielkanocn\u0105, 05.05.2019 r."},"content":{"rendered":"<p>III NIEDZIELA WIELKANOCNA<br \/>\n5 MAJA 2019 R.<\/p>\n<p>1.\tZapraszamy na nabo\u017ce\u0144stwa majowe: w dni powszednie po Mszy \u015bw. o 18.00 a w niedziele o 15.30.<\/p>\n<p>2.\tJutro (poniedzia\u0142ek) o 19.00 w ko\u015bciele pr\u00f3ba dla dzieci rocznicowych z klas IV-tych.<\/p>\n<p>3.\tWe wtorek o 14.00 pogrzeb \u015bp. Stanis\u0142awa Trojan z Pu\u0142anku.<\/p>\n<p>4.\tW \u015brod\u0119 uroczysto\u015b\u0107 \u015bw. Stanis\u0142awa biskupa i m\u0119czennika \u2013 patrona Polski. O godz. 19.00 pr\u00f3ba dla kandydat\u00f3w do bierzmowania \u2013 obecno\u015b\u0107 obowi\u0105zkowa.<\/p>\n<p>5.\tW czwartek adoracja i spowied\u017a od 17.15. Po Mszy \u015bw. na plebanii spotkanie formacyjne dla lider\u00f3w newpastoral \u2013 grupy domowe.  Zapraszamy.<\/p>\n<p>6.\tW pi\u0105tek spotkania oazy: m\u0142odszej przed Msz\u0105, a starszej po Mszy \u015bw. Rozpocz\u0119\u0142y si\u0119 zapisy na wakacyjne rekolekcje oazowe \u2013 szczeg\u00f3\u0142y na FB.<\/p>\n<p>7.\tW pi\u0105tek po Mszy wieczornej pr\u00f3ba \u015bpiewu dla dzieci komunijnych.<\/p>\n<p>8.\tW sobot\u0119 o 16.00 spowied\u017a dla dzieci rocznicowych \u2013 zapraszamy dzieci, rodzic\u00f3w, rodzic\u00f3w chrzestnych, rodze\u0144stwo i dziadk\u00f3w.<\/p>\n<p>9.\tPrzysz\u0142a niedziela jest Niedziel\u0105 Dobrego Pasterza, kt\u00f3ra rozpoczyna Tydzie\u0144 Modlitwa o powo\u0142ania kap\u0142a\u0144skie, zakonne i misyjne. Go\u015bci\u0107 b\u0119dziemy ojca duchownego ks. Jacka Szcz\u0119cha i 2 kleryk\u00f3w z rzeszowskiego Seminarium Duchownego. Po Mszach \u015bw. o 10.30 i 12.00 spotkania dla ministrant\u00f3w w salce pod ko\u015bcio\u0142em.<\/p>\n<p>10.\tW przysz\u0142\u0105 niedziel\u0119 na Mszy \u015bw. o 12.00 rocznica I Komunii dla dzieci z klas IV-tych.<\/p>\n<p>11.\tZapowiedzi: Krzysztof Kot \u2013 Agnieszka G\u0119bska (zap. I); Miros\u0142aw Tendelski \u2013 Angelika Krawczyk (zap. II).<\/p>\n<p>12.\tB\u00f3g zap\u0142a\u0107  za ofiary na sprz\u0105tanie ko\u015bcio\u0142a, w tym tygodniu z ul. Budziwojskiej prosimy rodziny: Janiny Pr\u0119dkiej, Stanis\u0142awy T\u0142uczek, Ryszarda Mi\u0105sik, Ma\u0142gorzaty Mi\u0105sik, Marii Mi\u0105sik, Joanny Mi\u0105sik,  Kamili Grys, Waldemara Podg\u00f3rskiego, Agnieszki Podg\u00f3rskiej, W\u0142adys\u0142awy Podg\u00f3rskiej, Renaty Trzyna, Zdzis\u0142awa Kotula.<\/p>\n<p>13.\tTrwa zbi\u00f3rka makulatury na pomoc misjom w Zambii. Kolejny kontener postawiony jest na parkingu.<\/p>\n<p>Tylko do u\u017cytku wewn\u0119trznego Parafii MB \u015anie\u017cnej w Rzeszowie!<\/p>\n","protected":false},"excerpt":{"rendered":"<p>&#8230;<\/p>\n","protected":false},"author":1,"featured_media":5470,"comment_status":"closed","ping_status":"open","sticky":false,"template":"","format":"standard","meta":{"ngg_post_thumbnail":0,"footnotes":""},"categories":[14],"tags":[],"class_list":["post-5767","post","type-post","status-publish","format-standard","has-post-thumbnail","hentry","category-ogloszenia_duszp"],"_links":{"self":[{"href":"https:\/\/mbsniezna.rzeszow.pl\/index.php\/wp-json\/wp\/v2\/posts\/5767","targetHints":{"allow":["GET"]}}],"collection":[{"href":"https:\/\/mbsniezna.rzeszow.pl\/index.php\/wp-json\/wp\/v2\/posts"}],"about":[{"href":"https:\/\/mbsniezna.rzeszow.pl\/index.php\/wp-json\/wp\/v2\/types\/post"}],"author":[{"embeddable":true,"href":"https:\/\/mbsniezna.rzeszow.pl\/index.php\/wp-json\/wp\/v2\/users\/1"}],"replies":[{"embeddable":true,"href":"https:\/\/mbsniezna.rzeszow.pl\/index.php\/wp-json\/wp\/v2\/comments?post=5767"}],"version-history":[{"count":1,"href":"https:\/\/mbsniezna.rzeszow.pl\/index.php\/wp-json\/wp\/v2\/posts\/5767\/revisions"}],"predecessor-version":[{"id":5768,"href":"https:\/\/mbsniezna.rzeszow.pl\/index.php\/wp-json\/wp\/v2\/posts\/5767\/revisions\/5768"}],"wp:featuredmedia":[{"embeddable":true,"href":"https:\/\/mbsniezna.rzeszow.pl\/index.php\/wp-json\/wp\/v2\/media\/5470"}],"wp:attachment":[{"href":"https:\/\/mbsniezna.rzeszow.pl\/index.php\/wp-json\/wp\/v2\/media?parent=5767"}],"wp:term":[{"taxonomy":"category","embeddable":true,"href":"https:\/\/mbsniezna.rzeszow.pl\/index.php\/wp-json\/wp\/v2\/categories?post=5767"},{"taxonomy":"post_tag","embeddable":true,"href":"https:\/\/mbsniezna.rzeszow.pl\/index.php\/wp-json\/wp\/v2\/tags?post=5767"}],"curies":[{"name":"wp","href":"https:\/\/api.w.org\/{rel}","templated":true}]}}