{"id":5776,"date":"2019-05-21T17:16:17","date_gmt":"2019-05-21T15:16:17","guid":{"rendered":"https:\/\/mbsniezna.rzeszow.pl\/?p=5776"},"modified":"2019-05-21T17:18:41","modified_gmt":"2019-05-21T15:18:41","slug":"intencje-mszalne-20-26-05-2019","status":"publish","type":"post","link":"https:\/\/mbsniezna.rzeszow.pl\/index.php\/2019\/05\/21\/intencje-mszalne-20-26-05-2019\/","title":{"rendered":"Intencje mszalne 20 \u2013 26.05.2019"},"content":{"rendered":"<p><strong>Poniedzia\u0142ek&nbsp; 20 &nbsp;maja<\/strong><\/p>\n<table width=\"0\">\n<tbody>\n<tr>\n<td width=\"76\">7.00<\/td>\n<td width=\"624\">1. + Andrzej&nbsp; Stopka(20)<\/p>\n<p>2. + Danuta Bednarz od Renaty i Miros\u0142awa Warcho\u0142<\/td>\n<\/tr>\n<tr>\n<td width=\"76\">18.00<\/td>\n<td width=\"624\">1 + Marianna, Boles\u0142aw Piekarz, ++ z rodziny<\/p>\n<p>2. O zdrowie i szcz\u0119\u015bliw\u0105 operacje dla Huberta<\/p>\n<p><em>+ Roman Pa\u0142ka (20) od rodziny Pi\u0119t\u00f3w z Tyczyna &#8211; Tarnoszyn<\/em><\/p>\n<p><em>+ Stefan Rzeszutko od rodziny Bomb\u00f3w\u2013 Dom Ksi\u0119\u017cy Senior\u00f3w Rzesz\u00f3w-S\u0142ocina (DKS)<\/em><\/p>\n<p><em>+ Edward Witek od rodziny Rybk\u00f3w \u2013 Hajfa (Izrael)<\/em><\/td>\n<\/tr>\n<\/tbody>\n<\/table>\n<p><strong>Wtorek&nbsp; 21 maja<\/strong><\/p>\n<table width=\"0\">\n<tbody>\n<tr>\n<td width=\"76\">7.00<\/td>\n<td width=\"624\">1. + Andrzej Stopka (21)<\/td>\n<\/tr>\n<tr>\n<td width=\"76\">18.00<\/td>\n<td width=\"624\">1. + W\u0142adys\u0142aw, Stefania, Eugeniusz (16 rocz.) Nowicki<\/p>\n<p>2. + Zofia Pa\u015bko<\/p>\n<p>3. W intencjach Dariusza w 50 urodziny<\/p>\n<p><em>+ Roman Pa\u0142ka (21) od rodziny Medygra\u0142\u00f3w- Tarnoszyn<\/em><\/p>\n<p><em>+ Stefan Rzeszutko od rodziny Kotul\u00f3w &nbsp;&#8211; DKS<\/em><\/p>\n<p><em>+ Edward Witek od rodziny Rybk\u00f3w- Hajfa<\/em><\/td>\n<\/tr>\n<\/tbody>\n<\/table>\n<p>&nbsp;<strong>\u015aroda 22 maja<\/strong><\/p>\n<table width=\"0\">\n<tbody>\n<tr>\n<td width=\"76\">7.00<\/td>\n<td width=\"624\">1. + Andrzej Stopka (22)<\/p>\n<p>2. Zofia Skoczylas od Myrd\u00f3w z Siedlisk i Matu\u0142\u00f3w z Boguchwa\u0142y<\/td>\n<\/tr>\n<tr>\n<td width=\"76\">18.00<\/td>\n<td width=\"624\">1. + Edward G\u0142odowski (3 rocz.)<\/p>\n<p>2&nbsp; + Jerzy Pasierb od rodziny Buka\u0142\u00f3w<\/p>\n<p><em>+ Roman Pa\u0142ka (22) od Teresy i Romana Pa\u015bko &#8211; Tarnoszyn<\/em><\/p>\n<p><em>+ Stefan Rzeszutko od rodziny Stec\u00f3w- &nbsp;DKS<\/em><\/p>\n<p><em>+ Edward Witek od rodz. Rybk\u00f3w &#8211; Hajfa<\/em><\/td>\n<\/tr>\n<\/tbody>\n<\/table>\n<p><strong>Czwartek 23 maja<\/strong><\/p>\n<table width=\"0\">\n<tbody>\n<tr>\n<td width=\"76\">7.00<\/td>\n<td width=\"624\">1. + Andrzej Stopka (23)<\/p>\n<p>2. + Janusz Najda 2 rocz.<\/td>\n<\/tr>\n<tr>\n<td width=\"76\">18.00<\/td>\n<td width=\"624\">1 + Zofia Brzezi\u0144ska<\/p>\n<p>2. + Wac\u0142aw Michalicha<\/p>\n<p><em>+ Roman Pa\u0142ka (23) od Bo\u017ceny i Ryszarda Fornal z rodz.- Tarnoszyn<\/em><\/p>\n<p><em>+ Stefan Rzeszutko od Mariana i Jana Pr\u0119dkiego- DKS<\/em><\/p>\n<p><em>+ Edward Witek od rodziny Rybk\u00f3w &#8211; Hajfa<\/em><\/td>\n<\/tr>\n<\/tbody>\n<\/table>\n<p><strong>Pi\u0105tek 24 maja<\/strong><\/p>\n<table width=\"0\">\n<tbody>\n<tr>\n<td width=\"76\">7.00<\/td>\n<td width=\"624\">1. + Andrzej Stopka (24)<\/td>\n<\/tr>\n<tr>\n<td width=\"76\">18.00<\/td>\n<td width=\"624\">1. + Anna, Paulina Ku\u017aniar, Janina Gierlach<\/p>\n<p>2&nbsp;&nbsp; + Stanis\u0142aw Gawron (11 rocz.)<\/p>\n<p>3. + Dzi\u0119kczynna i o Bo\u017ce b\u0142og.<\/p>\n<p><em>+ Roman Pa\u0142ka (24) od rodz. Ziemniak\u00f3w\u2013 Tarnoszyn<\/em><\/p>\n<p><em>+ Stefan Rzeszutko od rodz. Sysolak\u00f3w \u2013 DKS<\/em><\/p>\n<p><em>+ Edward Witek od mieszka\u0144c\u00f3w ul. Sportowc\u00f3w &#8211; Hajfa<\/em><\/td>\n<\/tr>\n<\/tbody>\n<\/table>\n<p><strong>Sobota 25 maja<\/strong><\/p>\n<table width=\"0\">\n<tbody>\n<tr>\n<td width=\"76\">7.00<\/td>\n<td width=\"624\">1. + Andrzej Stopka (25)<\/td>\n<\/tr>\n<tr>\n<td width=\"76\">18.00<\/td>\n<td width=\"624\">1&nbsp; + Jerzy Pasierb<\/p>\n<p>2. + Zofia, Mieczys\u0142aw Fieber<\/p>\n<p>3. + Stanis\u0142awa B\u0142o\u0144ska<\/p>\n<p><em>+ Roman Pa\u0142ka (18) od s\u0105siad\u00f3w Kowalczyk\u00f3w -Tarnoszyn<\/em><\/p>\n<p><em>+ Stefan Rzeszutko od rodziny Baran z Podle\u015bnej- DKS<\/em><\/p>\n<p><em>+ Edward Witek od mieszka\u0144c\u00f3w ul. Sportowc\u00f3w &#8211; Hajfa<\/em><\/td>\n<\/tr>\n<\/tbody>\n<\/table>\n<p><strong>NIEDZIELA 26 maja<\/strong><\/p>\n<table width=\"0\">\n<tbody>\n<tr>\n<td width=\"76\">7.00<\/td>\n<td width=\"624\">1. + Wiktoria Borowiec (12 rocz.)<\/td>\n<\/tr>\n<tr>\n<td width=\"76\">9.00<\/td>\n<td width=\"624\">1. + Maria, Stanis\u0142aw Chmiel<\/td>\n<\/tr>\n<tr>\n<td width=\"76\">10.30<\/td>\n<td width=\"624\">1. + Andrzej Stopka (26)<\/p>\n<p>2. + Maria, Bronis\u0142awa, W\u0142adys\u0142aw Siwy<\/td>\n<\/tr>\n<tr>\n<td width=\"76\">12.00<\/td>\n<td width=\"624\">1. Za parafian \u017cywych i zmar\u0142ych<\/p>\n<p><em>+ Roman Pa\u0142ka (26) od Renaty Krok z rodz. \u2013 Tarnoszyn<\/em><\/p>\n<p><em>+ Edward Witek od mieszka\u0144c\u00f3w ul. Sportowc\u00f3w &#8211; Hajfa<\/em><\/td>\n<\/tr>\n<tr>\n<td width=\"76\">16.00<\/td>\n<td width=\"624\">1. + Czes\u0142awa Ziemniak, Maria Mucha<\/td>\n<\/tr>\n<tr>\n<td width=\"76\">18.00<\/td>\n<td width=\"624\">1. + J\u00f3zef, Maria, Tadeusz, Mieczys\u0142aw, W\u0142adys\u0142awa G\u0142odowscy<\/td>\n<\/tr>\n<\/tbody>\n<\/table>\n<p>Do u\u017cytku wewn\u0119trznego Parafii MB \u015anie\u017cnej w Rzeszowie!<\/p>\n","protected":false},"excerpt":{"rendered":"<p>&#8230;<\/p>\n","protected":false},"author":1,"featured_media":5479,"comment_status":"closed","ping_status":"open","sticky":false,"template":"","format":"standard","meta":{"ngg_post_thumbnail":0,"footnotes":""},"categories":[4],"tags":[],"class_list":["post-5776","post","type-post","status-publish","format-standard","has-post-thumbnail","hentry","category-intencje"],"_links":{"self":[{"href":"https:\/\/mbsniezna.rzeszow.pl\/index.php\/wp-json\/wp\/v2\/posts\/5776","targetHints":{"allow":["GET"]}}],"collection":[{"href":"https:\/\/mbsniezna.rzeszow.pl\/index.php\/wp-json\/wp\/v2\/posts"}],"about":[{"href":"https:\/\/mbsniezna.rzeszow.pl\/index.php\/wp-json\/wp\/v2\/types\/post"}],"author":[{"embeddable":true,"href":"https:\/\/mbsniezna.rzeszow.pl\/index.php\/wp-json\/wp\/v2\/users\/1"}],"replies":[{"embeddable":true,"href":"https:\/\/mbsniezna.rzeszow.pl\/index.php\/wp-json\/wp\/v2\/comments?post=5776"}],"version-history":[{"count":2,"href":"https:\/\/mbsniezna.rzeszow.pl\/index.php\/wp-json\/wp\/v2\/posts\/5776\/revisions"}],"predecessor-version":[{"id":5780,"href":"https:\/\/mbsniezna.rzeszow.pl\/index.php\/wp-json\/wp\/v2\/posts\/5776\/revisions\/5780"}],"wp:featuredmedia":[{"embeddable":true,"href":"https:\/\/mbsniezna.rzeszow.pl\/index.php\/wp-json\/wp\/v2\/media\/5479"}],"wp:attachment":[{"href":"https:\/\/mbsniezna.rzeszow.pl\/index.php\/wp-json\/wp\/v2\/media?parent=5776"}],"wp:term":[{"taxonomy":"category","embeddable":true,"href":"https:\/\/mbsniezna.rzeszow.pl\/index.php\/wp-json\/wp\/v2\/categories?post=5776"},{"taxonomy":"post_tag","embeddable":true,"href":"https:\/\/mbsniezna.rzeszow.pl\/index.php\/wp-json\/wp\/v2\/tags?post=5776"}],"curies":[{"name":"wp","href":"https:\/\/api.w.org\/{rel}","templated":true}]}}