{"id":5778,"date":"2019-05-21T17:18:09","date_gmt":"2019-05-21T15:18:09","guid":{"rendered":"https:\/\/mbsniezna.rzeszow.pl\/?p=5778"},"modified":"2019-05-21T17:18:09","modified_gmt":"2019-05-21T15:18:09","slug":"ogloszenia-na-v-niedziele-wielkanocna-19-05-2019-r","status":"publish","type":"post","link":"https:\/\/mbsniezna.rzeszow.pl\/index.php\/2019\/05\/21\/ogloszenia-na-v-niedziele-wielkanocna-19-05-2019-r\/","title":{"rendered":"Og\u0142oszenia na V Niedziel\u0119 Wielkanocn\u0105, 19.05.2019 r."},"content":{"rendered":"<p>V NIEDZIELA WIELKANOCNA \u2013 OG\u0141OSZENIA<br \/>\n19 MAJA 2019 R.<\/p>\n<p>1.\tDzisiaj na Mszy \u015bw. o godz. 12.00 I Komunia \u015bw. do kt\u00f3rej przyst\u0105pi 37 dzieci z klas III. Rodzicom bardzo serdecznie dzi\u0119kujemy za dar o\u0142tarza \u2013 2 ornaty, za zakup kwiat\u00f3w oraz za op\u0142acenie mycia okien w ko\u015bciele i koszenia trawy wok\u00f3\u0142 ko\u015bcio\u0142a. Dzieci komunijne i ich najbli\u017cszych zapraszamy na Bia\u0142y Tydzie\u0144 od poniedzia\u0142ku  do pi\u0105tku na godz. 18.00. W sobot\u0119 rano dzieci wyje\u017cd\u017caj\u0105 na pielgrzymk\u0119 do Kalwarii Pac\u0142awskiej.<\/p>\n<p>2.\tDzisiaj o 15.30 nabo\u017ce\u0144stwo majowe, w tygodniu po Mszy wieczornej.<\/p>\n<p>3.\tWe \u015brod\u0119 wspomnienie \u015bw. Rity.<\/p>\n<p>4.\tW czwartek adoracja od 17.15 i spowied\u017a.<\/p>\n<p>5.\tB\u00f3g zap\u0142a\u0107 za ofiary na sprz\u0105tanie ko\u015bcio\u0142a, w tym tygodniu z ul. Budziwojskiej prosimy rodziny: Stanis\u0142awy Pi\u0119ta, Bo\u017ceny Panasiuk, Jadwigi Sosnowskiej, Zofii Pa\u015bko, Zofii Myszka, Aleksandry Wo\u017anica, Gra\u017cyny Wo\u017anica, Marii Pa\u015bko, Jolanty Malinowskiej, Aleksandry Bomba, Marii Gutkowskiej, Haliny Mita\u0142.<\/p>\n<p>6.\tZapowiedzi: Marek Jakubiec \u2013 Aleksandra Piesowicz (zap. I), K. Kot \u2013 A. G\u0119bska (zap. III).<\/p>\n<p>7.\tW przysz\u0142\u0105 niedziel\u0119 na Mszy \u015bw. o godz. 12.00 rodak budziwojski ks. Jacek Ocieczek \u2013 saletyn obchodzi\u0142 b\u0119dzie jubileusz 25-lecia kap\u0142a\u0144stwa. R\u00f3\u017caniec r\u00f3\u017ca Marii Mr\u00f3z.<\/p>\n<p>8.\tW przysz\u0142\u0105 niedziel\u0119 wybory do europarlamentu. W wyborach starajmy si\u0119 uczestniczy\u0107. Pami\u0119tajmy, \u017ce od g\u0142osu ka\u017cdego z nas zale\u017cy jakie b\u0119dzie oblicze Europy. Jako ludzie wierz\u0105cy i patrioci wybierzmy takich kandydat\u00f3w, kt\u00f3rzy b\u0119d\u0105 sta\u0107 na stra\u017cy warto\u015bci chrze\u015bcija\u0144skich i to\u017csamo\u015bci narodowej Polski.<\/p>\n<p>Do u\u017cytku wewn\u0119trznego Parafii MB \u015anie\u017cnej w Rzeszowie!<\/p>\n","protected":false},"excerpt":{"rendered":"<p>&#8230;<\/p>\n","protected":false},"author":1,"featured_media":5488,"comment_status":"closed","ping_status":"open","sticky":false,"template":"","format":"standard","meta":{"ngg_post_thumbnail":0,"footnotes":""},"categories":[14],"tags":[],"class_list":["post-5778","post","type-post","status-publish","format-standard","has-post-thumbnail","hentry","category-ogloszenia_duszp"],"_links":{"self":[{"href":"https:\/\/mbsniezna.rzeszow.pl\/index.php\/wp-json\/wp\/v2\/posts\/5778","targetHints":{"allow":["GET"]}}],"collection":[{"href":"https:\/\/mbsniezna.rzeszow.pl\/index.php\/wp-json\/wp\/v2\/posts"}],"about":[{"href":"https:\/\/mbsniezna.rzeszow.pl\/index.php\/wp-json\/wp\/v2\/types\/post"}],"author":[{"embeddable":true,"href":"https:\/\/mbsniezna.rzeszow.pl\/index.php\/wp-json\/wp\/v2\/users\/1"}],"replies":[{"embeddable":true,"href":"https:\/\/mbsniezna.rzeszow.pl\/index.php\/wp-json\/wp\/v2\/comments?post=5778"}],"version-history":[{"count":1,"href":"https:\/\/mbsniezna.rzeszow.pl\/index.php\/wp-json\/wp\/v2\/posts\/5778\/revisions"}],"predecessor-version":[{"id":5779,"href":"https:\/\/mbsniezna.rzeszow.pl\/index.php\/wp-json\/wp\/v2\/posts\/5778\/revisions\/5779"}],"wp:featuredmedia":[{"embeddable":true,"href":"https:\/\/mbsniezna.rzeszow.pl\/index.php\/wp-json\/wp\/v2\/media\/5488"}],"wp:attachment":[{"href":"https:\/\/mbsniezna.rzeszow.pl\/index.php\/wp-json\/wp\/v2\/media?parent=5778"}],"wp:term":[{"taxonomy":"category","embeddable":true,"href":"https:\/\/mbsniezna.rzeszow.pl\/index.php\/wp-json\/wp\/v2\/categories?post=5778"},{"taxonomy":"post_tag","embeddable":true,"href":"https:\/\/mbsniezna.rzeszow.pl\/index.php\/wp-json\/wp\/v2\/tags?post=5778"}],"curies":[{"name":"wp","href":"https:\/\/api.w.org\/{rel}","templated":true}]}}